{"id":46781,"date":"2021-08-29T01:42:02","date_gmt":"2021-08-28T21:42:02","guid":{"rendered":"https:\/\/fedai.az\/?p=46781"},"modified":"2021-08-29T01:42:06","modified_gmt":"2021-08-28T21:42:06","slug":"abs-qosunlari-da-kabil-aeroportunu-t%c9%99rk-edir","status":"publish","type":"post","link":"https:\/\/fedai.az\/?p=46781","title":{"rendered":"AB\u015e qo\u015funlar\u0131 da Kabil aeroportunu t\u0259rk edir"},"content":{"rendered":"\n<p><strong>AB\u015e \u00f6z h\u0259rbi kontingentini Kabil aeroportundan \u00e7\u0131xarma\u011fa v\u0259 avadanl\u0131\u011f\u0131n\u0131 da\u015f\u0131ma\u011fa ba\u015flay\u0131b.<\/strong><\/p>\n\n\n\n<p><strong>\u00a0<\/strong>Amerika telekanallar\u0131na istinadla x\u0259b\u0259r verir ki, bunu Pentaqonun m\u0259tbuat katibi Con Kirbi jurnalistl\u0259r\u0259 bildirib. Kirbi konkret r\u0259q\u0259ml\u0259r s\u0259sl\u0259ndirm\u0259yib.<\/p>\n\n\n\n<p>Bir q\u0259d\u0259r \u0259vv\u0259l Reuters agentliyinin yayd\u0131\u011f\u0131 m\u0259lumata g\u00f6r\u0259, paytaxt aeroportunda 4 mind\u0259n az AB\u015e h\u0259rb\u00e7isi qal\u0131b. T\u0259xliy\u0259 \u0259m\u0259liyyat\u0131n\u0131n q\u0131z\u011f\u0131n vaxt\u0131nda is\u0259 onlar\u0131 say\u0131 6 min n\u0259f\u0259r idi.<\/p>\n\n\n\n<p>\u201c\u018fvv\u0259lc\u0259d\u0259n planla\u015fd\u0131r\u0131ld\u0131\u011f\u0131 kimi, t\u0259yyar\u0259l\u0259rl\u0259 h\u0259rbi avadanl\u0131q da\u015f\u0131n\u0131r\u201d, &#8212; general-mayor Uilyam Teylor jurnalistl\u0259r\u0259 bel\u0259 deyib. H\u0259rb\u00e7il\u0259r bildirirl\u0259r ki, \u018ffqan\u0131stan\u0131 avqustun 31-d\u0259k t\u0259rk etm\u0259k plan\u0131 d\u0259yi\u015fm\u0259z qal\u0131r. Onlar v\u0259d edirl\u0259r ki, Kabild\u0259n m\u00fclki v\u0259t\u0259nda\u015flar\u0131n t\u0259xliy\u0259sini son m\u0259qamad\u0259k davam etdir\u0259c\u0259kl\u0259r.<\/p>\n\n\n\n<p>M\u0259nb\u0259: Publika.az<\/p>\n","protected":false},"excerpt":{"rendered":"<p>AB\u015e \u00f6z h\u0259rbi kontingentini Kabil aeroportundan \u00e7\u0131xarma\u011fa v\u0259 avadanl\u0131\u011f\u0131n\u0131 da\u015f\u0131ma\u011fa ba\u015flay\u0131b. \u00a0Amerika telekanallar\u0131na istinadla x\u0259b\u0259r verir ki, bunu Pentaqonun m\u0259tbuat katibi Con Kirbi jurnalistl\u0259r\u0259<\/p>\n","protected":false},"author":2,"featured_media":46782,"comment_status":"closed","ping_status":"closed","sticky":false,"template":"","format":"standard","meta":{"footnotes":""},"categories":[1],"tags":[],"class_list":["post-46781","post","type-post","status-publish","format-standard","has-post-thumbnail","hentry","category-siyast"],"aioseo_notices":[],"_links":{"self":[{"href":"https:\/\/fedai.az\/index.php?rest_route=\/wp\/v2\/posts\/46781","targetHints":{"allow":["GET"]}}],"collection":[{"href":"https:\/\/fedai.az\/index.php?rest_route=\/wp\/v2\/posts"}],"about":[{"href":"https:\/\/fedai.az\/index.php?rest_route=\/wp\/v2\/types\/post"}],"author":[{"embeddable":true,"href":"https:\/\/fedai.az\/index.php?rest_route=\/wp\/v2\/users\/2"}],"replies":[{"embeddable":true,"href":"https:\/\/fedai.az\/index.php?rest_route=%2Fwp%2Fv2%2Fcomments&post=46781"}],"version-history":[{"count":1,"href":"https:\/\/fedai.az\/index.php?rest_route=\/wp\/v2\/posts\/46781\/revisions"}],"predecessor-version":[{"id":46783,"href":"https:\/\/fedai.az\/index.php?rest_route=\/wp\/v2\/posts\/46781\/revisions\/46783"}],"wp:featuredmedia":[{"embeddable":true,"href":"https:\/\/fedai.az\/index.php?rest_route=\/wp\/v2\/media\/46782"}],"wp:attachment":[{"href":"https:\/\/fedai.az\/index.php?rest_route=%2Fwp%2Fv2%2Fmedia&parent=46781"}],"wp:term":[{"taxonomy":"category","embeddable":true,"href":"https:\/\/fedai.az\/index.php?rest_route=%2Fwp%2Fv2%2Fcategories&post=46781"},{"taxonomy":"post_tag","embeddable":true,"href":"https:\/\/fedai.az\/index.php?rest_route=%2Fwp%2Fv2%2Ftags&post=46781"}],"curies":[{"name":"wp","href":"https:\/\/api.w.org\/{rel}","templated":true}]}}