{"id":46805,"date":"2021-08-29T02:31:53","date_gmt":"2021-08-28T22:31:53","guid":{"rendered":"https:\/\/fedai.az\/?p=46805"},"modified":"2021-08-29T02:31:55","modified_gmt":"2021-08-28T22:31:55","slug":"avmvib-bin%c9%99q%c9%99di-rayon-sob%c9%99si-birliyin-yaranma-gunund%c9%99n-danisdi","status":"publish","type":"post","link":"https:\/\/fedai.az\/?p=46805","title":{"rendered":"AVMV\u0130B Bin\u0259q\u0259di rayon \u015f\u00f6b\u0259si Birliyin yaranma g\u00fcn\u00fcnd\u0259n dan\u0131\u015fd\u0131"},"content":{"rendered":"\n<p><strong>Az\u0259rbaycan V\u0259t\u0259n M\u00fcharib\u0259si Veteranlar\u0131 \u0130ctimai Birliyi (AVMV\u0130B) Bin\u0259q\u0259di rayon \u015f\u00f6b\u0259sinnin s\u0259dri M\u0259rdan \u018fl\u0259sg\u0259rov AVMV\u0130B-nin yaranmas\u0131 g\u00fcn\u00fc m\u00fcnasib\u0259ti il\u0259 \u00f6z sevincini Fedai.az &#8212; la b\u00f6l\u00fc\u015fd\u00fc.<\/strong><\/p>\n\n\n\n<p>AVMVB art\u0131q 27 ildir f\u0259aliyy\u0259t g\u00f6st\u0259rir. 27 ya\u015f\u0131m\u0131z\u0131 bizl\u0259r daha co\u015fquyla qeyd edirik. Yenilm\u0259z Ordumuzun g\u00fcc\u00fc il\u0259 do\u011fma v\u0259 \u0259z\u0259li Az\u0259rbaycan torpa\u011f\u0131 olan Qaraba\u011f\u0131, \u015eu\u015fan\u0131 v\u0259 i\u015f\u011fal alt\u0131nda olan dig\u0259r torpaqlar\u0131m\u0131z\u0131 azad ed\u0259r\u0259k bu il Q\u0259l\u0259b\u0259 sevincini ya\u015fad\u0131q. Biz bu Q\u0259l\u0259b\u0259y\u0259 g\u00f6r\u0259 q\u0259hr\u0259man \u0259sg\u0259rl\u0259rimiz\u0259, \u015f\u0259hidl\u0259rimiz\u0259 v\u0259 Ali Ba\u015f Komandan\u0131m\u0131z c\u0259nab \u0130lham \u018fliyev\u0259 borcluyuq. Onlar\u0131n birg\u0259 \u0259zmi, c\u0259sar\u0259ti, m\u0259rdliyi n\u0259tic\u0259sind\u0259 Az\u0259rbaycan \u00f6z \u0259z\u0259li torpaqlar\u0131na qovu\u015fdu. \u0130ndi b\u00fct\u00fcn \u015f\u0259hidl\u0259rimizin ruhu \u015fadd\u0131r.<\/p>\n\n\n\n<figure class=\"wp-block-image size-large\"><img loading=\"lazy\" decoding=\"async\" width=\"960\" height=\"718\" src=\"https:\/\/fedai.az\/wp-content\/uploads\/2021\/08\/240830321_258570592755791_3768979060016855313_n.jpg\" alt=\"\" class=\"wp-image-46806\" srcset=\"https:\/\/fedai.az\/wp-content\/uploads\/2021\/08\/240830321_258570592755791_3768979060016855313_n.jpg 960w, https:\/\/fedai.az\/wp-content\/uploads\/2021\/08\/240830321_258570592755791_3768979060016855313_n-300x224.jpg 300w, https:\/\/fedai.az\/wp-content\/uploads\/2021\/08\/240830321_258570592755791_3768979060016855313_n-150x112.jpg 150w, https:\/\/fedai.az\/wp-content\/uploads\/2021\/08\/240830321_258570592755791_3768979060016855313_n-768x574.jpg 768w\" sizes=\"auto, (max-width: 960px) 100vw, 960px\" \/><\/figure>\n\n\n\n<p><br>V\u0259t\u0259n m\u00fcharib\u0259si veteranlar\u0131na diqq\u0259t v\u0259 qay\u011f\u0131 siyas\u0259tinin \u0259sas\u0131 \u00fcmummilli lider Heyd\u0259r \u018fliyev t\u0259r\u0259find\u0259n qoyulub. Ulu \u00d6nd\u0259r daim veteranlar\u0131n probleml\u0259rini x\u00fcsusi diqq\u0259td\u0259 saxlayaraq onlar\u0131n h\u0259lli \u00fc\u00e7\u00fcn m\u00fcvafiq g\u00f6st\u0259ri\u015fl\u0259r verib.<\/p>\n\n\n\n<p>T\u0259sad\u00fcfi deyil ki, ulu \u00f6nd\u0259rimiz Heyd\u0259r \u018fliyev m\u00fcst\u0259qilliyin ilk ill\u0259rind\u0259 demi\u015fdi: \u201cVeteranlar bizim q\u0131z\u0131l fondumuzdur. Onlar h\u0259r c\u00fcr qay\u011f\u0131ya v\u0259 h\u00f6rm\u0259t\u0259 layiqdirl\u0259r&#8230; Az\u0259rbaycan\u0131n b\u00fct\u00fcn ictimaiyy\u0259ti, b\u00fct\u00fcn Az\u0259rbaycan xalq\u0131 bilm\u0259lidir ki, veteranlar bizim \u0259n \u0259ziz, \u0259n m\u00f6t\u0259b\u0259r insanlar\u0131m\u0131zd\u0131r. Onlara qay\u011f\u0131 g\u00f6st\u0259rm\u0259k, h\u00f6rm\u0259t etm\u0259k, onlar\u0131n b\u00fct\u00fcn probleml\u0259rini h\u0259ll etm\u0259k, bizim d\u00f6vl\u0259tin v\u0259 h\u0259r bir d\u00f6vl\u0259t orqan\u0131n\u0131n, h\u0259r bir namuslu Az\u0259rbaycan v\u0259t\u0259nda\u015f\u0131n\u0131n m\u00fcq\u0259dd\u0259s borcudur\u201d.<\/p>\n\n\n\n<p><br>Bu yolun layiqli davam\u00e7\u0131s\u0131 D\u00f6vl\u0259t Ba\u015f\u00e7\u0131s\u0131 \u0130. \u018fliyev d\u0259 daim m\u00fcharib\u0259 veteranlar\u0131n\u0131n v\u0259 \u015f\u0259hid ail\u0259l\u0259rinin yan\u0131nda oldu\u011funu qeyd edir v\u0259 \u00f6z \u0259m\u0259ll\u0259riyl\u0259 s\u00fcbut edir.<\/p>\n\n\n\n<figure class=\"wp-block-image size-large is-resized\"><img loading=\"lazy\" decoding=\"async\" src=\"https:\/\/fedai.az\/wp-content\/uploads\/2021\/08\/240858158_1176092299462960_7044034185837439304_n.jpg\" alt=\"\" class=\"wp-image-46807\" width=\"869\" height=\"1162\" srcset=\"https:\/\/fedai.az\/wp-content\/uploads\/2021\/08\/240858158_1176092299462960_7044034185837439304_n.jpg 718w, https:\/\/fedai.az\/wp-content\/uploads\/2021\/08\/240858158_1176092299462960_7044034185837439304_n-224x300.jpg 224w, https:\/\/fedai.az\/wp-content\/uploads\/2021\/08\/240858158_1176092299462960_7044034185837439304_n-112x150.jpg 112w\" sizes=\"auto, (max-width: 869px) 100vw, 869px\" \/><\/figure>\n\n\n\n<p><br>\u015e\u0259hidl\u0259rimiz\u0259 uca yaradandan r\u0259hm\u0259t dil\u0259yir\u0259m , veteranlar\u0131m\u0131za cansa\u011fl\u0131\u011f\u0131 arzulay\u0131ram.<\/p>\n\n\n\n<p>\u015e\u00f6b\u0259 s\u0259dri, &#171;Az\u0259rsu&#187; ASC-n\u0131n \u0259m\u0259kda\u015f\u0131 oldu\u011funu qeyd ed\u0259r\u0259k bildirdi ki, V\u0259t\u0259n m\u00fcharib\u0259sind\u0259 \u201cAz\u0259rsu\u00bb ASC \u2013nin b\u00fct\u00fcn \u0259m\u0259kda\u015flar\u0131 ordumuza h\u0259m maddi, h\u0259m d\u0259 m\u0259n\u0259vi d\u0259st\u0259k oldu. El\u0259 bu g\u00fcn d\u0259 \u00abAz\u0259rsu\u00bb A\u00e7\u0131q S\u0259hmdar C\u0259miyy\u0259tinin \u0259m\u0259kda\u015flar\u0131 \u015f\u0259hid v\u0259 qazi ail\u0259l\u0259rin\u0259 diqq\u0259t v\u0259 qay\u011f\u0131 il\u0259 yana\u015fmaqdad\u0131rlar. Bu yolda \u00abAz\u0259rsu\u00bb ASC M\u00fcz\u0259ff\u0259r Ali Ba\u015f Komandan\u0131n tap\u015f\u0131r\u0131q v\u0259 g\u00f6st\u0259ri\u015fl\u0259rini \u0259sas tutaraq \u00f6z f\u0259aliyy\u0259tini qurur.<\/p>\n\n\n\n<p><br>\u015e\u00f6b\u0259 s\u0259dri M\u0259rdan \u018fl\u0259sg\u0259rov \u00abAz\u0259rsu \u00abASC R\u0259hb\u0259rliyin\u0259 veteranlara yaratd\u0131qlar\u0131 i\u015f \u015f\u0259raitin\u0259 v\u0259 veteranlara g\u00f6st\u0259rdikl\u0259ri x\u00fcsusi diqq\u0259t v\u0259 qay\u011f\u0131ya g\u00f6r\u0259 \u00f6z minn\u0259tdarl\u0131\u011f\u0131n\u0131 bildirdi.<\/p>\n\n\n\n<p><br><strong>Elnur S\u0259lim<\/strong><\/p>\n","protected":false},"excerpt":{"rendered":"<p>Az\u0259rbaycan V\u0259t\u0259n M\u00fcharib\u0259si Veteranlar\u0131 \u0130ctimai Birliyi (AVMV\u0130B) Bin\u0259q\u0259di rayon \u015f\u00f6b\u0259sinnin s\u0259dri M\u0259rdan \u018fl\u0259sg\u0259rov AVMV\u0130B-nin yaranmas\u0131 g\u00fcn\u00fc m\u00fcnasib\u0259ti il\u0259 \u00f6z sevincini Fedai.az &#8212; la b\u00f6l\u00fc\u015fd\u00fc.<\/p>\n","protected":false},"author":2,"featured_media":46808,"comment_status":"closed","ping_status":"closed","sticky":false,"template":"","format":"standard","meta":{"footnotes":""},"categories":[5],"tags":[],"class_list":["post-46805","post","type-post","status-publish","format-standard","has-post-thumbnail","hentry","category-veteran"],"aioseo_notices":[],"_links":{"self":[{"href":"https:\/\/fedai.az\/index.php?rest_route=\/wp\/v2\/posts\/46805","targetHints":{"allow":["GET"]}}],"collection":[{"href":"https:\/\/fedai.az\/index.php?rest_route=\/wp\/v2\/posts"}],"about":[{"href":"https:\/\/fedai.az\/index.php?rest_route=\/wp\/v2\/types\/post"}],"author":[{"embeddable":true,"href":"https:\/\/fedai.az\/index.php?rest_route=\/wp\/v2\/users\/2"}],"replies":[{"embeddable":true,"href":"https:\/\/fedai.az\/index.php?rest_route=%2Fwp%2Fv2%2Fcomments&post=46805"}],"version-history":[{"count":1,"href":"https:\/\/fedai.az\/index.php?rest_route=\/wp\/v2\/posts\/46805\/revisions"}],"predecessor-version":[{"id":46809,"href":"https:\/\/fedai.az\/index.php?rest_route=\/wp\/v2\/posts\/46805\/revisions\/46809"}],"wp:featuredmedia":[{"embeddable":true,"href":"https:\/\/fedai.az\/index.php?rest_route=\/wp\/v2\/media\/46808"}],"wp:attachment":[{"href":"https:\/\/fedai.az\/index.php?rest_route=%2Fwp%2Fv2%2Fmedia&parent=46805"}],"wp:term":[{"taxonomy":"category","embeddable":true,"href":"https:\/\/fedai.az\/index.php?rest_route=%2Fwp%2Fv2%2Fcategories&post=46805"},{"taxonomy":"post_tag","embeddable":true,"href":"https:\/\/fedai.az\/index.php?rest_route=%2Fwp%2Fv2%2Ftags&post=46805"}],"curies":[{"name":"wp","href":"https:\/\/api.w.org\/{rel}","templated":true}]}}