{"id":46820,"date":"2021-08-29T03:00:30","date_gmt":"2021-08-28T23:00:30","guid":{"rendered":"https:\/\/fedai.az\/?p=46820"},"modified":"2021-08-29T03:01:51","modified_gmt":"2021-08-28T23:01:51","slug":"t%c9%99brik-h%c9%99s%c9%99nov-asur-tanriverdi-oglu-66","status":"publish","type":"post","link":"https:\/\/fedai.az\/?p=46820","title":{"rendered":"T\u018fBR\u0130K: H\u018fS\u018fNOV A\u015eUR TANRIVERD\u0130 O\u011eLU &#8212; 66"},"content":{"rendered":"\n<p><strong>\u00a0\u00a0<span class=\"has-inline-color has-vivid-red-color\">\u00a0\u00a0 AVMV\u0130B r\u0259hb\u0259rliyi, F\u0259dai az.\u00a0 kollektivi, Az\u0259rbaycan V\u0259t\u0259n M\u00fcharib\u0259si Veteranlar\u0131 \u0130ctimai Birliyinin s\u0259dr m\u00fcavini polkovnik Salman Musayev ehtiyyatda olan mayor A\u015fur H\u0259s\u0259novu do\u011fum g\u00fcn\u00fc munasb\u0259til\u0259 s\u0259mimi q\u0259lbd\u0259n t\u0259brik edir, h\u0259yatda insan \u00fc\u00e7\u00fcn\u00a0 \u0259n \u015firin nem\u0259t olan m\u00f6hk\u0259m can sa\u011fl\u0131\u011f\u0131 v\u0259 h\u0259yat yollar\u0131nda bitib &#8212; t\u00fck\u0259nm\u0259y\u0259n naliyy\u0259tl\u0259r arzulay\u0131r.<\/span><\/strong><\/p>\n\n\n\n<p><strong>&nbsp;&nbsp;&nbsp; Qoy ya\u015f\u0131n\u0131n \u00fcst\u0259 g\u0259l\u0259n bu ya\u015f ona sevinc dolu g\u00fcnl\u0259r b\u0259x\u015f etsin, h\u0259r yeni g\u00fcn\u00fc is\u0259 \u00f6t\u0259n g\u00fcnl\u0259rd\u0259n daha g\u00f6z\u0259l ist\u0259kl\u0259rin\u0259 uy\u011fun olaraq h\u0259yata ke\u00e7sin. Amin!<\/strong><\/p>\n\n\n\n<p>&nbsp;&nbsp;&nbsp; Mayor H\u0259s\u0259nov A\u015fur Tanr\u0131verdi o\u011flu 29 avqust 1955-ci ild\u0259 L\u0259nk\u0259ran \u015f\u0259h\u0259rind\u0259 anadan olub.<\/p>\n\n\n\n<p>&nbsp;&nbsp;&nbsp;&nbsp; O, 1962-ci ild\u0259 L\u0259nkaran&nbsp; \u015f\u0259h\u0259rind\u0259&nbsp; orta m\u0259kt\u0259bin birinci sinfin\u0259 getmi\u015f, 1973-c\u00fc ild\u0259&nbsp; h\u0259min m\u0259kt\u0259bi bitirib.<\/p>\n\n\n\n<figure class=\"wp-block-gallery columns-2 is-cropped wp-block-gallery-1 is-layout-flex wp-block-gallery-is-layout-flex\"><ul class=\"blocks-gallery-grid\"><li class=\"blocks-gallery-item\"><figure><img loading=\"lazy\" decoding=\"async\" width=\"642\" height=\"872\" src=\"https:\/\/fedai.az\/wp-content\/uploads\/2021\/08\/B6-7.jpg\" alt=\"\" data-id=\"46822\" data-full-url=\"https:\/\/fedai.az\/wp-content\/uploads\/2021\/08\/B6-7.jpg\" data-link=\"https:\/\/fedai.az\/?attachment_id=46822\" class=\"wp-image-46822\" srcset=\"https:\/\/fedai.az\/wp-content\/uploads\/2021\/08\/B6-7.jpg 642w, https:\/\/fedai.az\/wp-content\/uploads\/2021\/08\/B6-7-221x300.jpg 221w, https:\/\/fedai.az\/wp-content\/uploads\/2021\/08\/B6-7-110x150.jpg 110w\" sizes=\"auto, (max-width: 642px) 100vw, 642px\" \/><\/figure><\/li><li class=\"blocks-gallery-item\"><figure><img loading=\"lazy\" decoding=\"async\" width=\"768\" height=\"1024\" src=\"https:\/\/fedai.az\/wp-content\/uploads\/2021\/08\/239849410_282209300373733_4106186006859892972_n-768x1024.jpg\" alt=\"\" data-id=\"46821\" data-link=\"https:\/\/fedai.az\/?attachment_id=46821\" class=\"wp-image-46821\" srcset=\"https:\/\/fedai.az\/wp-content\/uploads\/2021\/08\/239849410_282209300373733_4106186006859892972_n-768x1024.jpg 768w, https:\/\/fedai.az\/wp-content\/uploads\/2021\/08\/239849410_282209300373733_4106186006859892972_n-225x300.jpg 225w, https:\/\/fedai.az\/wp-content\/uploads\/2021\/08\/239849410_282209300373733_4106186006859892972_n-113x150.jpg 113w, https:\/\/fedai.az\/wp-content\/uploads\/2021\/08\/239849410_282209300373733_4106186006859892972_n.jpg 864w\" sizes=\"auto, (max-width: 768px) 100vw, 768px\" \/><\/figure><\/li><\/ul><\/figure>\n\n\n\n<p>&nbsp;&nbsp;&nbsp; A\u015fur H\u0259s\u0259nov 1974-1976 -ci ill\u0259rd\u0259 SSR\u0130 M\u00fcdafi\u0259 Nazirliyinin Estoniya Respublikas\u0131n\u0131n Tartu \u015f\u0259h\u0259rind\u0259 m\u00fcdd\u0259tli h\u0259qqi h\u0259rbi xidm\u0259td\u0259 olub.<\/p>\n\n\n\n<p>&nbsp;&nbsp;&nbsp; Ehtiyyatda olan mayor A\u015fur H\u0259s\u0259nov 1976- c\u0131 \u00dczeyir Hac\u0131b\u0259yov ad\u0131na Bak\u0131 M\u00fcsiqi Akademiyas\u0131na daxil olmu\u015f 1981- ci&nbsp; ild\u0259 h\u0259min Akademiyan\u0131 bitrib.<\/p>\n\n\n\n<p>A\u015fur H\u0259s\u0259nov 1976- 1992 -ci ill\u0259rd\u0259 Baki D\u00f6vl\u0259t Sirkinin Orkestirind\u0259&nbsp; v\u0259&nbsp;&nbsp; X\u00fcsusi D\u00f6vl\u0259t M\u00fchafiz\u0259 Xidm\u0259tinin Milli Qvardiyasn\u0131n h\u0259rbi Orkestirind\u0259 m\u00fcxt\u0259lif v\u0259zif\u0259l\u0259rd\u0259 i\u015fl\u0259yib.<\/p>\n\n\n\n<p>&nbsp;&nbsp;&nbsp;&nbsp;&nbsp; O, 1993 &#8212; c\u00fc ilin sentyabr ay\u0131ndan- 2003 c\u00fc ilin sona k\u0131m\u0131 Daxili \u0130\u015fl\u0259r Nazirliyinin Daxili Qo\u015funlar\u0131n\u0131n Bas \u0130dar\u0259sinin N\u0259rimanov rayonunda yerl\u0259\u015f\u0259n&nbsp; n\u00fcmn\u0259vi g\u00f6st\u0259rici h\u0259rb\u0131 orkestrin r\u0259isi v\u0259 dirijoru v\u0259zif\u0259l\u0259rind\u0259 xidm\u0259t edib.<\/p>\n\n\n\n<p>Ehtiyyatda olan mayor A\u015fur H\u0259s\u0259nov 2004 -cu ild\u0259n Az\u0259rbaycan Televiziya v\u0259 Radiosunun Niyazi ad\u0131na simfonik orkestirind\u0259&nbsp; inispektor v\u0259zif\u0259sind\u0259 i\u015fl\u0259yir.<\/p>\n\n\n\n<p>O, humanistliyi v\u0259 s\u0259m\u0259r\u0259liyi il\u0259 se\u00e7il\u0259n \u0259n m\u0259hsuldar d\u00f6vr\u00fcn\u00fcn&nbsp; 46 ild\u0259n \u00e7ox \u015f\u0259r\u0259fli xidm\u0259ti yolunun on \u00fc\u00e7 ilini \u00f6z ixtisas\u0131 \u00fczr\u0259&nbsp; h\u0259rbi xidm\u0259td\u0259 kecirib, otuz \u00fc\u00e7 ilini is\u0259 Bak\u0131 D\u00f6vl\u0259t Sirkind\u0259 v\u0259 Az\u0259rbaycan Televiziya v\u0259 Radiosunun Niyazi ad\u0131na Simfonik Orkestirind\u0259 ke\u00e7ir\u0259r\u0259k, V\u0259t\u0259n\u0259, D\u00f6vl\u0259t\u0259 v\u0259 Xalqa s\u0259daq\u0259tl\u0259 xidm\u0259t edir.<\/p>\n\n\n\n<figure class=\"wp-block-gallery columns-2 is-cropped wp-block-gallery-2 is-layout-flex wp-block-gallery-is-layout-flex\"><ul class=\"blocks-gallery-grid\"><li class=\"blocks-gallery-item\"><figure><img loading=\"lazy\" decoding=\"async\" width=\"576\" height=\"1024\" src=\"https:\/\/fedai.az\/wp-content\/uploads\/2021\/08\/240856131_223387726402537_703630700499769985_n-1-576x1024.jpg\" alt=\"\" data-id=\"46825\" data-link=\"https:\/\/fedai.az\/?attachment_id=46825\" class=\"wp-image-46825\" srcset=\"https:\/\/fedai.az\/wp-content\/uploads\/2021\/08\/240856131_223387726402537_703630700499769985_n-1-576x1024.jpg 576w, https:\/\/fedai.az\/wp-content\/uploads\/2021\/08\/240856131_223387726402537_703630700499769985_n-1-169x300.jpg 169w, https:\/\/fedai.az\/wp-content\/uploads\/2021\/08\/240856131_223387726402537_703630700499769985_n-1-84x150.jpg 84w, https:\/\/fedai.az\/wp-content\/uploads\/2021\/08\/240856131_223387726402537_703630700499769985_n-1-768x1366.jpg 768w, https:\/\/fedai.az\/wp-content\/uploads\/2021\/08\/240856131_223387726402537_703630700499769985_n-1-864x1536.jpg 864w, https:\/\/fedai.az\/wp-content\/uploads\/2021\/08\/240856131_223387726402537_703630700499769985_n-1.jpg 899w\" sizes=\"auto, (max-width: 576px) 100vw, 576px\" \/><\/figure><\/li><li class=\"blocks-gallery-item\"><figure><img loading=\"lazy\" decoding=\"async\" width=\"768\" height=\"1024\" src=\"https:\/\/fedai.az\/wp-content\/uploads\/2021\/08\/239849410_282209300373733_4106186006859892972_n-1-768x1024.jpg\" alt=\"\" data-id=\"46826\" data-full-url=\"https:\/\/fedai.az\/wp-content\/uploads\/2021\/08\/239849410_282209300373733_4106186006859892972_n-1.jpg\" data-link=\"https:\/\/fedai.az\/?attachment_id=46826\" class=\"wp-image-46826\" srcset=\"https:\/\/fedai.az\/wp-content\/uploads\/2021\/08\/239849410_282209300373733_4106186006859892972_n-1-768x1024.jpg 768w, https:\/\/fedai.az\/wp-content\/uploads\/2021\/08\/239849410_282209300373733_4106186006859892972_n-1-225x300.jpg 225w, https:\/\/fedai.az\/wp-content\/uploads\/2021\/08\/239849410_282209300373733_4106186006859892972_n-1-113x150.jpg 113w, https:\/\/fedai.az\/wp-content\/uploads\/2021\/08\/239849410_282209300373733_4106186006859892972_n-1.jpg 864w\" sizes=\"auto, (max-width: 768px) 100vw, 768px\" \/><\/figure><\/li><\/ul><\/figure>\n\n\n\n<p>&nbsp;&nbsp;&nbsp; Ehtiyyatda olan mayor A\u015fur H\u0259s\u0259nov Az\u0259rbaycan Respublikas\u0131 Konstitusiyas\u0131na v\u0259 qanunlar\u0131na, h\u0259rbi and\u0131n, h\u0259rbi nizamnam\u0259l\u0259rin, Daxili Qo\u015funlar\u0131n N\u00fcmn\u0259vi G\u00f6st\u0259rici Orkestiri haqq\u0131nda \u018fsasnam\u0259nin t\u0259l\u0259bl\u0259rin\u0259 v\u0259 v\u0259zif\u0259 borcuna \u0259m\u0259l etm\u0259kd\u0259 tabeliyind\u0259kil\u0259r \u00fc\u00e7\u00fcn n\u00fcmun\u0259 olmu\u015fdur.<\/p>\n\n\n\n<p>&nbsp;&nbsp;&nbsp; 1993 -c\u00fc ild\u0259 Daxili Qo\u015funlarda H\u0259rbi Orkestrin yaranmas\u0131 \u0259n \u00fcmd\u0259 m\u0259s\u0259l\u0259l\u0259rd\u0259n biri idi. Bel\u0259 tarixi v\u0259zif\u0259ni h\u0259yata kecirm\u0259k, Daxili Qo\u015funlar\u0131n Ba\u015f \u0130dar\u0259sinin N\u00fcmun\u0259vi G\u00f6st\u0259rici H\u0259rbi Orkestr xidm\u0259tinin r\u0259isi&nbsp; ehtiyyatda olan polkovnik C\u0259f\u0259r&nbsp; Abbasovun r\u0259hb\u0259rliyi&nbsp; alt\u0131nda h\u0259rbi orkestrin r\u0259isi (h\u0259rbi dirijor) ehtiyatda olan mayor A\u015fur H\u0259s\u0259novun taleyin\u0259 n\u0259sib olmu\u015fdur. O,ulu babalar\u0131m\u0131z\u0131n ya\u015fay\u0131b&#8212;yartmaq&nbsp; \u0259n\u0259n\u0259sin\u0259 sadiq qalaraq, ibtidai \u015f\u0259raitd\u0259n ba\u015flayaraq, H\u0259rbi Orkestrin \u0259rs\u0259y\u0259 g\u0259tirlib f\u0259aliyy\u0259t\u0259 ba\u015flamas\u0131 d\u00f6vr\u00fcn\u0259 q\u0259d\u0259r \u00fcz\u0259rin\u0259 d\u00fcs\u0259n v\u0259zif\u0259l\u0259rin yerin\u0259 yetirilm\u0259sin\u0259 m\u0259suliyy\u0259tl\u0259 yana\u015fm\u0131\u015fd\u0131r.<\/p>\n\n\n\n<figure class=\"wp-block-image size-large\"><img loading=\"lazy\" decoding=\"async\" width=\"1024\" height=\"767\" src=\"https:\/\/fedai.az\/wp-content\/uploads\/2021\/08\/239994220_2923281864601439_1722931756238299300_n-1024x767.jpg\" alt=\"\" class=\"wp-image-46823\" srcset=\"https:\/\/fedai.az\/wp-content\/uploads\/2021\/08\/239994220_2923281864601439_1722931756238299300_n-1024x767.jpg 1024w, https:\/\/fedai.az\/wp-content\/uploads\/2021\/08\/239994220_2923281864601439_1722931756238299300_n-300x225.jpg 300w, https:\/\/fedai.az\/wp-content\/uploads\/2021\/08\/239994220_2923281864601439_1722931756238299300_n-150x112.jpg 150w, https:\/\/fedai.az\/wp-content\/uploads\/2021\/08\/239994220_2923281864601439_1722931756238299300_n-768x575.jpg 768w, https:\/\/fedai.az\/wp-content\/uploads\/2021\/08\/239994220_2923281864601439_1722931756238299300_n.jpg 1280w\" sizes=\"auto, (max-width: 1024px) 100vw, 1024px\" \/><\/figure>\n\n\n\n<p>&nbsp;&nbsp;&nbsp; A\u015fur H\u0259s\u0259nov Daxili Qo\u015funlar\u0131n H\u0259rbi Orkestrind\u0259 xidm\u0259t etdiyi ill\u0259r \u0259rzind\u0259, onun r\u0259hb\u0259r oldu\u011fu h\u0259rbi Orkestrin kolektivi Daxili \u0130\u015fl\u0259r Nazirliyind\u0259, Daxili Qo\u015funlar\u0131n Bas \u0130dar\u0259sinind\u0259, Din-in Polis Akademiyas\u0131nda, Daxili Qo\u015funlar\u0131n Ba\u015f \u0130dar\u0259sinin D\u00f6y\u00fc\u015f b\u00f6lg\u0259l\u0259rind\u0259, \u015f\u0259h\u0259r v\u0259 rayonlar\u0131nda yerl\u0259\u015f\u0259n h\u0259rbi hiss\u0259l\u0259rind\u0259 y\u00fczl\u0259rl\u0259 r\u0259smi t\u0259dbirl\u0259rd\u0259 i\u015ftirak etm\u0259si , m\u00fcxt\u0259lif \u0130dar\u0259l\u0259rd\u0259,m\u0259d\u0259niyy\u0259t ocaqlar\u0131nda, t\u0259\u015fkilatlarda, \u00f6lk\u0259 televiziya kanallar\u0131nda is\u0259 \u00e7\u0131x\u0131\u015f etm\u0259si \u00fcc\u00fcn ona, h\u0259val\u0259 edilmi\u015f v\u0259zif\u0259 v\u0259 tap\u015f\u0131r\u0131qlar\u0131 y\u00fcks\u0259k s\u0259viyy\u0259d\u0259 h\u0259yata ke\u00e7irmi\u015fdir.<\/p>\n\n\n\n<p>&nbsp;&nbsp; Daxili Qosunlarin Ba\u015f \u0130dar\u0259sinin N\u00fcmn\u0259vi G\u00f6st\u0259rici H\u0259rbi Orkestrin t\u0259cr\u00fcb\u0259li v\u0259 pe\u015f\u0259kar kadrlarla, ki\u00e7ik m\u00fct\u0259x\u0259ssisl\u0259rl\u0259, azad muzdlu i\u015fcil\u0259rl\u0259 komplekl\u0259\u015fdirilm\u0259si&nbsp; v\u0259 onalarla&nbsp; t\u0259dris proqramlar\u0131na \u0259sas\u0259n ixtisas haz\u0131rl\u0131\u011f\u0131 \u00fczr\u0259 m\u0259\u015f\u011f\u0259l\u0259l\u0259rin, m\u0259\u015fql\u0259rin ke\u00e7irilm\u0259sind\u0259 ehtiyyatda olan mayor A\u015fur H\u0259s\u0259novun&nbsp; b\u00f6y\u00fck rolu olmu\u015fdur.<\/p>\n\n\n\n<p>&nbsp;&nbsp;&nbsp; H\u0259s\u0259nov A\u015fur Tanr\u0131verdi o\u011flu Daxili \u0130\u015fl\u0259r Nazirliyinin Daxili Qo\u015funlar\u0131n\u0131n Ba\u015f idar\u0259sinin h\u0259rbi Orkestrind\u0259 xidm\u0259t etdiyi ill\u0259r \u0259rzind\u0259 Ona h\u0259val\u0259 edilmi\u015f v\u0259zif\u0259l\u0259rin v\u0259 tap\u015f\u0131r\u0131qlar\u0131n\u0131n yerin\u0259 yetirilm\u0259sind\u0259 X\u00fcsusi f\u0259riql\u0259ndiyin\u0259 g\u00f6r\u0259 ona Daxili \u0130\u015fl\u0259r Nazirinin, Daxili Qo\u015funlar\u0131n komandan\u0131n v\u0259 onlar\u0131n m\u00fcavinl\u0259rinin, t\u0259dbirl\u0259rd\u0259 i\u015ftirak etdiyi Polis Akademiya r\u0259isinin, h\u0259rbi hiss\u0259 komandirl\u0259rinin v\u0259 dig\u0259r t\u0259\u015fkilat v\u0259 m\u0259d\u0259niyy\u0259t ocaqlar\u0131n\u0131n r\u0259isl\u0259rinin m\u00fcfaviq \u0259mrl\u0259ri il\u0259 bir s\u0131ra medallarla, \u0259la xidm\u0259tl\u0259r\u0259 g\u00f6r\u0259 d\u00f6\u015f v\u0259 yubley nisanlar\u0131 il\u0259, f\u0259xri f\u0259rmanlarla,&nbsp; pul m\u00fckafatlar\u0131 il\u0259, qiym\u0259tli h\u0259diyy\u0259l\u0259rl\u0259 m\u00fckafatland\u0131rl\u0131b v\u0259 ona t\u0259\u015f\u0259kk\u00fcr elan edilib<\/p>\n\n\n\n<p><strong>DO\u011eUM G\u00dcN\u00dcN M\u00dcBAR\u018fK OLSUN<\/strong>, <strong>A\u015eUR&nbsp; B\u018fY!<\/strong><\/p>\n\n\n\n<p><strong>ALLAH S\u018fN\u0130 B\u00dcT\u00dcN ARZULARINA \u00c7ATDIRSIN.<\/strong><\/p>\n\n\n\n<p><strong>\u00d6MR\u00dcN UZUN OLSUN, 100 YA\u015eA!<\/strong><\/p>\n\n\n\n<p><strong>D\u0259rin h\u00f6rm\u0259tl\u0259, Az\u0259rbaycan V\u0259t\u0259n M\u00fcharib\u0259si Veteranlar\u0131 \u0130ctimai Birliyinin s\u0259dr m\u00fcavini polkovnik Salman Musayev<\/strong><\/p>\n\n\n\n<figure class=\"wp-block-gallery columns-2 is-cropped wp-block-gallery-3 is-layout-flex wp-block-gallery-is-layout-flex\"><ul class=\"blocks-gallery-grid\"><li class=\"blocks-gallery-item\"><figure><img loading=\"lazy\" decoding=\"async\" width=\"639\" height=\"987\" src=\"https:\/\/fedai.az\/wp-content\/uploads\/2021\/08\/x3.jpg\" alt=\"\" data-id=\"46824\" data-full-url=\"https:\/\/fedai.az\/wp-content\/uploads\/2021\/08\/x3.jpg\" data-link=\"https:\/\/fedai.az\/?attachment_id=46824\" class=\"wp-image-46824\" srcset=\"https:\/\/fedai.az\/wp-content\/uploads\/2021\/08\/x3.jpg 639w, https:\/\/fedai.az\/wp-content\/uploads\/2021\/08\/x3-194x300.jpg 194w, https:\/\/fedai.az\/wp-content\/uploads\/2021\/08\/x3-97x150.jpg 97w\" sizes=\"auto, (max-width: 639px) 100vw, 639px\" \/><\/figure><\/li><li class=\"blocks-gallery-item\"><figure><img loading=\"lazy\" decoding=\"async\" width=\"600\" height=\"600\" src=\"https:\/\/fedai.az\/wp-content\/uploads\/2021\/08\/8265a327389da9fe4fdc2714b309120e-2-24.jpg\" alt=\"\" data-id=\"46795\" data-full-url=\"https:\/\/fedai.az\/wp-content\/uploads\/2021\/08\/8265a327389da9fe4fdc2714b309120e-2-24.jpg\" data-link=\"https:\/\/fedai.az\/?attachment_id=46795\" class=\"wp-image-46795\" srcset=\"https:\/\/fedai.az\/wp-content\/uploads\/2021\/08\/8265a327389da9fe4fdc2714b309120e-2-24.jpg 600w, https:\/\/fedai.az\/wp-content\/uploads\/2021\/08\/8265a327389da9fe4fdc2714b309120e-2-24-300x300.jpg 300w, https:\/\/fedai.az\/wp-content\/uploads\/2021\/08\/8265a327389da9fe4fdc2714b309120e-2-24-150x150.jpg 150w, https:\/\/fedai.az\/wp-content\/uploads\/2021\/08\/8265a327389da9fe4fdc2714b309120e-2-24-215x215.jpg 215w\" sizes=\"auto, (max-width: 600px) 100vw, 600px\" \/><\/figure><\/li><\/ul><\/figure>\n","protected":false},"excerpt":{"rendered":"<p>\u00a0\u00a0\u00a0\u00a0 AVMV\u0130B r\u0259hb\u0259rliyi, F\u0259dai az.\u00a0 kollektivi, Az\u0259rbaycan V\u0259t\u0259n M\u00fcharib\u0259si Veteranlar\u0131 \u0130ctimai Birliyinin s\u0259dr m\u00fcavini polkovnik Salman Musayev ehtiyyatda olan mayor A\u015fur H\u0259s\u0259novu do\u011fum g\u00fcn\u00fc<\/p>\n","protected":false},"author":2,"featured_media":46827,"comment_status":"closed","ping_status":"closed","sticky":false,"template":"","format":"standard","meta":{"footnotes":""},"categories":[5],"tags":[],"class_list":["post-46820","post","type-post","status-publish","format-standard","has-post-thumbnail","hentry","category-veteran"],"aioseo_notices":[],"_links":{"self":[{"href":"https:\/\/fedai.az\/index.php?rest_route=\/wp\/v2\/posts\/46820","targetHints":{"allow":["GET"]}}],"collection":[{"href":"https:\/\/fedai.az\/index.php?rest_route=\/wp\/v2\/posts"}],"about":[{"href":"https:\/\/fedai.az\/index.php?rest_route=\/wp\/v2\/types\/post"}],"author":[{"embeddable":true,"href":"https:\/\/fedai.az\/index.php?rest_route=\/wp\/v2\/users\/2"}],"replies":[{"embeddable":true,"href":"https:\/\/fedai.az\/index.php?rest_route=%2Fwp%2Fv2%2Fcomments&post=46820"}],"version-history":[{"count":2,"href":"https:\/\/fedai.az\/index.php?rest_route=\/wp\/v2\/posts\/46820\/revisions"}],"predecessor-version":[{"id":46829,"href":"https:\/\/fedai.az\/index.php?rest_route=\/wp\/v2\/posts\/46820\/revisions\/46829"}],"wp:featuredmedia":[{"embeddable":true,"href":"https:\/\/fedai.az\/index.php?rest_route=\/wp\/v2\/media\/46827"}],"wp:attachment":[{"href":"https:\/\/fedai.az\/index.php?rest_route=%2Fwp%2Fv2%2Fmedia&parent=46820"}],"wp:term":[{"taxonomy":"category","embeddable":true,"href":"https:\/\/fedai.az\/index.php?rest_route=%2Fwp%2Fv2%2Fcategories&post=46820"},{"taxonomy":"post_tag","embeddable":true,"href":"https:\/\/fedai.az\/index.php?rest_route=%2Fwp%2Fv2%2Ftags&post=46820"}],"curies":[{"name":"wp","href":"https:\/\/api.w.org\/{rel}","templated":true}]}}