{"id":46830,"date":"2021-08-29T03:07:54","date_gmt":"2021-08-28T23:07:54","guid":{"rendered":"https:\/\/fedai.az\/?p=46830"},"modified":"2021-08-29T22:58:16","modified_gmt":"2021-08-29T18:58:16","slug":"volqa-don-kanalini-planlasdiran-osmanli-s%c9%99dr%c9%99z%c9%99mi-mehmed-pasa","status":"publish","type":"post","link":"https:\/\/fedai.az\/?p=46830","title":{"rendered":"Volqa-Don kanal\u0131n\u0131 planla\u015fd\u0131ran  Osmanl\u0131 S\u0259dr\u0259z\u0259mi Mehmed Pa\u015fa"},"content":{"rendered":"\n<p><strong>Osmanl\u0131 D\u00f6vl\u0259t adam\u0131, Ba\u015f Admiral, S\u0259dr\u0259z\u0259m ( 1505, Sokolovic \/ Visegrad \/ Bosniya &#8212; 1579, \u0130stanbul). Serb \u0259silli Osmanl\u0131 d\u00f6vl\u0259t xadimi idi v\u0259 ilk ad\u0131 Bayo Sokolovi\u00e7 idi. Bu s\u0259b\u0259bd\u0259n Balkan xalqlar\u0131 aras\u0131nda Mehmed Pa\u015fa Sokolovi\u00e7 kimi tan\u0131n\u0131r. Sultan S\u00fcleyman, II S\u0259lim v\u0259 III Murad d\u00f6vr\u00fcnd\u0259 on d\u00f6rd ild\u0259n \u00e7ox s\u0259dr\u0259z\u0259mlik v\u0259zif\u0259sind\u0259 \u00e7al\u0131\u015fd\u0131. D\u00f6vl\u0259t idar\u0259\u00e7iliyind\u0259, siyas\u0259td\u0259 v\u0259 m\u00fcharib\u0259l\u0259rd\u0259 u\u011fur qazand\u0131. Osmanl\u0131 \u0130mperatorlu\u011funun \u0259n b\u00f6y\u00fck d\u00f6vl\u0259t adamlar\u0131ndan biri olan Mehmed, Sokolovi\u00e7 (Sokol) \u015f\u0259h\u0259rind\u0259 do\u011fuldu\u011fu \u00fc\u00e7\u00fcn &#171;Sokollu&#187; adland\u0131r\u0131ld\u0131. Q\u0259dim tarix\u00e7il\u0259rimiz h\u00fcnd\u00fcr boyuna g\u00f6r\u0259 dig\u0259r Mehmed Pa\u015falardan f\u0259rql\u0259ndir\u0259r\u0259k ona &#171;Tavil&#187; l\u0259q\u0259bi vermi\u015fdil\u0259r.<\/strong><\/p>\n\n\n\n<p><br>Atas\u0131 Dimitriyenin Serb tarix\u00e7il\u0259rin\u0259 g\u00f6r\u0259 bir q\u0131z\u0131 v\u0259 \u00fc\u00e7 o\u011flu, t\u00fcrk yazarlar\u0131na g\u00f6r\u0259 daha iki o\u011flu var imi\u015f. Sokollu Mehmed 1519 -cu ild\u0259 dev\u015firme sistemi il\u0259 u\u015faq ik\u0259n \u018fdirn\u0259 Saray\u0131na g\u0259tirilmi\u015f, ona Mehmed ad\u0131 verilmi\u015f, t\u00fcrk v\u0259 m\u00fcs\u0259lman m\u0259d\u0259niyy\u0259tind\u0259 t\u0259rbiy\u0259 alm\u0131\u015fd\u0131. Daha sonra \u0130stanbula g\u00f6nd\u0259rilmi\u015fdi.<\/p>\n\n\n\n<figure class=\"wp-block-gallery columns-3 is-cropped wp-block-gallery-1 is-layout-flex wp-block-gallery-is-layout-flex\"><ul class=\"blocks-gallery-grid\"><li class=\"blocks-gallery-item\"><figure><img loading=\"lazy\" decoding=\"async\" width=\"192\" height=\"300\" src=\"https:\/\/fedai.az\/wp-content\/uploads\/2021\/08\/3249086cd1080f7cc187799d5ba59beb.jpg\" alt=\"\" data-id=\"46831\" data-link=\"https:\/\/fedai.az\/?attachment_id=46831\" class=\"wp-image-46831\" srcset=\"https:\/\/fedai.az\/wp-content\/uploads\/2021\/08\/3249086cd1080f7cc187799d5ba59beb.jpg 192w, https:\/\/fedai.az\/wp-content\/uploads\/2021\/08\/3249086cd1080f7cc187799d5ba59beb-96x150.jpg 96w\" sizes=\"auto, (max-width: 192px) 100vw, 192px\" \/><\/figure><\/li><li class=\"blocks-gallery-item\"><figure><img loading=\"lazy\" decoding=\"async\" width=\"219\" height=\"300\" src=\"https:\/\/fedai.az\/wp-content\/uploads\/2021\/08\/ddd806771ce3d49ada96a64d46e522fa.jpg\" alt=\"\" data-id=\"46832\" data-link=\"https:\/\/fedai.az\/?attachment_id=46832\" class=\"wp-image-46832\" srcset=\"https:\/\/fedai.az\/wp-content\/uploads\/2021\/08\/ddd806771ce3d49ada96a64d46e522fa.jpg 219w, https:\/\/fedai.az\/wp-content\/uploads\/2021\/08\/ddd806771ce3d49ada96a64d46e522fa-110x150.jpg 110w\" sizes=\"auto, (max-width: 219px) 100vw, 219px\" \/><\/figure><\/li><li class=\"blocks-gallery-item\"><figure><img loading=\"lazy\" decoding=\"async\" width=\"300\" height=\"300\" src=\"https:\/\/fedai.az\/wp-content\/uploads\/2021\/08\/d874ade1caa54320b3f8e7eb76832a1f.jpg\" alt=\"\" data-id=\"46833\" data-full-url=\"https:\/\/fedai.az\/wp-content\/uploads\/2021\/08\/d874ade1caa54320b3f8e7eb76832a1f.jpg\" data-link=\"https:\/\/fedai.az\/?attachment_id=46833\" class=\"wp-image-46833\" srcset=\"https:\/\/fedai.az\/wp-content\/uploads\/2021\/08\/d874ade1caa54320b3f8e7eb76832a1f.jpg 300w, https:\/\/fedai.az\/wp-content\/uploads\/2021\/08\/d874ade1caa54320b3f8e7eb76832a1f-150x150.jpg 150w, https:\/\/fedai.az\/wp-content\/uploads\/2021\/08\/d874ade1caa54320b3f8e7eb76832a1f-215x215.jpg 215w\" sizes=\"auto, (max-width: 300px) 100vw, 300px\" \/><\/figure><\/li><\/ul><\/figure>\n\n\n\n<p><br>\u0130lk olaraq Topkap\u0131 Saray\u0131n\u0131n Enderun b\u00f6lm\u0259sind\u0259 m\u00fcxt\u0259lif v\u0259zif\u0259l\u0259rd\u0259 \u00e7al\u0131\u015fd\u0131. 1541 -ci ild\u0259 Enderunda Qap\u0131 r\u0259isi v\u0259zif\u0259sin\u0259 y\u00fcks\u0259ldi v\u0259 1546 -c\u0131 ild\u0259, saray xidm\u0259tl\u0259rind\u0259 m\u00fcv\u0259ff\u0259qiyy\u0259tli olanlar\u0131n xarici missiyalara t\u0259yin edilm\u0259si \u0259n\u0259n\u0259sin\u0259 uy\u011fun olaraq Barbaros Hayreddin Pa\u015fan\u0131n \u00f6l\u00fcm\u00fc il\u0259 \u0259laq\u0259dar olaraq v\u0259zif\u0259y\u0259 t\u0259yin edildi. admiral r\u00fctb\u0259si. Bu v\u0259zif\u0259d\u0259 olark\u0259n Tripoli Ekspedisiyas\u0131na qat\u0131ld\u0131, \u0130stanbul T\u0259rsan\u0259sini geni\u015fl\u0259ndirdi v\u0259 yenil\u0259di. 1549 -cu ild\u0259 v\u0259zir r\u00fctb\u0259sin\u0259 y\u00fcks\u0259ldi v\u0259 Rumeli valiliyin\u0259 t\u0259yin edildi. 1547 -ci ild\u0259 Avstriya il\u0259 imzalanan s\u00fclh m\u00fcqavil\u0259si pozulduqdan sonra, 1551 -ci ild\u0259 Erdel \u00fcz\u0259rind\u0259 edil\u0259c\u0259k ekspedisiyan\u0131n komandiri t\u0259yin edildi.<\/p>\n\n\n\n<p> 80 minlik ordu il\u0259 Erdel\u0259 gir\u0259n Sokollu Mehmed Pa\u015fa \u0259h\u0259miyy\u0259tli qalalar ald\u0131. Ancaq Teme\u015fvar m\u00fchasir\u0259sind\u0259 u\u011fursuz oldu v\u0259 geri \u00e7\u0259kildi. Teme\u015fvar, 1552 -ci ild\u0259 Macar\u0131stan\u0131n serdar v\u0259zif\u0259sin\u0259 t\u0259yin olunan Kara Ahmet Pa\u015fa il\u0259 birlikd\u0259 al\u0131nd\u0131.<\/p>\n\n\n\n<p><br>Qanuni S\u00fcleyman Sokollu Mehmed Pa\u015fan\u0131 1553 -c\u00fc ild\u0259 Rumeli \u0259sg\u0259rl\u0259rinin ba\u015f\u0131nda Anadoluya g\u00f6nd\u0259rdi. Komandanl\u0131\u011f\u0131 alt\u0131nda olan Rumeli \u0259sg\u0259rl\u0259ri eyni ild\u0259 ba\u015flayan Nax\u00e7\u0131van Kampaniyas\u0131nda b\u00f6y\u00fck u\u011furlar g\u00f6st\u0259rdil\u0259r. Kampaniyadan qay\u0131td\u0131qdan sonra \u00fc\u00e7\u00fcnc\u00fc d\u0259f\u0259 v\u0259zir v\u0259zif\u0259sin\u0259 y\u00fcks\u0259ldi v\u0259 Kubbealt\u0131 v\u0259zirl\u0259rin\u0259 qo\u015fuldu.<\/p>\n\n\n\n<p> Kanuni o\u011fullar\u0131 aras\u0131nda ged\u0259n m\u00fcbariz\u0259l\u0259rd\u0259 o, h\u0259mi\u015f\u0259 S\u0259limin yan\u0131nda idi v\u0259 faktiki olaraq S\u0259lim taxt m\u00fcbariz\u0259sini qazand\u0131. Semiz \u018fli Pa\u015fan\u0131n b\u00f6y\u00fck v\u0259zirliy\u0259 y\u00fcks\u0259lm\u0259sind\u0259n sonra ikinci v\u0259zir olan Sokollu, 1565 -ci ild\u0259 onun \u00f6l\u00fcm\u00fcnd\u0259n sonra v\u0259zir t\u0259yin edildi.<\/p>\n\n\n\n<p><br>Qanuni S\u00fcleyman, \u00e7ox g\u00fcv\u0259ndiyi bu \u015f\u0259xs\u0259 geni\u015f s\u0259lahiyy\u0259tl\u0259r vermi\u015fdi. 1561 -ci ild\u0259, \u00fc\u00e7\u00fcnc\u00fc v\u0259zir olark\u0259n Qanuni S\u00fcleyman\u0131n n\u0259v\u0259si v\u0259 II S\u0259limin q\u0131z\u0131 Esmehan Sultan il\u0259 evl\u0259ndi. \u0130kinci v\u0259zir olark\u0259n, 1564 -c\u00fc ild\u0259 Semiz \u018fli Pa\u015fan\u0131n v\u0259fat\u0131ndan sonra S\u0259dr\u0259z\u0259m t\u0259yin edildi. Bu tarixd\u0259n \u00f6l\u00fcm\u00fcn\u0259 q\u0259d\u0259r Osmanl\u0131 d\u00f6vl\u0259tini idar\u0259 etdi.<\/p>\n\n\n\n<p><br>Sultan S\u00fcleyman d\u00f6vr\u00fcnd\u0259 Sokollunun Ba\u015f V\u0259zirliyi c\u0259mi iki il s\u00fcrd\u00fc. Sultan S\u00fcleyman\u0131 son ekspedisiyas\u0131 olan Zigetvar sava\u015f\u0131na getm\u0259y\u0259 o t\u0259\u015fviq etmi\u015fdi. Sultan Zigetvar qalas\u0131 al\u0131nanda d\u00f6y\u00fc\u015f meydan\u0131nda \u00f6l\u00fcm yata\u011f\u0131nda oldu\u011fu \u00fc\u00e7\u00fcn Mehmed Pa\u015fa d\u00f6y\u00fc\u015f\u0259 r\u0259hb\u0259rlik etdi v\u0259 q\u0259l\u0259b\u0259ni t\u0259min etdi. Sultan\u0131n \u00f6l\u00fcm\u00fcnd\u0259n sonra ordunun da\u011f\u0131lmas\u0131n\u0131n qar\u015f\u0131s\u0131n\u0131 almaq \u00fc\u00e7\u00fcn bu \u00f6l\u00fcm\u00fc q\u0131rx s\u0259kkiz g\u00fcn gizli saxlad\u0131. II S\u0259limi s\u0259ssizc\u0259 taxta \u00e7\u0131xarma\u011f\u0131 bacard\u0131. II S\u0259lim, k\u00fcr\u0259k\u0259ni Sokollunu S\u0259dr\u0259z\u0259m olaraq saxlad\u0131. <\/p>\n\n\n\n<p>S\u0259lim Sokollunun \u00f6z k\u00fcr\u0259k\u0259ni oldu\u011fu \u00fc\u00e7\u00fcn d\u00f6vl\u0259t i\u015fl\u0259ri il\u0259 o q\u0259d\u0259r d\u0259 maraqlanmamaqla vaxt\u0131n\u0131 z\u00f6vql\u0259 ke\u00e7irm\u0259k imkan\u0131 qazand\u0131.<br>Hakimiyy\u0259ti d\u00f6vr\u00fcnd\u0259, y\u0259ni t\u0259xmin\u0259n s\u0259kkiz il ba\u015f v\u0259zir olaraq qald\u0131, bundan sonra III Murad taxta \u00e7\u0131xd\u0131 v\u0259 ondan xo\u015fu g\u0259lm\u0259s\u0259 d\u0259, d\u0259yi\u015fdirm\u0259y\u0259 c\u00fcr\u0259ti \u00e7atmad\u0131.<\/p>\n\n\n\n<p>Sokollunun b\u00f6y\u00fck d\u00f6vl\u0259t xadimi oldu\u011funu g\u00f6st\u0259r\u0259n hadis\u0259l\u0259rd\u0259n birincisi Don v\u0259 Volqa \u00e7aylar\u0131 aras\u0131nda kanal a\u00e7araq Orta Asiyaya donanma v\u0259 \u0259sg\u0259r g\u00f6nd\u0259rm\u0259k c\u0259hdi idi. Bu kanal\u0131 qurmaqla Osmanl\u0131 donanmas\u0131 \u00fc\u00e7\u00fcn X\u0259z\u0259r d\u0259nizin\u0259 yol a\u00e7maq ist\u0259yirdi. S\u00fcvey\u015f kanal\u0131n\u0131n a\u00e7\u0131lmas\u0131, \u0130zmit K\u00f6rf\u0259zi &#8212; Sapanca G\u00f6l\u00fc &#8212; Sakarya \u00e7ay\u0131 vasit\u0259sil\u0259 Qara d\u0259niz\u0259 alternativ bir bo\u011faz\u0131n a\u00e7\u0131lmas\u0131 kimi zaman\u0131n \u00f6t\u0259sind\u0259 olan layih\u0259l\u0259ri d\u0259 vard\u0131. Don-Volqa \u00e7ay\u0131 kanal\u0131 \u00fc\u00e7\u00fcn laz\u0131mi i\u015f\u00e7i q\u00fcvv\u0259si s\u0259f\u0259rb\u0259r edildi. Lakin hava \u015f\u0259raiti v\u0259 b\u0259zi d\u00f6vl\u0259t adamlar\u0131n\u0131n etirazlar\u0131 s\u0259b\u0259bind\u0259n i\u015fl\u0259ri davam etdirm\u0259k m\u00fcmk\u00fcn olmad\u0131. S\u00fcvey\u015f Kanal\u0131 fikri il\u0259 ba\u011fl\u0131 Sudan\u0131n al\u0131nmas\u0131, ilkin bir add\u0131m olaraq at\u0131ld\u0131, lakin bu layih\u0259 n\u0259tic\u0259siz qald\u0131.<\/p>\n\n\n\n<p><br>Sokollu Mehmed Pa\u015fa, Yeni\u00e7\u0259ri Oca\u011f\u0131n\u0131 zaman\u0131nda sa\u011flam saxlad\u0131, \u0259sg\u0259rl\u0259r aras\u0131nda nizam -intizam\u0131 poz\u011funlu\u011funu aradan g\u00f6t\u00fcrd\u00fc. Kipr adas\u0131n\u0131 alaraq Aral\u0131q d\u0259nizind\u0259 h\u00f6kmranl\u0131\u011f\u0131n\u0131 g\u00fccl\u0259ndirdi. Venediklil\u0259rin Lepantoda Osmanl\u0131 donanmas\u0131n\u0131 yand\u0131rmas\u0131 d\u00f6vl\u0259t \u00fc\u00e7\u00fcn b\u00f6y\u00fck f\u0259lak\u0259t olsa da, Sokollu v\u0259 K\u0131l\u0131\u00e7 \u018fli Pa\u015fan\u0131n s\u0259yi il\u0259 bir q\u0131\u015fda yenid\u0259n donanma yarad\u0131ld\u0131. \u018fslind\u0259 Venesiya s\u0259firin\u0259 Sokollu demi\u015fdir: \u201cKipri \u200b\u200bsizd\u0259n alaraq bir qolunuzu k\u0259sdik.<strong> Yaln\u0131z donanmam\u0131z\u0131 yand\u0131raraq saqqal\u0131m\u0131z\u0131 q\u0131rxd\u0131n\u0131z. Bir qol geri qay\u0131tmaz, amma k\u0259silmi\u015f saqqal bir daha yenid\u0259n bit\u0259r v\u0259 qal\u0131nla\u015far<\/strong>\u201d. Bu m\u0259\u015fhur bir k\u0259lamd\u0131r v\u0259 dedikl\u0259rini etdi.<\/p>\n\n\n\n<p><br>Sokollu b\u00f6y\u00fck bir imperiyaya yara\u015fan i\u015fl\u0259r g\u00f6rm\u00fc\u015f bir d\u00f6vl\u0259t adam\u0131 idi. Xaric\u0259 qar\u015f\u0131 a\u00e7\u0131q v\u0259 ayd\u0131n bir siyas\u0259t y\u00fcr\u00fcd\u00fcrd\u00fc v\u0259 d\u00f6vl\u0259tin xaricil\u0259r aras\u0131nda nec\u0259 say\u0131laca\u011f\u0131n\u0131 bilirdi. Qay\u0131natas\u0131 II S\u0259limin \u00f6l\u00fcm\u00fcnd\u0259n sonra qaynatas\u0131n\u0131n qarda\u015f\u0131 III Murad d\u00f6vr\u00fcnd\u0259 be\u015f il S\u0259dr\u0259z\u0259m v\u0259zif\u0259sind\u0259 \u00e7al\u0131\u015fd\u0131.<\/p>\n\n\n\n<p><br>Bir g\u00fcn, g\u00fcnortadan sonra d\u00f6vl\u0259t i\u015fl\u0259ri il\u0259 m\u0259\u015f\u011ful olark\u0259n, \u00f6z\u00fcn\u0259 aid bir \u0259riz\u0259 verm\u0259k b\u0259han\u0259si il\u0259 ona yax\u0131nla\u015fan bir d\u0259li t\u0259r\u0259find\u0259n b\u0131\u00e7aqlanaraq \u00f6ld\u00fcr\u00fcld\u00fc v\u0259 Ey\u00fcpd\u0259 d\u0259fn edildi. Deyil\u0259n\u0259 g\u00f6r\u0259, bu d\u0259li \u00f6z\u00fcn\u0259 c\u0259lb ed\u0259 bilm\u0259y\u0259n d\u00fc\u015fm\u0259nl\u0259ri t\u0259r\u0259find\u0259n manipulyasiya edilmi\u015fdir, lakin bu iddia \u015f\u00fcbh\u0259lidir. Pa\u015fan\u0131 \u00f6ld\u00fcr\u0259n \u015f\u0259xs \u0259sg\u0259rl\u0259r t\u0259r\u0259find\u0259n yerind\u0259c\u0259 par\u00e7alanark\u0259n, ba\u015fda sultan olmaqla b\u00fct\u00fcn d\u00f6vl\u0259t m\u0259murlar\u0131 d\u0259rhal i\u00e7\u0259ri al\u0131nd\u0131. B\u00fct\u00fcn m\u00fcdaxil\u0259l\u0259r\u0259 baxmayaraq, Sokollu xilas ola bilm\u0259di v\u0259 q\u0131sa m\u00fcdd\u0259td\u0259 \u00f6ld\u00fc. Sokollunun \u00f6l\u00fcm\u00fc Osmanl\u0131 y\u00fcks\u0259li\u015f d\u00f6vr\u00fcn\u00fcn sonu v\u0259 dur\u011funluq d\u00f6vr\u00fcn\u00fcn ba\u015flan\u011f\u0131c\u0131 hesab olunurdu.<\/p>\n\n\n\n<p><br>Sokollu Mehmed Pa\u015fa, Qanuni S\u00fcleyman d\u00f6vr\u00fcnd\u0259 bir il, \u00fc\u00e7 ay, iki g\u00fcn; II S\u0259limin d\u00f6vr\u00fcnd\u0259 s\u0259kkiz il, iki ay, iyirmi bir g\u00fcn; III Murad d\u00f6vr\u00fcnd\u0259 d\u00f6rd il doqquz ay iyirmi bir g\u00fcn v\u0259zir olaraq \u00e7al\u0131\u015fd\u0131. \u00dc\u00e7 sultan\u0131n hakimiyy\u0259ti d\u00f6vr\u00fcnd\u0259 S\u0259dr\u0259z\u0259mlik m\u00fcdd\u0259ti on d\u00f6rd il \u00fc\u00e7 ay on be\u015f g\u00fcnd\u00fcr. Altm\u0131\u015f illik d\u00f6vl\u0259t xidm\u0259ti m\u00fcdd\u0259tind\u0259 he\u00e7 bir v\u0259zif\u0259sind\u0259n k\u0259narla\u015fd\u0131r\u0131lmad\u0131 v\u0259 on d\u00f6rd illik m\u00f6ht\u0259\u015f\u0259m v\u0259zirliyi d\u00f6vr\u00fcnd\u0259 ustad siyas\u0259t\u00e7i kimi se\u00e7ildi. Bir \u00e7ox h\u0259rbi v\u0259 siyasi u\u011fur qazanmas\u0131nda \u0259sas rol oynad\u0131. H\u0259mi\u015f\u0259 daha y\u00fcks\u0259k bir v\u0259zif\u0259y\u0259 t\u0259yin olunmas\u0131 is\u0259 onun \u00f6z\u0259lliyi say\u0131l\u0131r.<\/p>\n\n\n\n<p><br>Sokollu Mehmed Pa\u015fa T\u00fcrb\u0259si, \u0130stanbulun Eyy\u00fcp Cami-i Kebir Caddesindeki bir m\u0259dr\u0259s\u0259, dar\u00fcl kurra, t\u00fcrb\u0259 v\u0259 \u00e7e\u015fm\u0259d\u0259n ibar\u0259t olan Mehmet Pa\u015fa kompleksind\u0259dir. Kompleksin m\u0259scid olmamas\u0131n\u0131n s\u0259b\u0259bi Ey\u00fcp Sultan M\u0259scidinin yax\u0131nl\u0131qda yerl\u0259\u015fm\u0259sidir. Bu kompleks 1568-1569-cu ill\u0259rd\u0259 Memar Sinan t\u0259r\u0259find\u0259n Sokollu Mehmet Pa\u015fa t\u0259r\u0259find\u0259n tikdirilmi\u015f v\u0259 1961-1962-ci ill\u0259rd\u0259 t\u0259mir edilmi\u015fdir. Bu g\u00fcn kompleksin m\u0259dr\u0259s\u0259si Ey\u00fcp Sa\u011flaml\u0131q M\u0259rk\u0259zi, dar\u00fcl Kura U\u015faq Kitabxanas\u0131 olaraq istifad\u0259 olunur.<\/p>\n\n\n\n<p><br>Sokollu Mehmed Pa\u015fan\u0131n biri \u0130stanbulda, dig\u0259ri L\u00fcleburgaz, Havsa (Edirne) v\u0259 Payas (Hatay) olmaqla be\u015f kompleksi var v\u0259 \u0259s\u0259rl\u0259ri dem\u0259k olar ki, b\u00fct\u00fcn imperiyaya yay\u0131ld\u0131. Bug\u00fcnk\u00fc donanmada Sokollu Mehmed Pa\u015fa adl\u0131 bir m\u0259kt\u0259b g\u0259misi v\u0259 bir \u00e7ox t\u0259\u015fkilat v\u0259 t\u0259\u015fkilat onun ad\u0131n\u0131 ald\u0131. Kad\u0131rga, Azap Qap\u0131s\u0131 v\u0259 Belqradda m\u0259scid v\u0259 m\u0259dr\u0259s\u0259l\u0259r, Ey\u00fcpd\u0259 m\u0259dr\u0259s\u0259 v\u0259 \u00e7e\u015fm\u0259l\u0259r kimi xeyriyy\u0259 fondlar\u0131 var.<\/p>\n\n\n\n<figure class=\"wp-block-image size-large\"><img loading=\"lazy\" decoding=\"async\" width=\"1024\" height=\"603\" src=\"https:\/\/fedai.az\/wp-content\/uploads\/2021\/08\/ac25b7a98ba48496087bfd5aa4c6570c-1024x603.jpg\" alt=\"\" class=\"wp-image-46834\" srcset=\"https:\/\/fedai.az\/wp-content\/uploads\/2021\/08\/ac25b7a98ba48496087bfd5aa4c6570c-1024x603.jpg 1024w, https:\/\/fedai.az\/wp-content\/uploads\/2021\/08\/ac25b7a98ba48496087bfd5aa4c6570c-300x177.jpg 300w, https:\/\/fedai.az\/wp-content\/uploads\/2021\/08\/ac25b7a98ba48496087bfd5aa4c6570c-150x88.jpg 150w, https:\/\/fedai.az\/wp-content\/uploads\/2021\/08\/ac25b7a98ba48496087bfd5aa4c6570c-768x452.jpg 768w, https:\/\/fedai.az\/wp-content\/uploads\/2021\/08\/ac25b7a98ba48496087bfd5aa4c6570c-184x109.jpg 184w, https:\/\/fedai.az\/wp-content\/uploads\/2021\/08\/ac25b7a98ba48496087bfd5aa4c6570c.jpg 1068w\" sizes=\"auto, (max-width: 1024px) 100vw, 1024px\" \/><\/figure>\n\n\n\n<p><br><strong>KAYNAK\u00c7A: <\/strong>\u0130brahim Alaeddin G\u00f6vsa \/ T\u00fcrk Me\u015fhurlar\u0131 (1946), Radovan Samarcic \/ Mehmed Pa\u015fa (1995) &#8212; At that time all people of Bosnia were regarded as Bosniaks: Mehmed Pa\u015fa (2004), Osmanl\u0131 Ansiklopedisi (c. 12, 1999), TDV \u0130slam Ansiklopedisi (c. 36, s. 354, 2007), \u0130hsan I\u015f\u0131k \/ \u00dcnl\u00fc Devlet Adamlar\u0131 (T\u00fcrkiye \u00dcnl\u00fcleri Ansiklopedisi, C. 1, 2013) &#8212; Encyclopedia of Turkey\u2019s Famous People (2013).hsan I\u015f\u0131k \/ \u00dcnl\u00fc Devlet Adamlar\u0131 (T\u00fcrkiye \u00dcnl\u00fcleri Ansiklopedisi, C. 1, 2013) &#8212; Encyclopedia of Turkey\u2019s Famous People (2013).<\/p>\n","protected":false},"excerpt":{"rendered":"<p>Osmanl\u0131 D\u00f6vl\u0259t adam\u0131, Ba\u015f Admiral, S\u0259dr\u0259z\u0259m ( 1505, Sokolovic \/ Visegrad \/ Bosniya &#8212; 1579, \u0130stanbul). Serb \u0259silli Osmanl\u0131 d\u00f6vl\u0259t xadimi idi v\u0259 ilk<\/p>\n","protected":false},"author":2,"featured_media":46835,"comment_status":"closed","ping_status":"closed","sticky":false,"template":"","format":"standard","meta":{"footnotes":""},"categories":[7],"tags":[],"class_list":["post-46830","post","type-post","status-publish","format-standard","has-post-thumbnail","hentry","category-tarix"],"aioseo_notices":[],"_links":{"self":[{"href":"https:\/\/fedai.az\/index.php?rest_route=\/wp\/v2\/posts\/46830","targetHints":{"allow":["GET"]}}],"collection":[{"href":"https:\/\/fedai.az\/index.php?rest_route=\/wp\/v2\/posts"}],"about":[{"href":"https:\/\/fedai.az\/index.php?rest_route=\/wp\/v2\/types\/post"}],"author":[{"embeddable":true,"href":"https:\/\/fedai.az\/index.php?rest_route=\/wp\/v2\/users\/2"}],"replies":[{"embeddable":true,"href":"https:\/\/fedai.az\/index.php?rest_route=%2Fwp%2Fv2%2Fcomments&post=46830"}],"version-history":[{"count":4,"href":"https:\/\/fedai.az\/index.php?rest_route=\/wp\/v2\/posts\/46830\/revisions"}],"predecessor-version":[{"id":46866,"href":"https:\/\/fedai.az\/index.php?rest_route=\/wp\/v2\/posts\/46830\/revisions\/46866"}],"wp:featuredmedia":[{"embeddable":true,"href":"https:\/\/fedai.az\/index.php?rest_route=\/wp\/v2\/media\/46835"}],"wp:attachment":[{"href":"https:\/\/fedai.az\/index.php?rest_route=%2Fwp%2Fv2%2Fmedia&parent=46830"}],"wp:term":[{"taxonomy":"category","embeddable":true,"href":"https:\/\/fedai.az\/index.php?rest_route=%2Fwp%2Fv2%2Fcategories&post=46830"},{"taxonomy":"post_tag","embeddable":true,"href":"https:\/\/fedai.az\/index.php?rest_route=%2Fwp%2Fv2%2Ftags&post=46830"}],"curies":[{"name":"wp","href":"https:\/\/api.w.org\/{rel}","templated":true}]}}