{"id":46838,"date":"2021-08-29T09:34:30","date_gmt":"2021-08-29T05:34:30","guid":{"rendered":"https:\/\/fedai.az\/?p=46838"},"modified":"2021-08-29T09:34:33","modified_gmt":"2021-08-29T05:34:33","slug":"az%c9%99rbaycan-paralimpiyacilari-8-ci-qizil-medali-qazandi","status":"publish","type":"post","link":"https:\/\/fedai.az\/?p=46838","title":{"rendered":"Az\u0259rbaycan paralimpiya\u00e7\u0131lar\u0131 8-ci q\u0131z\u0131l medal\u0131 qazand\u0131"},"content":{"rendered":"\n<p><strong>Az\u0259rbaycan\u0131n para-atleti Elvin Astanov Tokio-2020 Yay Paralimpiya Oyunlar\u0131nda q\u0131z\u0131l medal qazan\u0131b.<\/strong><\/p>\n\n\n\n<p><br>42 ya\u015fl\u0131 idman\u00e7\u0131 k\u00fcr\u0259 it\u0259l\u0259m\u0259 n\u00f6v\u00fcnd\u0259 b\u00fct\u00fcn r\u0259qibl\u0259rind\u0259n \u00fcst\u00fcn olub.<\/p>\n\n\n\n<p>O, 8,77 metr n\u0259tic\u0259 il\u0259 paralimpiya rekordunu da q\u0131r\u0131b.<\/p>\n\n\n\n<p><br>Qeyd ed\u0259k ki, Az\u0259rbaycan komandas\u0131 bununla 8 q\u0131z\u0131l v\u0259 2 b\u00fcr\u00fcnc medal \u0259ld\u0259 edib.<\/p>\n","protected":false},"excerpt":{"rendered":"<p>Az\u0259rbaycan\u0131n para-atleti Elvin Astanov Tokio-2020 Yay Paralimpiya Oyunlar\u0131nda q\u0131z\u0131l medal qazan\u0131b. 42 ya\u015fl\u0131 idman\u00e7\u0131 k\u00fcr\u0259 it\u0259l\u0259m\u0259 n\u00f6v\u00fcnd\u0259 b\u00fct\u00fcn r\u0259qibl\u0259rind\u0259n \u00fcst\u00fcn olub. O, 8,77 metr<\/p>\n","protected":false},"author":2,"featured_media":46839,"comment_status":"closed","ping_status":"closed","sticky":false,"template":"","format":"standard","meta":{"footnotes":""},"categories":[3],"tags":[],"class_list":["post-46838","post","type-post","status-publish","format-standard","has-post-thumbnail","hentry","category-gundm"],"aioseo_notices":[],"_links":{"self":[{"href":"https:\/\/fedai.az\/index.php?rest_route=\/wp\/v2\/posts\/46838","targetHints":{"allow":["GET"]}}],"collection":[{"href":"https:\/\/fedai.az\/index.php?rest_route=\/wp\/v2\/posts"}],"about":[{"href":"https:\/\/fedai.az\/index.php?rest_route=\/wp\/v2\/types\/post"}],"author":[{"embeddable":true,"href":"https:\/\/fedai.az\/index.php?rest_route=\/wp\/v2\/users\/2"}],"replies":[{"embeddable":true,"href":"https:\/\/fedai.az\/index.php?rest_route=%2Fwp%2Fv2%2Fcomments&post=46838"}],"version-history":[{"count":1,"href":"https:\/\/fedai.az\/index.php?rest_route=\/wp\/v2\/posts\/46838\/revisions"}],"predecessor-version":[{"id":46840,"href":"https:\/\/fedai.az\/index.php?rest_route=\/wp\/v2\/posts\/46838\/revisions\/46840"}],"wp:featuredmedia":[{"embeddable":true,"href":"https:\/\/fedai.az\/index.php?rest_route=\/wp\/v2\/media\/46839"}],"wp:attachment":[{"href":"https:\/\/fedai.az\/index.php?rest_route=%2Fwp%2Fv2%2Fmedia&parent=46838"}],"wp:term":[{"taxonomy":"category","embeddable":true,"href":"https:\/\/fedai.az\/index.php?rest_route=%2Fwp%2Fv2%2Fcategories&post=46838"},{"taxonomy":"post_tag","embeddable":true,"href":"https:\/\/fedai.az\/index.php?rest_route=%2Fwp%2Fv2%2Ftags&post=46838"}],"curies":[{"name":"wp","href":"https:\/\/api.w.org\/{rel}","templated":true}]}}