{"id":46841,"date":"2021-08-29T09:50:20","date_gmt":"2021-08-29T05:50:20","guid":{"rendered":"https:\/\/fedai.az\/?p=46841"},"modified":"2021-08-29T09:50:24","modified_gmt":"2021-08-29T05:50:24","slug":"az%c9%99rbaycan-t%c9%99r%c9%99finin-etdikl%c9%99ri-tamamil%c9%99-dogrudur-ukraynali-h%c9%99rbi-ekspert","status":"publish","type":"post","link":"https:\/\/fedai.az\/?p=46841","title":{"rendered":"Az\u0259rbaycan t\u0259r\u0259finin etdikl\u0259ri tamamil\u0259 do\u011frudur &#8212; Ukraynal\u0131 h\u0259rbi ekspert"},"content":{"rendered":"\n<p><strong>Az\u0259rbaycan t\u0259r\u0259finin etdikl\u0259ri tamamil\u0259 do\u011frudur<\/strong>.<\/p>\n\n\n\n<p>H\u0259rbi ekspert, ehtiyatda olan polkovnik, Ukrayna Ba\u015f Q\u0259rargah\u0131n\u0131n \u0259m\u0259liyyat idar\u0259sinin ke\u00e7mi\u015f \u0259m\u0259kda\u015f\u0131 Oleq Jdanov bu s\u00f6zl\u0259ri Oxu.Az-a m\u00fcsahib\u0259sind\u0259 deyib.<\/p>\n\n\n\n<p>O bildirib ki, Az\u0259rbaycan g\u0259r\u0259k di\u015fl\u0259rini g\u00f6st\u0259rsin ki, Erm\u0259nistan Az\u0259rbaycan\u0131n s\u0259rh\u0259dl\u0259rini v\u0259 azad edilmi\u015f \u0259razisini m\u00fcdafi\u0259 etm\u0259k \u00fc\u00e7\u00fcn ist\u0259nil\u0259n add\u0131m atma\u011fa haz\u0131r oldu\u011funu ba\u015fa d\u00fc\u015fs\u00fcn.<\/p>\n\n\n\n<p>\u201cErm\u0259nistan is\u0259 Rusiya Federasiyas\u0131n\u0131n n\u00fcmun\u0259l\u0259rin\u0259 \u0259sas\u0259n h\u0259r\u0259k\u0259t edir: t\u0259xribatlar v\u0259 at\u0259\u015f a\u00e7maq onlar \u00fc\u00e7\u00fcn normad\u0131r. Ancaq g\u00fcc\u0259 yaln\u0131z g\u00fccl\u0259 cavab verm\u0259k laz\u0131md\u0131r\u201d, &#8212; dey\u0259 O. Jdanov qeyd edib.<\/p>\n\n\n\n<p>Onun s\u00f6zl\u0259rin\u0259 g\u00f6r\u0259, Az\u0259rbaycan he\u00e7 bir beyn\u0259lxalq norman\u0131 pozmur:<\/p>\n\n\n\n<p>\u201cBura sizin \u00f6lk\u0259nizin \u0259razisidir, hans\u0131 iddialar ola bil\u0259r?<\/p>\n\n\n\n<p>M\u0259s\u0259l\u0259 ba\u015fqad\u0131r &#8212; Erm\u0259nistanda h\u00f6km s\u00fcr\u0259n reall\u0131qlar haqq\u0131nda bir anlay\u0131\u015f ortaya \u00e7\u0131xacaqm\u0131, \u0130r\u0259van d\u00f6vl\u0259t s\u0259rh\u0259di kimi bir anlay\u0131\u015f\u0131 q\u0259bul etm\u0259y\u0259 haz\u0131r olacaqm\u0131? Bu ba\u015f verm\u0259s\u0259, daimi m\u00fcnaqi\u015f\u0259 v\u0259ziyy\u0259ti yaranacaq.<\/p>\n\n\n\n<p>V\u0259 bu Erm\u0259nistan r\u0259hb\u0259rliyinin diqq\u0259tin\u0259 \u00e7atd\u0131r\u0131lmal\u0131, onlar\u0131n hans\u0131 se\u00e7iml\u0259 \u00fczl\u0259\u015fdikl\u0259ri izah edilm\u0259lidir &#8212; h\u0259rbi \u0259m\u0259liyyatlar, m\u00fcharib\u0259 v\u0259 ya dan\u0131\u015f\u0131qlar masas\u0131, s\u00fclh v\u0259 d\u00f6vl\u0259t s\u0259rh\u0259dinin demarkasiyas\u0131\u201d.<\/p>\n","protected":false},"excerpt":{"rendered":"<p>Az\u0259rbaycan t\u0259r\u0259finin etdikl\u0259ri tamamil\u0259 do\u011frudur. H\u0259rbi ekspert, ehtiyatda olan polkovnik, Ukrayna Ba\u015f Q\u0259rargah\u0131n\u0131n \u0259m\u0259liyyat idar\u0259sinin ke\u00e7mi\u015f \u0259m\u0259kda\u015f\u0131 Oleq Jdanov bu s\u00f6zl\u0259ri Oxu.Az-a m\u00fcsahib\u0259sind\u0259 deyib.<\/p>\n","protected":false},"author":2,"featured_media":46842,"comment_status":"closed","ping_status":"closed","sticky":false,"template":"","format":"standard","meta":{"footnotes":""},"categories":[4],"tags":[],"class_list":["post-46841","post","type-post","status-publish","format-standard","has-post-thumbnail","hentry","category-qarabag"],"aioseo_notices":[],"_links":{"self":[{"href":"https:\/\/fedai.az\/index.php?rest_route=\/wp\/v2\/posts\/46841","targetHints":{"allow":["GET"]}}],"collection":[{"href":"https:\/\/fedai.az\/index.php?rest_route=\/wp\/v2\/posts"}],"about":[{"href":"https:\/\/fedai.az\/index.php?rest_route=\/wp\/v2\/types\/post"}],"author":[{"embeddable":true,"href":"https:\/\/fedai.az\/index.php?rest_route=\/wp\/v2\/users\/2"}],"replies":[{"embeddable":true,"href":"https:\/\/fedai.az\/index.php?rest_route=%2Fwp%2Fv2%2Fcomments&post=46841"}],"version-history":[{"count":1,"href":"https:\/\/fedai.az\/index.php?rest_route=\/wp\/v2\/posts\/46841\/revisions"}],"predecessor-version":[{"id":46843,"href":"https:\/\/fedai.az\/index.php?rest_route=\/wp\/v2\/posts\/46841\/revisions\/46843"}],"wp:featuredmedia":[{"embeddable":true,"href":"https:\/\/fedai.az\/index.php?rest_route=\/wp\/v2\/media\/46842"}],"wp:attachment":[{"href":"https:\/\/fedai.az\/index.php?rest_route=%2Fwp%2Fv2%2Fmedia&parent=46841"}],"wp:term":[{"taxonomy":"category","embeddable":true,"href":"https:\/\/fedai.az\/index.php?rest_route=%2Fwp%2Fv2%2Fcategories&post=46841"},{"taxonomy":"post_tag","embeddable":true,"href":"https:\/\/fedai.az\/index.php?rest_route=%2Fwp%2Fv2%2Ftags&post=46841"}],"curies":[{"name":"wp","href":"https:\/\/api.w.org\/{rel}","templated":true}]}}