{"id":46847,"date":"2021-08-29T13:17:12","date_gmt":"2021-08-29T09:17:12","guid":{"rendered":"https:\/\/fedai.az\/?p=46847"},"modified":"2021-08-29T15:51:17","modified_gmt":"2021-08-29T11:51:17","slug":"ilham-z%c9%99kiyev-11-ci-paralimpiya-medalimizi-qazandi","status":"publish","type":"post","link":"https:\/\/fedai.az\/?p=46847","title":{"rendered":"\u0130lham Z\u0259kiyev 12-ci paralimpiya medal\u0131m\u0131z\u0131 qazand\u0131"},"content":{"rendered":"\n<p><strong>Az\u0259rbaycan Tokio-2020 Yay Paralimpiya Oyunlarda daha bir medal qazan\u0131b.<\/strong><\/p>\n\n\n\n<p>\u00d6lk\u0259mizi parac\u00fcdo \u00fczr\u0259 t\u0259msil ed\u0259n t\u0259cr\u00fcb\u0259li idman\u00e7\u0131 \u0130lham Z\u0259kiyev 3-c\u00fc yeri tutub.<\/p>\n\n\n\n<p>Bel\u0259likl\u0259 y\u0131\u011fmam\u0131z Tokioda 12-ci medal\u0131n\u0131 qazan\u0131b. Komandam\u0131z\u0131n hesab\u0131nda 9 q\u0131z\u0131l, 3 b\u00fcr\u00fcnc m\u00fckafat var.<\/p>\n\n\n\n<p>Qeyd ed\u0259k ki, m\u00fcharib\u0259 \u0259lili \u0130lham Z\u0259kiyev daha \u0259vv\u0259l Afina-2004 v\u0259 Pekin-2008 Paralimpiya Oyunlar\u0131nda q\u0131z\u0131l, London-2012-d\u0259 is\u0259 b\u00fcr\u00fcnc m\u00fckafat qazan\u0131b.<\/p>\n\n\n\n<figure class=\"wp-block-image size-large is-resized\"><img loading=\"lazy\" decoding=\"async\" src=\"https:\/\/fedai.az\/wp-content\/uploads\/2021\/08\/dursedef-kerimova.jpg\" alt=\"\" class=\"wp-image-46848\" width=\"889\" height=\"642\" srcset=\"https:\/\/fedai.az\/wp-content\/uploads\/2021\/08\/dursedef-kerimova.jpg 533w, https:\/\/fedai.az\/wp-content\/uploads\/2021\/08\/dursedef-kerimova-300x217.jpg 300w, https:\/\/fedai.az\/wp-content\/uploads\/2021\/08\/dursedef-kerimova-150x108.jpg 150w\" sizes=\"auto, (max-width: 889px) 100vw, 889px\" \/><\/figure>\n\n\n\n<p>Az\u0259rbaycan\u0131n qad\u0131n parac\u00fcdo\u00e7usu D\u00fcrs\u0259d\u0259f K\u0259rimova is\u0259 Tokio-2020 Yay Paralimpiya Oyunlar\u0131nda yar\u0131mfinal g\u00f6r\u00fc\u015f\u00fcn\u0259 \u00e7\u0131x\u0131b.<\/p>\n\n\n\n<p>\u00c7\u0259kisi 70 kq-dan yuxar\u0131 \u00e7\u0259ki d\u0259r\u0259c\u0259sind\u0259 m\u00fcbariz\u0259 aparan idman\u00e7\u0131 Braziliya t\u0259msil\u00e7isi Meg Emmerikl\u0259 (Braziliya) \u00fcz-\u00fcz\u0259 g\u0259lib.<\/p>\n\n\n\n<p>R\u0259qibin\u0259 qalib g\u0259l\u0259n K\u0259rimova finala y\u00fcks\u0259lib v\u0259 n\u00f6vb\u0259ti q\u0131z\u0131l medal\u0131n sahibi olub.<\/p>\n\n\n\n<p>Az\u0259rbaycan haz\u0131rda 9 q\u0131z\u0131l v\u0259 3 b\u00fcr\u00fcnc medalla yeddinci s\u0131rada q\u0259rarla\u015f\u0131b.<\/p>\n","protected":false},"excerpt":{"rendered":"<p>Az\u0259rbaycan Tokio-2020 Yay Paralimpiya Oyunlarda daha bir medal qazan\u0131b. \u00d6lk\u0259mizi parac\u00fcdo \u00fczr\u0259 t\u0259msil ed\u0259n t\u0259cr\u00fcb\u0259li idman\u00e7\u0131 \u0130lham Z\u0259kiyev 3-c\u00fc yeri tutub. Bel\u0259likl\u0259 y\u0131\u011fmam\u0131z Tokioda<\/p>\n","protected":false},"author":2,"featured_media":46849,"comment_status":"closed","ping_status":"closed","sticky":false,"template":"","format":"standard","meta":{"footnotes":""},"categories":[12],"tags":[],"class_list":["post-46847","post","type-post","status-publish","format-standard","has-post-thumbnail","hentry","category-sosial"],"aioseo_notices":[],"_links":{"self":[{"href":"https:\/\/fedai.az\/index.php?rest_route=\/wp\/v2\/posts\/46847","targetHints":{"allow":["GET"]}}],"collection":[{"href":"https:\/\/fedai.az\/index.php?rest_route=\/wp\/v2\/posts"}],"about":[{"href":"https:\/\/fedai.az\/index.php?rest_route=\/wp\/v2\/types\/post"}],"author":[{"embeddable":true,"href":"https:\/\/fedai.az\/index.php?rest_route=\/wp\/v2\/users\/2"}],"replies":[{"embeddable":true,"href":"https:\/\/fedai.az\/index.php?rest_route=%2Fwp%2Fv2%2Fcomments&post=46847"}],"version-history":[{"count":2,"href":"https:\/\/fedai.az\/index.php?rest_route=\/wp\/v2\/posts\/46847\/revisions"}],"predecessor-version":[{"id":46855,"href":"https:\/\/fedai.az\/index.php?rest_route=\/wp\/v2\/posts\/46847\/revisions\/46855"}],"wp:featuredmedia":[{"embeddable":true,"href":"https:\/\/fedai.az\/index.php?rest_route=\/wp\/v2\/media\/46849"}],"wp:attachment":[{"href":"https:\/\/fedai.az\/index.php?rest_route=%2Fwp%2Fv2%2Fmedia&parent=46847"}],"wp:term":[{"taxonomy":"category","embeddable":true,"href":"https:\/\/fedai.az\/index.php?rest_route=%2Fwp%2Fv2%2Fcategories&post=46847"},{"taxonomy":"post_tag","embeddable":true,"href":"https:\/\/fedai.az\/index.php?rest_route=%2Fwp%2Fv2%2Ftags&post=46847"}],"curies":[{"name":"wp","href":"https:\/\/api.w.org\/{rel}","templated":true}]}}