{"id":46851,"date":"2021-08-29T15:33:06","date_gmt":"2021-08-29T11:33:06","guid":{"rendered":"https:\/\/fedai.az\/?p=46851"},"modified":"2021-08-29T15:33:10","modified_gmt":"2021-08-29T11:33:10","slug":"mudafi%c9%99-nazirliyi-dusm%c9%99nin-yaydigi-dezinformasiyani-t%c9%99kzib-edib","status":"publish","type":"post","link":"https:\/\/fedai.az\/?p=46851","title":{"rendered":"M\u00fcdafi\u0259 Nazirliyi d\u00fc\u015fm\u0259nin yayd\u0131\u011f\u0131 dezinformasiyan\u0131 t\u0259kzib edib"},"content":{"rendered":"\n<p><strong>M\u00fcdafi\u0259 Nazirliyi Az\u0259rbaycan Ordusunun b\u00f6lm\u0259l\u0259ri t\u0259r\u0259find\u0259n guya bir ne\u00e7\u0259 istiqam\u0259td\u0259 at\u0259\u015f a\u00e7\u0131lmas\u0131, at\u0131\u015fman\u0131n 2 saatad\u0259k davam etm\u0259si v\u0259 h\u0259rb\u00e7il\u0259rimiz aras\u0131nda yaral\u0131lar\u0131n olmas\u0131 bar\u0259d\u0259 Erm\u0259nistan t\u0259r\u0259finin yayd\u0131\u011f\u0131 m\u0259lumata m\u00fcnasib\u0259t bildirib.<\/strong><\/p>\n\n\n\n<p>Nazirlikd\u0259n\u00a0bildirilib ki, qar\u015f\u0131 t\u0259r\u0259fin yayd\u0131\u011f\u0131 m\u0259lumat tam yaland\u0131r v\u0259 t\u0259xribat xarakteri da\u015f\u0131y\u0131r:<\/p>\n\n\n\n<p>&#171;Bu c\u00fcr m\u0259lumatlar\u0131 yaymaqla qar\u015f\u0131 t\u0259r\u0259f Erm\u0259nistan ordusunun b\u00f6lm\u0259l\u0259rind\u0259 ba\u015f ver\u0259n silahl\u0131 insidentl\u0259r n\u0259tic\u0259sind\u0259 h\u0259lak olan v\u0259 yaralanlar bar\u0259d\u0259 m\u0259lumatlar\u0131 gizl\u0259tm\u0259k m\u0259qs\u0259di g\u00fcd\u00fcr. \u018fksin\u0259, Erm\u0259nistan silahl\u0131 q\u00fcvv\u0259l\u0259rinin b\u00f6lm\u0259l\u0259ri avqustun 29-u saat 01:40-dan 02:10-d\u0259k Basarke\u00e7\u0259r rayonunun Zod ya\u015fay\u0131\u015f m\u0259nt\u0259q\u0259sind\u0259 yerl\u0259\u015f\u0259n m\u00f6vqel\u0259rind\u0259n K\u0259lb\u0259c\u0259r rayonunun D\u0259mir\u00e7idam ya\u015fay\u0131\u015f m\u0259nt\u0259q\u0259si istiqam\u0259tind\u0259 yerl\u0259\u015f\u0259n Az\u0259rbaycan Ordusunun m\u00f6vqel\u0259rini m\u00fcxt\u0259lif \u00e7apl\u0131 silahlardan istifad\u0259 etm\u0259kl\u0259 at\u0259\u015f\u0259 tutub. Cavab at\u0259\u015fil\u0259 qar\u015f\u0131 t\u0259r\u0259f susdurulub.<\/p>\n\n\n\n<p>R\u0259smi olaraq bildirilir ki, Az\u0259rbaycan Ordusunun b\u00f6lm\u0259l\u0259ri aras\u0131nda yaralanan yoxdur&#187;.<\/p>\n","protected":false},"excerpt":{"rendered":"<p>M\u00fcdafi\u0259 Nazirliyi Az\u0259rbaycan Ordusunun b\u00f6lm\u0259l\u0259ri t\u0259r\u0259find\u0259n guya bir ne\u00e7\u0259 istiqam\u0259td\u0259 at\u0259\u015f a\u00e7\u0131lmas\u0131, at\u0131\u015fman\u0131n 2 saatad\u0259k davam etm\u0259si v\u0259 h\u0259rb\u00e7il\u0259rimiz aras\u0131nda yaral\u0131lar\u0131n olmas\u0131 bar\u0259d\u0259 Erm\u0259nistan<\/p>\n","protected":false},"author":2,"featured_media":46852,"comment_status":"closed","ping_status":"closed","sticky":false,"template":"","format":"standard","meta":{"footnotes":""},"categories":[4],"tags":[],"class_list":["post-46851","post","type-post","status-publish","format-standard","has-post-thumbnail","hentry","category-qarabag"],"aioseo_notices":[],"_links":{"self":[{"href":"https:\/\/fedai.az\/index.php?rest_route=\/wp\/v2\/posts\/46851","targetHints":{"allow":["GET"]}}],"collection":[{"href":"https:\/\/fedai.az\/index.php?rest_route=\/wp\/v2\/posts"}],"about":[{"href":"https:\/\/fedai.az\/index.php?rest_route=\/wp\/v2\/types\/post"}],"author":[{"embeddable":true,"href":"https:\/\/fedai.az\/index.php?rest_route=\/wp\/v2\/users\/2"}],"replies":[{"embeddable":true,"href":"https:\/\/fedai.az\/index.php?rest_route=%2Fwp%2Fv2%2Fcomments&post=46851"}],"version-history":[{"count":1,"href":"https:\/\/fedai.az\/index.php?rest_route=\/wp\/v2\/posts\/46851\/revisions"}],"predecessor-version":[{"id":46853,"href":"https:\/\/fedai.az\/index.php?rest_route=\/wp\/v2\/posts\/46851\/revisions\/46853"}],"wp:featuredmedia":[{"embeddable":true,"href":"https:\/\/fedai.az\/index.php?rest_route=\/wp\/v2\/media\/46852"}],"wp:attachment":[{"href":"https:\/\/fedai.az\/index.php?rest_route=%2Fwp%2Fv2%2Fmedia&parent=46851"}],"wp:term":[{"taxonomy":"category","embeddable":true,"href":"https:\/\/fedai.az\/index.php?rest_route=%2Fwp%2Fv2%2Fcategories&post=46851"},{"taxonomy":"post_tag","embeddable":true,"href":"https:\/\/fedai.az\/index.php?rest_route=%2Fwp%2Fv2%2Ftags&post=46851"}],"curies":[{"name":"wp","href":"https:\/\/api.w.org\/{rel}","templated":true}]}}