{"id":46856,"date":"2021-08-29T16:37:35","date_gmt":"2021-08-29T12:37:35","guid":{"rendered":"https:\/\/fedai.az\/?p=46856"},"modified":"2021-08-29T16:37:38","modified_gmt":"2021-08-29T12:37:38","slug":"%c9%99rdogan-ilham-%c9%99liyevl%c9%99-razilasdiq","status":"publish","type":"post","link":"https:\/\/fedai.az\/?p=46856","title":{"rendered":"\u018frdo\u011fan: \u201c\u0130lham \u018fliyevl\u0259 raz\u0131la\u015fd\u0131q\u201d"},"content":{"rendered":"\n<p><strong>Erm\u0259nistanda qurulan yeni h\u00f6kum\u0259tin b\u00f6lg\u0259 \u00fc\u00e7\u00fcn faydal\u0131 olmas\u0131n\u0131 dil\u0259yir\u0259m.<\/strong><\/p>\n\n\n\n<p><br>Bunu T\u00fcrkiy\u0259 prezidenti R\u0259c\u0259b Tayyib \u018frdo\u011fan jurnalistl\u0259r\u0259 a\u00e7\u0131qlamas\u0131nda bildirib.<\/p>\n\n\n\n<p><br>D\u00f6vl\u0259t ba\u015f\u00e7\u0131s\u0131 Bosniya v\u0259 Herseqovina, h\u0259m\u00e7inin \u00c7ernoqoriyaya r\u0259smi s\u0259f\u0259rind\u0259n sonra media m\u0259nsublar\u0131n\u0131n suallar\u0131n\u0131 cavabland\u0131r\u0131b. Suallardan biri d\u0259 C\u0259nubi Qafqazdak\u0131 v\u0259ziyy\u0259tl\u0259 ba\u011fl\u0131 olub.<\/p>\n\n\n\n<p><br>T\u00fcrkiy\u0259 prezidenti b\u00f6lg\u0259d\u0259 yeni, konstruktiv yana\u015fmalara ehtiyac oldu\u011funu bildirib.<\/p>\n\n\n\n<p><br>&#171;D\u00fc\u015f\u00fcnc\u0259 v\u0259 g\u00f6zl\u0259ntil\u0259rd\u0259 fikir ayr\u0131l\u0131qlar\u0131 olsa da, bir-birinin \u0259razi b\u00fct\u00f6vl\u00fcy\u00fcn\u0259 v\u0259 suverenliyin\u0259 h\u00f6rm\u0259t d\u0259 daxil olmaqla, etimad \u0259sas\u0131nda yax\u015f\u0131 qon\u015fuluq m\u00fcnasib\u0259tl\u0259rinin inki\u015faf\u0131 \u00fc\u00e7\u00fcn s\u0259mimi s\u0259y g\u00f6st\u0259rm\u0259k laz\u0131md\u0131r. Yax\u0131n tarix d\u00fc\u015fm\u0259n\u00e7ilik m\u0259nb\u0259yi olmamal\u0131d\u0131r. Davaml\u0131 s\u00fclh v\u0259 birlikd\u0259 ya\u015famaq \u00fc\u00e7\u00fcn konstruktiv add\u0131mlar at\u0131lmal\u0131d\u0131r. Birt\u0259r\u0259fli ittihamlar yerin\u0259, g\u0259l\u0259c\u0259y\u0259 baxan, realist yana\u015fmalar \u00fcst\u00fcnl\u00fck t\u0259\u015fkil etm\u0259lidir. Bu istiqam\u0259td\u0259 h\u0259r\u0259k\u0259t etm\u0259y\u0259 haz\u0131r oldu\u011funu b\u0259yan ed\u0259n Erm\u0259nistan h\u00f6kum\u0259ti il\u0259 m\u00fcnasib\u0259tl\u0259rimizi t\u0259dric\u0259n normalla\u015fd\u0131rmaq \u00fc\u00e7\u00fcn \u00e7al\u0131\u015fa bil\u0259rik.<\/p>\n\n\n\n<p><br>\u0130ndi s\u00fclh\u00fc v\u0259 sabitliyi davaml\u0131 etm\u0259li, iqtisadi inki\u015faf v\u0259 regional \u0259m\u0259kda\u015fl\u0131q \u00fc\u00e7\u00fcn \u015f\u0259rait yaratmal\u0131y\u0131q. Az\u0259rbaycan da ox\u015far anlay\u0131\u015fla Erm\u0259nistanla h\u0259rt\u0259r\u0259fli s\u00fclh sazi\u015fi \u00fc\u00e7\u00fcn dan\u0131\u015f\u0131qlara ba\u015flama\u011f\u0131 t\u0259klif edir. 10 Noyabr 2020-ci il tarixli \u00fc\u00e7t\u0259r\u0259fli b\u0259yannam\u0259d\u0259ki raz\u0131la\u015fmalar b\u00fct\u00fcn b\u00f6lg\u0259ni birl\u0259\u015fdir\u0259r\u0259k C\u0259nubi Qafqaz\u0131 d\u0259yi\u015fdir\u0259c\u0259k yeni imkanlar yaranacaq. Bu tarixi f\u00fcrs\u0259td\u0259n yax\u015f\u0131 istifad\u0259 etm\u0259k ist\u0259y\u0259n b\u00fct\u00fcn t\u0259r\u0259fl\u0259rl\u0259 i\u015fl\u0259m\u0259y\u0259 haz\u0131r\u0131q. Be\u015flik v\u0259 ya alt\u0131l\u0131q platformas\u0131 t\u0259klifimiz var. Bu platformaya T\u00fcrkiy\u0259, Az\u0259rbaycan, Rusiya, \u0130ran v\u0259 Erm\u0259nistan daxildir. H\u0259tta dedik ki, bura G\u00fcrc\u00fcstan\u0131 da daxil etm\u0259liyik. Bu platforma bu \u015f\u0259kild\u0259 q\u0259bul edils\u0259ydi, d\u00fc\u015f\u00fcn\u00fcr\u0259m ki, b\u00f6lg\u0259 daha rahat n\u0259f\u0259s ala bil\u0259rdi. \u00c7\u00fcnki regionda yeni d\u0259mir v\u0259 avtomobil yollar\u0131 infrasturkturunun yarad\u0131lmas\u0131na ehtiyac var. D\u00fc\u015f\u00fcnd\u00fck ki, bel\u0259 bir add\u0131m atmaqla b\u00f6lg\u0259d\u0259ki bir \u00e7ox probleml\u0259ri aradan qald\u0131ra bil\u0259rik. Bunlar\u0131 c\u0259nab Putinl\u0259 m\u00fczakir\u0259 ed\u0259rk\u0259n raz\u0131la\u015fd\u0131q. Eyni \u015f\u0259kild\u0259 \u0130lham \u018fliyevl\u0259 d\u0259 raz\u0131la\u015fd\u0131q. Bu arada \u0130randa prezident d\u0259yi\u015fikliyi oldu. Bu bar\u0259d\u0259 \u0130ran\u0131n yeni Prezidenti c\u0259nab R\u0259isi il\u0259 d\u0259 dan\u0131\u015fa bil\u0259rik. Daha sonra is\u0259 bu platforman\u0131 canland\u0131rmaq \u00fc\u00e7\u00fcn add\u0131mlar atar\u0131q\u201d, -dey\u0259 \u018frdo\u011fan qeyd edib.\u00a0<\/p>\n\n\n\n<p>M\u0259nb\u0259: Haber Global<\/p>\n","protected":false},"excerpt":{"rendered":"<p>Erm\u0259nistanda qurulan yeni h\u00f6kum\u0259tin b\u00f6lg\u0259 \u00fc\u00e7\u00fcn faydal\u0131 olmas\u0131n\u0131 dil\u0259yir\u0259m. Bunu T\u00fcrkiy\u0259 prezidenti R\u0259c\u0259b Tayyib \u018frdo\u011fan jurnalistl\u0259r\u0259 a\u00e7\u0131qlamas\u0131nda bildirib. D\u00f6vl\u0259t ba\u015f\u00e7\u0131s\u0131 Bosniya v\u0259 Herseqovina, h\u0259m\u00e7inin<\/p>\n","protected":false},"author":2,"featured_media":46857,"comment_status":"closed","ping_status":"closed","sticky":false,"template":"","format":"standard","meta":{"footnotes":""},"categories":[4],"tags":[],"class_list":["post-46856","post","type-post","status-publish","format-standard","has-post-thumbnail","hentry","category-qarabag"],"aioseo_notices":[],"_links":{"self":[{"href":"https:\/\/fedai.az\/index.php?rest_route=\/wp\/v2\/posts\/46856","targetHints":{"allow":["GET"]}}],"collection":[{"href":"https:\/\/fedai.az\/index.php?rest_route=\/wp\/v2\/posts"}],"about":[{"href":"https:\/\/fedai.az\/index.php?rest_route=\/wp\/v2\/types\/post"}],"author":[{"embeddable":true,"href":"https:\/\/fedai.az\/index.php?rest_route=\/wp\/v2\/users\/2"}],"replies":[{"embeddable":true,"href":"https:\/\/fedai.az\/index.php?rest_route=%2Fwp%2Fv2%2Fcomments&post=46856"}],"version-history":[{"count":1,"href":"https:\/\/fedai.az\/index.php?rest_route=\/wp\/v2\/posts\/46856\/revisions"}],"predecessor-version":[{"id":46858,"href":"https:\/\/fedai.az\/index.php?rest_route=\/wp\/v2\/posts\/46856\/revisions\/46858"}],"wp:featuredmedia":[{"embeddable":true,"href":"https:\/\/fedai.az\/index.php?rest_route=\/wp\/v2\/media\/46857"}],"wp:attachment":[{"href":"https:\/\/fedai.az\/index.php?rest_route=%2Fwp%2Fv2%2Fmedia&parent=46856"}],"wp:term":[{"taxonomy":"category","embeddable":true,"href":"https:\/\/fedai.az\/index.php?rest_route=%2Fwp%2Fv2%2Fcategories&post=46856"},{"taxonomy":"post_tag","embeddable":true,"href":"https:\/\/fedai.az\/index.php?rest_route=%2Fwp%2Fv2%2Ftags&post=46856"}],"curies":[{"name":"wp","href":"https:\/\/api.w.org\/{rel}","templated":true}]}}