{"id":46867,"date":"2021-08-30T00:19:32","date_gmt":"2021-08-29T20:19:32","guid":{"rendered":"https:\/\/fedai.az\/?p=46867"},"modified":"2021-08-30T00:19:37","modified_gmt":"2021-08-29T20:19:37","slug":"ilham-%c9%99liyev-uzeyir-hacib%c9%99ylinin-susa-s%c9%99h%c9%99rind%c9%99ki-ev-muzeyind%c9%99-aparilacaq-isl%c9%99rl%c9%99-tanis-olub","status":"publish","type":"post","link":"https:\/\/fedai.az\/?p=46867","title":{"rendered":"\u0130lham \u018fliyev \u00dczeyir Hac\u0131b\u0259ylinin \u015eu\u015fa \u015f\u0259h\u0259rind\u0259ki ev-muzeyind\u0259 apar\u0131lacaq i\u015fl\u0259rl\u0259 tan\u0131\u015f olub"},"content":{"rendered":"\n<p><strong>Az\u0259rbaycan Respublikas\u0131n\u0131n Prezidenti \u0130lham \u018fliyev v\u0259 birinci xan\u0131m Mehriban \u018fliyeva avqustun 29-da \u00dczeyir Hac\u0131b\u0259ylinin \u015eu\u015fa \u015f\u0259h\u0259rind\u0259ki ev-muzeyind\u0259 apar\u0131lacaq i\u015fl\u0259rl\u0259 tan\u0131\u015f olublar.<\/strong><\/p>\n\n\n\n<p>D\u00f6vl\u0259timizin ba\u015f\u00e7\u0131s\u0131na v\u0259 birinci xan\u0131ma burada g\u00f6r\u00fcl\u0259c\u0259k i\u015fl\u0259r bar\u0259d\u0259 m\u0259lumat verildi.<\/p>\n\n\n\n<p>Qeyd ed\u0259k ki, g\u00f6rk\u0259mli b\u0259st\u0259kar, pe\u015f\u0259kar musiqi s\u0259n\u0259timizin v\u0259 milli operam\u0131z\u0131n banisi \u00dczeyir Hac\u0131b\u0259ylinin ev-muzeyi \u015eu\u015fa \u015f\u0259h\u0259rind\u0259 Erm\u0259nistan\u0131n i\u015f\u011fal\u0131nad\u0259k f\u0259aliyy\u0259t g\u00f6st\u0259rib.<\/p>\n\n\n\n<p>Erm\u0259ni i\u015f\u011fal\u00e7\u0131 q\u00fcvv\u0259l\u0259rinin v\u0259h\u015filiyi n\u0259tic\u0259sind\u0259 muzeyd\u0259 dahi b\u0259st\u0259kar\u0131n h\u0259yat v\u0259 yarad\u0131c\u0131l\u0131\u011f\u0131 il\u0259 ba\u011fl\u0131 1700 eksponatdan yaln\u0131z 100-\u0259 yax\u0131n\u0131 salamat qal\u0131b, qalan\u0131 m\u0259hv edilib.<\/p>\n\n\n\n<p>Diqq\u0259t\u0259 \u00e7atd\u0131r\u0131l\u0131b ki, Heyd\u0259r \u018fliyev Fondu t\u0259r\u0259find\u0259n ev-muzeyind\u0259 apar\u0131lacaq i\u015fl\u0259r \u00fczr\u0259 layih\u0259 haz\u0131rlan\u0131b.<\/p>\n\n\n\n<p>Ev-muzeyind\u0259 h\u0259yata ke\u00e7iril\u0259c\u0259k i\u015fl\u0259rd\u0259n sonra 1992-ci ild\u0259 muzeyin Bak\u0131ya apar\u0131lm\u0131\u015f eksponatlar\u0131n\u0131n burada yerl\u0259\u015fdirilm\u0259si n\u0259z\u0259rd\u0259 tutulur. Bunlar \u00dczeyir Hac\u0131b\u0259ylinin foto\u015f\u0259kill\u0259ri, m\u0259ktublar\u0131, \u0259s\u0259rl\u0259rinin partituralar\u0131 v\u0259 \u015f\u0259xsi \u0259\u015fyalar\u0131d\u0131r.<\/p>\n\n\n\n<figure class=\"wp-block-image size-large\"><img loading=\"lazy\" decoding=\"async\" width=\"1024\" height=\"682\" src=\"https:\/\/fedai.az\/wp-content\/uploads\/2021\/08\/02-1-1024x682.jpg\" alt=\"\" class=\"wp-image-46868\" srcset=\"https:\/\/fedai.az\/wp-content\/uploads\/2021\/08\/02-1-1024x682.jpg 1024w, https:\/\/fedai.az\/wp-content\/uploads\/2021\/08\/02-1-300x200.jpg 300w, https:\/\/fedai.az\/wp-content\/uploads\/2021\/08\/02-1-150x100.jpg 150w, https:\/\/fedai.az\/wp-content\/uploads\/2021\/08\/02-1-768x512.jpg 768w, https:\/\/fedai.az\/wp-content\/uploads\/2021\/08\/02-1.jpg 1340w\" sizes=\"auto, (max-width: 1024px) 100vw, 1024px\" \/><\/figure>\n","protected":false},"excerpt":{"rendered":"<p>Az\u0259rbaycan Respublikas\u0131n\u0131n Prezidenti \u0130lham \u018fliyev v\u0259 birinci xan\u0131m Mehriban \u018fliyeva avqustun 29-da \u00dczeyir Hac\u0131b\u0259ylinin \u015eu\u015fa \u015f\u0259h\u0259rind\u0259ki ev-muzeyind\u0259 apar\u0131lacaq i\u015fl\u0259rl\u0259 tan\u0131\u015f olublar. D\u00f6vl\u0259timizin ba\u015f\u00e7\u0131s\u0131na v\u0259<\/p>\n","protected":false},"author":2,"featured_media":46869,"comment_status":"closed","ping_status":"closed","sticky":false,"template":"","format":"standard","meta":{"footnotes":""},"categories":[4],"tags":[],"class_list":["post-46867","post","type-post","status-publish","format-standard","has-post-thumbnail","hentry","category-qarabag"],"aioseo_notices":[],"_links":{"self":[{"href":"https:\/\/fedai.az\/index.php?rest_route=\/wp\/v2\/posts\/46867","targetHints":{"allow":["GET"]}}],"collection":[{"href":"https:\/\/fedai.az\/index.php?rest_route=\/wp\/v2\/posts"}],"about":[{"href":"https:\/\/fedai.az\/index.php?rest_route=\/wp\/v2\/types\/post"}],"author":[{"embeddable":true,"href":"https:\/\/fedai.az\/index.php?rest_route=\/wp\/v2\/users\/2"}],"replies":[{"embeddable":true,"href":"https:\/\/fedai.az\/index.php?rest_route=%2Fwp%2Fv2%2Fcomments&post=46867"}],"version-history":[{"count":1,"href":"https:\/\/fedai.az\/index.php?rest_route=\/wp\/v2\/posts\/46867\/revisions"}],"predecessor-version":[{"id":46870,"href":"https:\/\/fedai.az\/index.php?rest_route=\/wp\/v2\/posts\/46867\/revisions\/46870"}],"wp:featuredmedia":[{"embeddable":true,"href":"https:\/\/fedai.az\/index.php?rest_route=\/wp\/v2\/media\/46869"}],"wp:attachment":[{"href":"https:\/\/fedai.az\/index.php?rest_route=%2Fwp%2Fv2%2Fmedia&parent=46867"}],"wp:term":[{"taxonomy":"category","embeddable":true,"href":"https:\/\/fedai.az\/index.php?rest_route=%2Fwp%2Fv2%2Fcategories&post=46867"},{"taxonomy":"post_tag","embeddable":true,"href":"https:\/\/fedai.az\/index.php?rest_route=%2Fwp%2Fv2%2Ftags&post=46867"}],"curies":[{"name":"wp","href":"https:\/\/api.w.org\/{rel}","templated":true}]}}