{"id":46871,"date":"2021-08-30T00:27:41","date_gmt":"2021-08-29T20:27:41","guid":{"rendered":"https:\/\/fedai.az\/?p=46871"},"modified":"2021-08-30T00:27:44","modified_gmt":"2021-08-29T20:27:44","slug":"prezident-ilham-%c9%99liyev-v%c9%99-birinci-xanim-mehriban-%c9%99liyeva-vaqifin-bustunun-acilisinda-istirak-edibl%c9%99r","status":"publish","type":"post","link":"https:\/\/fedai.az\/?p=46871","title":{"rendered":"Prezident \u0130lham \u018fliyev v\u0259 birinci xan\u0131m Mehriban \u018fliyeva Vaqifin b\u00fcst\u00fcn\u00fcn a\u00e7\u0131l\u0131\u015f\u0131nda i\u015ftirak edibl\u0259r"},"content":{"rendered":"\n<p><strong>Avqustun 29-da \u015eu\u015fa \u015f\u0259h\u0259rind\u0259 dahi Az\u0259rbaycan \u015fairi Molla P\u0259nah Vaqifin b\u00fcst\u00fcn\u00fcn a\u00e7\u0131l\u0131\u015f\u0131 olub.<\/strong><\/p>\n\n\n\n<p>Az\u0259rbaycan Respublikas\u0131n\u0131n Prezidenti \u0130lham \u018fliyev v\u0259 birinci xan\u0131m Mehriban \u018fliyeva a\u00e7\u0131l\u0131\u015fda i\u015ftirak edibl\u0259r.<\/p>\n\n\n\n<p>M\u0259lumat verildi ki, Molla P\u0259nah Vaqifin 1957-ci ild\u0259 tuncdan haz\u0131rlanan b\u00fcst\u00fc 1958-ci ild\u0259 C\u0131d\u0131r d\u00fcz\u00fcn\u0259 yax\u0131n \u0259razid\u0259 q\u0259bir\u00fcst\u00fc abid\u0259 kimi yerl\u0259\u015fdirilib, daha sonra 1976-c\u0131 ild\u0259 \u015fairin \u015eu\u015fadak\u0131 evinin yax\u0131nl\u0131\u011f\u0131na k\u00f6\u00e7\u00fcr\u00fcl\u00fcb. 1982-ci ild\u0259 Vaqifin m\u0259qb\u0259r\u0259sinin a\u00e7\u0131l\u0131\u015f\u0131ndan \u0259vv\u0259l b\u00fcst v\u0259 onun \u0259traf\u0131 t\u0259mir edilib, abid\u0259nin postamenti d\u0259yi\u015fdirilib. B\u00fcst 1992-ci ild\u0259 \u015eu\u015fa \u015f\u0259h\u0259rinin i\u015f\u011fal\u0131 zaman\u0131 erm\u0259ni vandalizmin\u0259 m\u0259ruz qalaraq da\u011f\u0131d\u0131l\u0131b.<\/p>\n\n\n\n<figure class=\"wp-block-image size-large\"><img loading=\"lazy\" decoding=\"async\" width=\"1024\" height=\"686\" src=\"https:\/\/fedai.az\/wp-content\/uploads\/2021\/08\/003-2-1024x686.jpg\" alt=\"\" class=\"wp-image-46872\" srcset=\"https:\/\/fedai.az\/wp-content\/uploads\/2021\/08\/003-2-1024x686.jpg 1024w, https:\/\/fedai.az\/wp-content\/uploads\/2021\/08\/003-2-300x201.jpg 300w, https:\/\/fedai.az\/wp-content\/uploads\/2021\/08\/003-2-150x101.jpg 150w, https:\/\/fedai.az\/wp-content\/uploads\/2021\/08\/003-2-768x515.jpg 768w, https:\/\/fedai.az\/wp-content\/uploads\/2021\/08\/003-2.jpg 1340w\" sizes=\"auto, (max-width: 1024px) 100vw, 1024px\" \/><\/figure>\n\n\n\n<p>Az\u0259rbaycan Prezidenti \u0130lham \u018fliyevin g\u00f6st\u0259ri\u015fin\u0259 \u0259sas\u0259n, abid\u0259 bu il onun m\u00fc\u0259llifi, \u018fm\u0259kdar inc\u0259s\u0259n\u0259t xadimi H\u0259yat Abdullayevan\u0131n ilkin eskiz layih\u0259si \u0259sas\u0131nda yenid\u0259n qurulub.<\/p>\n\n\n\n<p>Heyd\u0259r \u018fliyev Fondunun d\u0259st\u0259yi il\u0259 b\u00fcr\u00fcncd\u0259n haz\u0131rlanan b\u00fcst \u00f6z \u0259vv\u0259lki yerin\u0259 qaytar\u0131laraq Molla P\u0259nah Vaqifin \u015eu\u015fadak\u0131 evinin yax\u0131nl\u0131\u011f\u0131nda qura\u015fd\u0131r\u0131l\u0131b.<\/p>\n\n\n\n<figure class=\"wp-block-image size-large\"><img loading=\"lazy\" decoding=\"async\" width=\"1024\" height=\"659\" src=\"https:\/\/fedai.az\/wp-content\/uploads\/2021\/08\/004-1-1024x659.jpg\" alt=\"\" class=\"wp-image-46873\" srcset=\"https:\/\/fedai.az\/wp-content\/uploads\/2021\/08\/004-1-1024x659.jpg 1024w, https:\/\/fedai.az\/wp-content\/uploads\/2021\/08\/004-1-300x193.jpg 300w, https:\/\/fedai.az\/wp-content\/uploads\/2021\/08\/004-1-150x96.jpg 150w, https:\/\/fedai.az\/wp-content\/uploads\/2021\/08\/004-1-768x494.jpg 768w, https:\/\/fedai.az\/wp-content\/uploads\/2021\/08\/004-1-115x73.jpg 115w, https:\/\/fedai.az\/wp-content\/uploads\/2021\/08\/004-1.jpg 1340w\" sizes=\"auto, (max-width: 1024px) 100vw, 1024px\" \/><\/figure>\n","protected":false},"excerpt":{"rendered":"<p>Avqustun 29-da \u015eu\u015fa \u015f\u0259h\u0259rind\u0259 dahi Az\u0259rbaycan \u015fairi Molla P\u0259nah Vaqifin b\u00fcst\u00fcn\u00fcn a\u00e7\u0131l\u0131\u015f\u0131 olub. Az\u0259rbaycan Respublikas\u0131n\u0131n Prezidenti \u0130lham \u018fliyev v\u0259 birinci xan\u0131m Mehriban \u018fliyeva a\u00e7\u0131l\u0131\u015fda<\/p>\n","protected":false},"author":2,"featured_media":46874,"comment_status":"closed","ping_status":"closed","sticky":false,"template":"","format":"standard","meta":{"footnotes":""},"categories":[3],"tags":[],"class_list":["post-46871","post","type-post","status-publish","format-standard","has-post-thumbnail","hentry","category-gundm"],"aioseo_notices":[],"_links":{"self":[{"href":"https:\/\/fedai.az\/index.php?rest_route=\/wp\/v2\/posts\/46871","targetHints":{"allow":["GET"]}}],"collection":[{"href":"https:\/\/fedai.az\/index.php?rest_route=\/wp\/v2\/posts"}],"about":[{"href":"https:\/\/fedai.az\/index.php?rest_route=\/wp\/v2\/types\/post"}],"author":[{"embeddable":true,"href":"https:\/\/fedai.az\/index.php?rest_route=\/wp\/v2\/users\/2"}],"replies":[{"embeddable":true,"href":"https:\/\/fedai.az\/index.php?rest_route=%2Fwp%2Fv2%2Fcomments&post=46871"}],"version-history":[{"count":1,"href":"https:\/\/fedai.az\/index.php?rest_route=\/wp\/v2\/posts\/46871\/revisions"}],"predecessor-version":[{"id":46875,"href":"https:\/\/fedai.az\/index.php?rest_route=\/wp\/v2\/posts\/46871\/revisions\/46875"}],"wp:featuredmedia":[{"embeddable":true,"href":"https:\/\/fedai.az\/index.php?rest_route=\/wp\/v2\/media\/46874"}],"wp:attachment":[{"href":"https:\/\/fedai.az\/index.php?rest_route=%2Fwp%2Fv2%2Fmedia&parent=46871"}],"wp:term":[{"taxonomy":"category","embeddable":true,"href":"https:\/\/fedai.az\/index.php?rest_route=%2Fwp%2Fv2%2Fcategories&post=46871"},{"taxonomy":"post_tag","embeddable":true,"href":"https:\/\/fedai.az\/index.php?rest_route=%2Fwp%2Fv2%2Ftags&post=46871"}],"curies":[{"name":"wp","href":"https:\/\/api.w.org\/{rel}","templated":true}]}}