{"id":46876,"date":"2021-08-30T00:45:47","date_gmt":"2021-08-29T20:45:47","guid":{"rendered":"https:\/\/fedai.az\/?p=46876"},"modified":"2021-08-30T00:52:43","modified_gmt":"2021-08-29T20:52:43","slug":"v%c9%99t%c9%99n-muharib%c9%99si-q%c9%99hr%c9%99mani-anar-%c9%99liyevin-dogum-gunu-munasib%c9%99til%c9%99-t%c9%99dbir-kecirilib","status":"publish","type":"post","link":"https:\/\/fedai.az\/?p=46876","title":{"rendered":"V\u0259t\u0259n M\u00fcharib\u0259si Q\u0259hr\u0259man\u0131 Anar \u018fliyevin do\u011fum g\u00fcn\u00fc m\u00fcnasib\u0259til\u0259 t\u0259dbir ke\u00e7irilib"},"content":{"rendered":"\n<p><strong>M\u00fcdafi\u0259 Nazirliyinin t\u0259\u015fkilat\u00e7\u0131l\u0131\u011f\u0131 il\u0259 V\u0259t\u0259n M\u00fcharib\u0259si Q\u0259hr\u0259man\u0131 Anar Vaqif o\u011flu \u018fliyevin do\u011fum g\u00fcn\u00fc m\u00fcnasib\u0259til\u0259 &#171;H\u0259yatda q\u0259hr\u0259manl\u0131\u011fa h\u0259mi\u015f\u0259 yer var&#187; adl\u0131 v\u0259t\u0259np\u0259rv\u0259rlik t\u0259dbiri ke\u00e7irilib.<\/strong><\/p>\n\n\n\n<p><strong>T\u0259dbird\u0259 Az\u0259rbaycan V\u0259t\u0259n M\u00fcharib\u0259si Veteranlar\u0131 \u0130ctimai Birliyi (AVMV\u0130B) T\u0259rt\u0259r regional b\u00f6lm\u0259sinin r\u0259hb\u0259ri Vidadi M\u0259mm\u0259dov v\u0259 AVMV\u0130B \u00fczvl\u0259ri d\u0259 i\u015ftirak edibl\u0259r.<\/strong><\/p>\n\n\n\n<p><br>M\u00fcdafi\u0259 Nazirliyind\u0259n veril\u0259n m\u0259lumata g\u00f6r\u0259, ikinci \u015e\u0259hidl\u0259r xiyaban\u0131na topla\u015fan Nazirlik r\u0259smil\u0259ri, Nax\u00e7\u0131vandak\u0131 \u018flahidd\u0259 \u00dcmumqo\u015fun Ordunun, T\u0259rt\u0259r v\u0259 K\u0259lb\u0259c\u0259r rayonlar\u0131n\u0131n, el\u0259c\u0259 d\u0259 qeyri-h\u00f6kum\u0259t t\u0259\u015fkilatlar\u0131n\u0131n n\u00fcmay\u0259nd\u0259l\u0259ri, \u015f\u0259hidin ail\u0259 \u00fczvl\u0259ri, V\u0259t\u0259n m\u00fcharib\u0259si i\u015ftirak\u00e7\u0131lar\u0131, qazil\u0259r, g\u0259ncl\u0259r v\u0259 m\u0259kt\u0259blil\u0259r \u0259vv\u0259lc\u0259 \u015f\u0259hidin m\u0259zar\u0131n\u0131 ziyar\u0259t edib, qar\u015f\u0131s\u0131na \u0259klill\u0259r qoyub, g\u00fcll\u0259r d\u00fcz\u00fcb, xatir\u0259sini ehtiramla yad edibl\u0259r. \u015e\u0259hidl\u0259rin ruhuna dualar oxunub, V\u0259t\u0259n u\u011frunda, haqq yolunda \u015f\u0259had\u0259t m\u0259qam\u0131na y\u00fcks\u0259l\u0259nl\u0259rin \u00f6lm\u0259zliyi, \u0259b\u0259diliyi bir daha vur\u011fulan\u0131b.<\/p>\n\n\n\n<figure class=\"wp-block-image\"><a href=\"https:\/\/qaynarinfo.az\/az\/veten-muharibesi-qehremani-anar-eliyevin-doum-gunu-munasibetile-tedbir-kecirildi\/#\"><img decoding=\"async\" src=\"https:\/\/qaynarinfo.az\/file\/pic\/xeber\/\/2021-08\/1630251834_1e5bfbb0-014e-3d87-879c-5804641348c7.jpg\" alt=\"\"\/><\/a><\/figure>\n\n\n\n<p><br>\u015eam a\u011faclar\u0131n\u0131n k\u00f6lg\u0259sind\u0259 ke\u00e7iril\u0259n m\u0259rasimd\u0259 respublikam\u0131z\u0131n \u0259razi b\u00fct\u00f6vl\u00fcy\u00fcn\u00fcn qorunmas\u0131, b\u0259rpas\u0131 v\u0259 tarixi torpaqlar\u0131m\u0131z\u0131n i\u015f\u011faldan azad edilm\u0259si u\u011frunda h\u0259lak olanlar\u0131n xatir\u0259sin\u0259 bir d\u0259qiq\u0259lik s\u00fckut elan edilib. Az\u0259rbaycan Ordusunun T\u0259lim v\u0259 T\u0259dris M\u0259rk\u0259zinin h\u0259rbi orkestrinin m\u00fc\u015fayi\u0259ti il\u0259 Az\u0259rbaycan Respublikas\u0131n\u0131n D\u00f6vl\u0259t Himni ifa olunub.<\/p>\n\n\n\n<p><br>\u018fb\u0259diya\u015far \u015f\u0259hidl\u0259rimiz\u0259 g\u00f6st\u0259rdikl\u0259ri ehtirama, \u015f\u0259hid ail\u0259l\u0259rin\u0259, qazil\u0259r\u0259 diqq\u0259t v\u0259 qay\u011f\u0131ya g\u00f6r\u0259 ziyar\u0259t\u00e7il\u0259r\u0259 nazirliyin r\u0259hb\u0259rliyi ad\u0131ndan minn\u0259tdarl\u0131q ed\u0259n polkovnik Abdulla Qurbani deyib: &#8212; Q\u0259hr\u0259manl\u0131q xalq\u0131m\u0131z\u0131n qan\u0131na hopmu\u015f ali bir hisdir. Zaman-zaman igid o\u011fullar\u0131m\u0131z d\u00f6y\u00fc\u015f meydanlar\u0131nda \u0259sl q\u0259hr\u0259manl\u0131qlar g\u00f6st\u0259r\u0259r\u0259k xalq\u0131m\u0131z\u0131 d\u00fc\u00e7ar oldu\u011fu b\u0259lalardan xilas etmi\u015f, torpaqlar\u0131m\u0131z\u0131 yadelli q\u0259sbkarlar\u0131n basq\u0131nlar\u0131ndan, h\u00fccumlar\u0131ndan q\u0259tiyy\u0259tl\u0259 qoruyaraq, t\u00fck\u0259nm\u0259z s\u0259rv\u0259tl\u0259rimizin, nem\u0259tl\u0259rimizin talanmas\u0131na, yurd-yuvalar\u0131m\u0131z\u0131n da\u011f\u0131d\u0131lmas\u0131na, ana-bac\u0131lar\u0131m\u0131z\u0131n, qad\u0131n v\u0259 u\u015faqlar\u0131m\u0131z\u0131n \u0259sir, girov apar\u0131lmas\u0131na imkan verm\u0259yibl\u0259r. <\/p>\n\n\n\n<p>\u018fcdadlar\u0131m\u0131z yax\u015f\u0131 bilirdil\u0259r ki, V\u0259t\u0259nsiz ya\u015famaq, \u0259sir, girov d\u00fc\u015fm\u0259k, kimins\u0259 k\u00f6l\u0259si olmaq \u00f6l\u00fcmd\u0259n d\u0259 bet\u0259rdir. Odur ki, \u0259r\u0259nl\u0259rimiz canlar\u0131ndan, qanlar\u0131ndan ke\u00e7ib ancaq torpaqdan, V\u0259t\u0259nd\u0259n ke\u00e7m\u0259yibl\u0259r. Onlar yax\u015f\u0131 bilirdil\u0259r ki, q\u0259hr\u0259manl\u0131qla \u00f6lm\u0259k, m\u0259rd-m\u0259rdan\u0259 candan ke\u00e7m\u0259k, d\u00f6y\u00fc\u015f meydan\u0131nda \u015f\u0259had\u0259t\u0259 y\u00fcks\u0259lm\u0259k \u0259b\u0259di h\u0259yat qazand\u0131r\u0131r. Onlar yax\u015f\u0131 bilirdil\u0259r ki, q\u0259hr\u0259manl\u0131q q\u0259hr\u0259manla \u00f6lm\u00fcr, onun \u00f6mr\u00fc \u0259b\u0259didir.<\/p>\n\n\n\n<p><br>Q\u0259hr\u0259manlar \u015f\u0259r\u0259fin\u0259 zaman-zaman dastanlar yaz\u0131lm\u0131\u015f, ozanlar onlar\u0131n igidliyini v\u0259sf etmi\u015f, h\u00fcn\u0259r v\u0259 q\u0259hr\u0259manl\u0131qlar\u0131 b\u00f6y\u00fcm\u0259kd\u0259 olan n\u0259slin t\u0259lim-t\u0259rbiy\u0259sind\u0259 meyar olmu\u015fdur. \u0130ll\u0259r \u00f6td\u00fckc\u0259, n\u0259sill\u0259r bir-birini \u0259v\u0259z etdikc\u0259, q\u0259hr\u0259manlar da \u0259fsan\u0259l\u0259\u015fmi\u015f, ilahil\u0259\u015fmi\u015fl\u0259r.<\/p>\n\n\n\n<figure class=\"wp-block-image\"><a href=\"https:\/\/qaynarinfo.az\/az\/veten-muharibesi-qehremani-anar-eliyevin-doum-gunu-munasibetile-tedbir-kecirildi\/#\"><img decoding=\"async\" src=\"https:\/\/qaynarinfo.az\/file\/pic\/xeber\/\/2021-08\/1630251754_0a029c59-fb49-339e-843a-b78f7c1d425e.jpg\" alt=\"\"\/><\/a><\/figure>\n\n\n\n<p>&#171;Q\u0259hr\u0259man \u00f6mr\u00fcnd\u0259 bir d\u0259f\u0259 \u00f6l\u0259r, o da \u0259b\u0259diyy\u0259t\u0259, tarix\u0259 qovu\u015fan an\u0131nda\u201d dey\u0259n ulu babalar\u0131m\u0131z h\u0259m d\u0259 &#171;Qorxaq g\u00fcnd\u0259 y\u00fcz k\u0259r\u0259, min k\u0259r\u0259 \u00f6l\u0259r\u201d deyib. Bird\u0259 &#171;qorxaql\u0131q insan\u0131 ali insani d\u0259y\u0259rl\u0259rd\u0259n d\u0259 endir\u0259r\u201d demi\u015fl\u0259r ulular\u0131m\u0131z. Xalq q\u0259hr\u0259manlar\u0131m\u0131zla h\u0259mi\u015f\u0259 f\u0259xr etmi\u015fik, bu g\u00fcn d\u0259 onlar\u0131n adlar\u0131n\u0131 v\u0259 q\u0259hr\u0259manl\u0131qlar\u0131n\u0131 h\u00f6rm\u0259tl\u0259 n\u0259sill\u0259r\u0259 \u00f6rn\u0259k g\u00f6st\u0259rir, adlar\u0131n\u0131 yeni do\u011fulan k\u00f6rp\u0259l\u0259r\u0259 verir, xalq\u0131m\u0131z\u0131n tarixi s\u0259rk\u0259d\u0259l\u0259ri, q\u0259hr\u0259man o\u011fullar\u0131 oldu\u011fu \u00fc\u00e7\u00fcn mill\u0259tl\u0259r aras\u0131nda h\u0259mi\u015f\u0259 ba\u015f\u0131m\u0131z\u0131 uca tuturuq.<\/p>\n\n\n\n<p><br>Az\u0259rbaycan o\u011fullar\u0131 \u00c7ar Rusiyas\u0131 d\u00f6vr\u00fcnd\u0259, el\u0259c\u0259 d\u0259 SSR\u0130 t\u0259rkibind\u0259 oldu\u011fumuz vaxtlarda da g\u00f6st\u0259rdikl\u0259ri q\u0259hr\u0259manl\u0131qlarla xalq\u0131m\u0131za h\u0259mi\u015f\u0259 \u015fan-\u015f\u00f6hr\u0259t g\u0259tirmi\u015fl\u0259r. General S\u0259m\u0259d b\u0259y Mehmandarov, \u018fla\u011fa \u015e\u0131xlinski, H\u0259zi Aslanov, onlar\u0131n saylar\u0131n\u0131 daha da art\u0131rmaq olar, bu kimi q\u0259hr\u0259manlar\u0131m\u0131z yen\u0259 d\u0259 m\u00fcasirdir. Az\u0259rbaycan ba\u011f\u0131ms\u0131zl\u0131\u011f\u0131n\u0131 b\u0259rpa etdiyi ilk g\u00fcnl\u0259rd\u0259 m\u00fcq\u0259dd\u0259s r\u0259mzl\u0259ri b\u0259rpa etm\u0259kl\u0259 yana\u015f\u0131, &#171;Az\u0259rbaycan\u0131n Milli Q\u0259hr\u0259man\u0131\u201d ad\u0131 da t\u0259sis edildi. Birinci Qaraba\u011f m\u00fcharib\u0259sinin c\u0259bh\u0259l\u0259rind\u0259 r\u0259\u015fad\u0259t, \u015f\u00fcca\u0259t g\u00f6st\u0259r\u0259n ne\u00e7\u0259-ne\u00e7\u0259 o\u011fullar\u0131m\u0131z bu ada layiq g\u00f6r\u00fcld\u00fcl\u0259r. \u015e\u0259hid olan milli q\u0259hr\u0259manlar\u0131n adlar\u0131 \u0259b\u0259dil\u0259\u015fdirildi, b\u00fcstl\u0259ri ucald\u0131ld\u0131, adlar\u0131 dill\u0259r \u0259zb\u0259ri oldu. Az\u0259rbaycan V\u0259t\u0259n m\u00fcharib\u0259sind\u0259 t\u0259cav\u00fczkar Erm\u0259nistan \u00fcz\u0259rind\u0259 tarixi q\u0259l\u0259b\u0259 qazand\u0131qdan az sonra qalib d\u00f6y\u00fc\u015f\u00e7\u00fcl\u0259rimizi t\u0259ltif etm\u0259k \u00fc\u00e7\u00fcn yeni d\u00f6y\u00fc\u015f orden v\u0259 medallar\u0131 t\u0259sis edildi. Eyni zamanda \u0259n y\u00fcks\u0259k f\u0259xri ad olan &#171;V\u0259t\u0259n M\u00fcharib\u0259si Q\u0259hr\u0259man\u0131\u201d ad\u0131 t\u0259sis olundu. Bu f\u0259xri ad \u015f\u0259xs\u0259n m\u00fcz\u0259ff\u0259r Ali Ba\u015f Komandan \u0130lham \u018fliyevin t\u0259\u015f\u0259bb\u00fcs\u00fc il\u0259 realla\u015fd\u0131 v\u0259 ilk olaraq Az\u0259rbaycan Respublikas\u0131n\u0131n \u0259razi b\u00fct\u00f6vl\u00fcy\u00fcn\u00fcn b\u0259rpa edilm\u0259sind\u0259 x\u00fcsusi xidm\u0259tl\u0259rin\u0259 v\u0259 i\u015f\u011fal olunmu\u015f \u0259razil\u0259rin azad olunmas\u0131 zaman\u0131 d\u00fc\u015fm\u0259nin m\u0259hv edilm\u0259si \u00fczr\u0259 qar\u015f\u0131ya qoyulmu\u015f d\u00f6y\u00fc\u015f tap\u015f\u0131r\u0131qlar\u0131n\u0131n yerin\u0259 yetir\u0259rk\u0259n g\u00f6st\u0259rdiyi q\u0259hr\u0259manl\u0131q n\u00fcmun\u0259l\u0259ri h\u0259m\u00e7inin, h\u0259rbi qulluq v\u0259zif\u0259l\u0259rini yerin\u0259 yetir\u0259rk\u0259n igidlik v\u0259 m\u0259rdlik n\u00fcmayi\u015f etdirdikl\u0259rin\u0259 g\u00f6r\u0259 Az\u0259rbaycan Respublikas\u0131 Silahl\u0131 Q\u00fcvv\u0259l\u0259rinin 83 n\u0259f\u0259r h\u0259rbi qulluq\u00e7usuna verilmi\u015fdir. \u0130lk olaraq bu y\u00fcks\u0259k f\u0259xri ada layiq g\u00f6r\u00fcl\u0259nl\u0259rd\u0259n biri d\u0259 Az\u0259rbaycan Ordusunun zabiti polkovnik-leytenant Anar Vaqif o\u011flu \u018fliyevdir.<\/p>\n\n\n\n<p><br>T\u0259dbir i\u015ftirak\u00e7\u0131lar\u0131n\u0131n n\u0259z\u0259rin\u0259 \u00e7atd\u0131r\u0131l\u0131b ki, Anar \u018fliyev 41 il \u00f6nc\u0259, 1980-ci il avqustun 28-d\u0259 K\u0259lb\u0259c\u0259r \u015f\u0259h\u0259rind\u0259 m\u00fc\u0259llim ail\u0259sind\u0259 anadan olub. \u0130ngilis dili m\u00fc\u0259lliml\u0259ri olan ata v\u0259 anas\u0131n\u0131n 1981-ci ild\u0259 A\u011fd\u0259r\u0259 rayonunun Levonarx m\u0259kt\u0259bin\u0259 t\u0259yinatlar\u0131ndan sonra ail\u0259 h\u0259min rayona k\u00f6\u00e7\u00fcb. 1988-ci ild\u0259 is\u0259 milli z\u0259mind\u0259 olaylar\u0131ndan g\u0259rginl\u0259\u015fm\u0259si, daha do\u011frusu, tarix boyu \u00f6zg\u0259sinin torpaqlar\u0131na g\u00f6z dik\u0259n, \u00f6zg\u0259l\u0259rinin \u0259lind\u0259 ma\u015faya \u00e7evril\u0259n, torpaq iddialar\u0131 il\u0259 d\u0259f\u0259l\u0259rl\u0259 ba\u015f qald\u0131rsalar da m\u0259\u011flub olan, &#171;b\u00f6y\u00fck hayastan\u201d x\u00fclyas\u0131 il\u0259 ya\u015fayan, \u00f6zl\u0259ri haqq\u0131nda h\u0259mi\u015f\u0259 mifl\u0259r yaradan v\u0259 bu mifl\u0259rin \u0259sirin\u0259 \u00e7evril\u0259n t\u0259cav\u00fczkar Erm\u0259nistan\u0131n ba\u015flad\u0131\u011f\u0131 qanl\u0131 hadis\u0259l\u0259rd\u0259n sonra \u018fliyevl\u0259r ail\u0259si T\u0259rt\u0259r rayonunun B\u0259yimsarov k\u0259ndin\u0259 k\u00f6\u00e7m\u0259k m\u0259cburiyy\u0259tind\u0259 qal\u0131rlar. Burada yeddinci sinfi bitirdikd\u0259n sonra Anar C\u0259m\u015fid Nax\u00e7\u0131vanski ad\u0131na H\u0259rbi Lisey\u0259 daxil olmaq ist\u0259diyini bildir\u0259nd\u0259, valideynl\u0259ri n\u0259inki etiraz etmir, h\u0259tta onun bu ist\u0259yini alq\u0131\u015flay\u0131rlar. Vaqif m\u00fc\u0259llim o\u011flunu \u015f\u0259xs\u0259n Bak\u0131ya g\u0259tirir, m\u0259kt\u0259b r\u0259isi il\u0259 g\u00f6r\u00fc\u015f\u00fcr v\u0259 fiziki c\u0259h\u0259td\u0259n o q\u0259d\u0259r d\u0259 g\u00fccl\u00fc olmasa da Anar\u0131 xalq\u0131m\u0131z\u0131n haql\u0131 olaraq &#171;Heyd\u0259r \u018fliyev m\u0259kt\u0259bi\u201d adland\u0131rd\u0131\u011f\u0131 bu g\u0259l\u0259c\u0259k s\u0259rk\u0259rd\u0259l\u0259r be\u015fiyin\u0259 \u0259man\u0259t edir. On \u00fc\u00e7 &#8212; on d\u00f6rd ya\u015flar\u0131ndan \u0259sg\u0259r \u00e7\u0259km\u0259si, uniforma gey\u0259n Anar m\u00fc\u0259llim v\u0259 komandirl\u0259rinin \u00fcmidl\u0259rini do\u011fruldur, valideynl\u0259rini u\u011furlar\u0131 il\u0259 sevindirir.<\/p>\n\n\n\n<figure class=\"wp-block-image\"><a href=\"https:\/\/qaynarinfo.az\/az\/veten-muharibesi-qehremani-anar-eliyevin-doum-gunu-munasibetile-tedbir-kecirildi\/#\"><img decoding=\"async\" src=\"https:\/\/qaynarinfo.az\/file\/pic\/xeber\/\/2021-08\/1630251848_7ca492d8-22a3-3c25-92b4-ce6aabbd7be2.jpg\" alt=\"\"\/><\/a><\/figure>\n\n\n\n<p><br>Bak\u0131 Birl\u0259\u015fmi\u015f Komandirl\u0259r M\u0259kt\u0259bind\u0259 (indiki Heyd\u0259r \u018fliyev ad\u0131na Az\u0259rbaycan Ali H\u0259rbi M\u0259kt\u0259bi) t\u0259hsil ald\u0131\u011f\u0131 ill\u0259rd\u0259 d\u0259 Anar \u018fliyev se\u00e7il\u0259n kursantlardan olur v\u0259 2001-ci ild\u0259 h\u0259min m\u0259kt\u0259bi m\u00fcv\u0259ff\u0259qiyy\u0259tl\u0259 bitir\u0259n g\u0259nc zabit Anar \u018fliyevin \u00e7\u0259tin v\u0259 \u015f\u0259r\u0259fli xidm\u0259t d\u00f6vr\u00fc ba\u015flay\u0131r. O, x\u00fcsusi t\u0259yinatl\u0131 manqa komandiri v\u0259zif\u0259sind\u0259n h\u0259rbi hiss\u0259 komandiri v\u0259zif\u0259sin\u0259, &#171;leytenant\u201ddan &#171;polkovnik-leytenant\u201d h\u0259rbi r\u00fctb\u0259sin\u0259d\u0259k y\u00fcks\u0259lir.Hans\u0131 h\u0259rbi hiss\u0259d\u0259, hans\u0131 v\u0259zif\u0259d\u0259 xidm\u0259t etm\u0259sind\u0259n as\u0131l\u0131 olmayaraq komandanl\u0131\u011f\u0131n qar\u015f\u0131ya qoydu\u011fu v\u0259zif\u0259l\u0259rin \u00f6hd\u0259sind\u0259n layiqinc\u0259 g\u0259lir. Daim \u00f6z \u00fcz\u0259rind\u0259 \u00e7al\u0131\u015f\u0131r, respublikam\u0131zda v\u0259 dig\u0259r \u00f6lk\u0259l\u0259rd\u0259 t\u0259liml\u0259rd\u0259, ixtisasart\u0131rma kurslar\u0131nda pe\u015f\u0259karl\u0131\u011f\u0131n\u0131 daha da art\u0131r\u0131r. D\u00fcnya ordular\u0131n\u0131n qabaqc\u0131l t\u0259cr\u00fcb\u0259l\u0259rind\u0259n, h\u0259rb elminin \u0259n m\u00fcasir naliyy\u0259tl\u0259rind\u0259n b\u0259hr\u0259l\u0259nir. \u0130\u015fg\u00fczarl\u0131\u011f\u0131, y\u00fcks\u0259k iradi keyfiyy\u0259tl\u0259ri il\u0259 b\u00fct\u00fcn \u00e7\u0259tinlikl\u0259rd\u0259n m\u00fcv\u0259ff\u0259qiyy\u0259tl\u0259 \u00e7\u0131x\u0131r.<br>Qeyd olunub ki, V\u0259t\u0259n m\u00fcharib\u0259sinin ilk g\u00fcn\u00fcnd\u0259n d\u00f6y\u00fc\u015fl\u0259r\u0259 can atan t\u0259cr\u00fcb\u0259li v\u0259 pe\u015f\u0259kar zabitin s\u0259si-sora\u011f\u0131 az sonra F\u00fczuli, C\u0259bray\u0131l, Xocav\u0259nd rayonlar\u0131n\u0131n azad olunmas\u0131 u\u011frunda ged\u0259n d\u00f6y\u00fc\u015fl\u0259rd\u0259n g\u0259lir v\u0259 h\u0259rbi \u0259m\u0259liyyatlar zaman\u0131 bir \u00e7ox x\u00fcsusi t\u0259yinatl\u0131 tap\u015f\u0131r\u0131qlar\u0131n u\u011furla yerin\u0259 yetirilm\u0259sind\u0259 f\u0259rql\u0259nir.<\/p>\n\n\n\n<figure class=\"wp-block-image\"><a href=\"https:\/\/qaynarinfo.az\/az\/veten-muharibesi-qehremani-anar-eliyevin-doum-gunu-munasibetile-tedbir-kecirildi\/#\"><img decoding=\"async\" src=\"https:\/\/qaynarinfo.az\/file\/pic\/xeber\/\/2021-08\/1630251805_37d7a4dd-4878-39e4-95d9-1446a2132d1e.jpg\" alt=\"\"\/><\/a><\/figure>\n\n\n\n<p><br>2020-ci il oktyabr\u0131n 23-d\u0259 F\u00fczuli rayonunda d\u00f6y\u00fc\u015f tap\u015f\u0131r\u0131\u011f\u0131n\u0131 yerin\u0259 yetir\u0259rk\u0259n polkovnik-leytenant Anar Vaqif o\u011flu \u018fliyev q\u0259hr\u0259mancas\u0131na \u015f\u0259hid olur.Polkovnik A.Qurbani deyib: &#8212; &#171;Polkovnik-leytenant Anar \u018fliyevin pe\u015f\u0259kar zabit, n\u00fcmun\u0259vi komandir kimi xidm\u0259tl\u0259ri h\u0259mi\u015f\u0259 y\u00fcks\u0259k qiym\u0259tl\u0259ndirilib. Sa\u011fl\u0131\u011f\u0131nda Az\u0259rbaycan Respublikas\u0131 Prezidentinin m\u00fcvafiq s\u0259r\u0259ncam\u0131 il\u0259 &#171;V\u0259t\u0259n u\u011frunda&#187;, Az\u0259rbaycan Respublikas\u0131 Prezidenti ad\u0131ndan M\u00fcdafi\u0259 nazirinin \u0259mri il\u0259 &#171;\u015e\u00fcca\u0259t\u0259 g\u00f6r\u0259&#187;, Az\u0259rbaycan Respublikas\u0131 Silahl\u0131 Q\u00fcvv\u0259l\u0259rinin 10 illiyi (1991-2001), Az\u0259rbaycan Respublikas\u0131 Silahl\u0131 Q\u00fcvv\u0259l\u0259rinin 90 illiyi (1918-2008), Az\u0259rbaycan Respublikas\u0131 Silahl\u0131 Q\u00fcvv\u0259l\u0259rinin 95 illiyi (1918-2013), &#171;H\u0259rbi xidm\u0259td\u0259 f\u0259rql\u0259nm\u0259y\u0259 g\u00f6r\u0259\u201d 1-ci v\u0259 2-ci d\u0259r\u0259c\u0259li, &#171;Q\u00fcsursuz xidm\u0259tl\u0259r\u0259 g\u00f6r\u0259\u201d 1-ci, 2-ci v\u0259 3-c\u00fc d\u0259r\u0259c\u0259li medallarla t\u0259ltif olunur.<\/p>\n\n\n\n<p>Polkovnik-leytenant Anar \u018fliyev\u0259 \u00f6l\u00fcm\u00fcnd\u0259n sonra is\u0259 Az\u0259rbaycan Respublikas\u0131 Prezidentinin S\u0259r\u0259ncam\u0131 il\u0259 \u0259n y\u00fcks\u0259k f\u0259xri ad \u2013 &#171;V\u0259t\u0259n M\u00fcharib\u0259si Q\u0259hr\u0259man\u0131\u201d ad\u0131 verilir v\u0259 bir ne\u00e7\u0259 d\u00f6y\u00fc\u015f medal\u0131na layiq g\u00f6r\u00fcl\u00fcr.<\/p>\n\n\n\n<p><br>T\u0259dbird\u0259 &#171;\u015eu\u015fan\u0131n azad olunmas\u0131na g\u00f6r\u0259\u201d medal\u0131 \u015f\u0259hidin \u00f6vladlar\u0131na t\u0259qdim edilib.<\/p>\n\n\n\n<figure class=\"wp-block-image\"><a href=\"https:\/\/qaynarinfo.az\/az\/veten-muharibesi-qehremani-anar-eliyevin-doum-gunu-munasibetile-tedbir-kecirildi\/#\"><img decoding=\"async\" src=\"https:\/\/qaynarinfo.az\/file\/pic\/xeber\/\/2021-08\/1630251813_b98a72de-5bdb-36d6-8f7a-320b7e2a998d.jpg\" alt=\"\"\/><\/a><\/figure>\n\n\n\n<p><br>T\u0259rt\u0259r rayon \u0130cra Hakimiyy\u0259tinin ba\u015f\u00e7\u0131s\u0131 M\u00fcst\u0259qim M\u0259mm\u0259dov \u00e7\u0131x\u0131\u015f ed\u0259r\u0259k T\u0259rt\u0259rin V\u0259t\u0259n m\u00fcharib\u0259sind\u0259 al\u0131nmaz m\u00f6ht\u0259\u015f\u0259m qalaya, t\u0259rt\u0259rlil\u0259rin is\u0259 h\u0259r birinin m\u00fcbariz \u0259sg\u0259r\u0259 \u00e7evrildiyini qeyd ed\u0259r\u0259k deyib: &#171;Vaqif m\u00fc\u0259llim \u0259sl\u0259n K\u0259lb\u0259c\u0259rd\u0259n olmas\u0131na, Anar\u0131n K\u0259lb\u0259c\u0259rd\u0259 do\u011fulmas\u0131na baxmayaraq biz onlar\u0131 h\u0259m d\u0259 t\u0259rt\u0259rli kimi tan\u0131y\u0131r\u0131q. Vaqif m\u00fc\u0259llim, S\u0259kin\u0259 ana parlaq ziyal\u0131d\u0131rlar, v\u0259t\u0259np\u0259rv\u0259rdirl\u0259r, ham\u0131 onlara h\u00f6rm\u0259tini saxlay\u0131r. Bu c\u00fcr valideynl\u0259rin Anar kimi o\u011fullar\u0131 olmas\u0131 he\u00e7 kimd\u0259 \u015f\u00fcbh\u0259 do\u011furmur. Bu n\u0259sild\u0259 qad\u0131n, ki\u015fi bilm\u0259d\u0259n h\u0259r k\u0259s V\u0259t\u0259nin dar g\u00fcn\u00fcnd\u0259 d\u00f6y\u00fc\u015f\u00e7\u00fc olur, h\u0259m \u00f6n, h\u0259m d\u0259 arxa c\u0259bh\u0259d\u0259. Vaqif m\u00fc\u0259llimin bac\u0131s\u0131 M\u0259l\u0259k xan\u0131m Birinci Qaraba\u011f m\u00fcharib\u0259si veteran\u0131d\u0131r. T\u0259rt\u0259rlil\u0259r bu ail\u0259 il\u0259 f\u0259xr edirl\u0259r.<\/p>\n\n\n\n<p><br>\u0130cra Hakimiyy\u0259tinin ba\u015f\u00e7\u0131s\u0131 diqq\u0259t\u0259 \u00e7atd\u0131r\u0131b ki, T\u0259rt\u0259r \u015f\u0259h\u0259rind\u0259 \u015f\u0259hidimizin ad\u0131n\u0131 da\u015f\u0131yacaq k\u00fc\u00e7\u0259d\u0259 abadl\u0131q i\u015fl\u0259rin\u0259 art\u0131q ba\u015flan\u0131l\u0131b v\u0259 orada V\u0259t\u0259n M\u00fcharib\u0259si Q\u0259hr\u0259man\u0131 Anar \u018fliyevin tunc b\u00fcst\u00fc ucald\u0131lacaqd\u0131r.<\/p>\n\n\n\n<p><br>Hac\u0131 Raminin &#171;\u0130slamda \u015f\u0259hidlik\u201d m\u00f6vzusunda etdiyi ibr\u0259tamiz s\u00f6hb\u0259t m\u00fcq\u0259dd\u0259s, Qurani-K\u0259rimd\u0259n g\u0259tirdiyi n\u00fcmun\u0259l\u0259r, h\u0259disl\u0259r, o c\u00fcml\u0259d\u0259n, xidm\u0259t yolda\u015flar\u0131, d\u00f6y\u00fc\u015f\u00e7\u00fc dostlar\u0131n\u0131n dan\u0131\u015fd\u0131\u011f\u0131 xatir\u0259l\u0259r ziyar\u0259t\u00e7il\u0259rin b\u00f6y\u00fck mara\u011f\u0131na s\u0259b\u0259b olub.<\/p>\n\n\n\n<figure class=\"wp-block-image\"><img decoding=\"async\" src=\"https:\/\/qaynarinfo.az\/file\/pic\/xeber\/\/2021-08\/1630251818_bcf4064c-0438-32ac-9194-5783615916f5.jpg\" alt=\"\"\/><\/figure>\n\n\n\n<p><br>O\u011fuz rayonundan g\u0259l\u0259n \u015f\u0259hid leytenant Zahir Feyzullayevin atas\u0131 Eyvaz ki\u015fi deyib: &#171;Anar m\u0259nim o\u011flumun sevimli komandiri idi. B\u0259lk\u0259 d\u0259 o\u011flumun \u015f\u0259hid olmas\u0131 m\u0259nd\u0259n d\u0259 \u00e7ox ona t\u0259sir etmi\u015fdi. Anar n\u0259inki komandir, h\u0259m d\u0259 tabeliyind\u0259 olanlara ata, qarda\u015f dost idi. H\u0259l\u0259 d\u0259 o\u011flumun onun haqq\u0131nda s\u00f6yl\u0259diyi xo\u015f s\u00f6zl\u0259r yadda\u015f\u0131mdan silinm\u0259yib. O\u011flum g\u0259l\u0259c\u0259kd\u0259 \u00f6z\u00fcn\u0259 ideal se\u00e7diyi komandiri Anar \u018fliyev kimi zabit, komandir, \u015f\u0259xsiyy\u0259t olmaq ist\u0259yirdi. \u0130ndi h\u0259r ikisi haqq d\u00fcnyas\u0131ndad\u0131r. T\u0259s\u0259llimiz ondad\u0131r ki, \u015f\u0259hid o\u011fullar\u0131m\u0131zdan xo\u015f xatir\u0259l\u0259r, t\u0259miz ad v\u0259 yax\u015f\u0131 iz qal\u0131b. Qoy g\u0259ncl\u0259rimiz unutmas\u0131nlar ki, h\u0259yatda q\u0259hr\u0259manl\u0131\u011fa h\u0259mi\u015f\u0259 yer var.&#187;<br>Nax\u00e7\u0131van Muxtar Respublikas\u0131ndan q\u0259hr\u0259man\u0131n ad g\u00fcn\u00fcn\u0259 g\u0259l\u0259n h\u0259rbi qulluq\u00e7ular v\u0259 m\u00fclki n\u00fcmay\u0259nd\u0259l\u0259r d\u0259 Anar\u0131n Nax\u00e7\u0131van Qarnizonunda b\u00f6y\u00fck n\u00fcfuz sahibi oldu\u011funu v\u0259 onun q\u0259hr\u0259manl\u0131q \u0259n\u0259n\u0259l\u0259rinin bu g\u00fcn d\u0259 davam etdirildiyini \u0259minlikl\u0259 vur\u011fulay\u0131blar.<\/p>\n\n\n\n<p><br>Bin\u0259q\u0259di rayonundak\u0131 100 sayl\u0131 tam orta m\u0259kt\u0259bin Anar \u018fliyev ad\u0131na 6-\u00e7 sinfinin \u015fagirdl\u0259rinin t\u0259qdim etdikl\u0259ri \u0259d\u0259bi kompozisiya t\u0259dbir i\u015ftirak\u00e7\u0131lar\u0131nda duy\u011fulu anlar ya\u015fad\u0131b.<\/p>\n\n\n\n<p><br>\u015e\u0259hidin valideynl\u0259ri Vaqif m\u00fc\u0259llim v\u0259 S\u0259kin\u0259 ana g\u00f6st\u0259ril\u0259n diqq\u0259t v\u0259 qay\u011f\u0131ya g\u00f6r\u0259 Az\u0259rbaycan Respublikas\u0131n\u0131n Prezidenti \u0130lham \u018fliyev\u0259, M\u00fcdafi\u0259 Nazirliyinin r\u0259hb\u0259rliyin\u0259, t\u0259dbirin t\u0259\u015fkilat\u00e7\u0131lar\u0131na v\u0259 b\u00fct\u00fcn ziyar\u0259t\u00e7il\u0259r\u0259 \u018fliyevl\u0259r ail\u0259si ad\u0131ndan d\u0259rin minn\u0259tdarl\u0131qlar\u0131n\u0131 bildiribl\u0259r.<\/p>\n\n\n\n<p><br>H\u0259rbi orkestrin ifa etdiyi &#171;Q\u0259l\u0259b\u0259 mar\u015f\u0131\u201dn\u0131n s\u0259dalar\u0131 alt\u0131nda il\u0259 V\u0259t\u0259n M\u00fcharib\u0259si Q\u0259hr\u0259man\u0131n\u0131n do\u011fum g\u00fcn\u00fc m\u00fcnasib\u0259til\u0259 ke\u00e7iril\u0259n v\u0259t\u0259np\u0259rv\u0259rlik t\u0259dbiri ba\u015fa \u00e7at\u0131b.<\/p>\n","protected":false},"excerpt":{"rendered":"<p>M\u00fcdafi\u0259 Nazirliyinin t\u0259\u015fkilat\u00e7\u0131l\u0131\u011f\u0131 il\u0259 V\u0259t\u0259n M\u00fcharib\u0259si Q\u0259hr\u0259man\u0131 Anar Vaqif o\u011flu \u018fliyevin do\u011fum g\u00fcn\u00fc m\u00fcnasib\u0259til\u0259 &#171;H\u0259yatda q\u0259hr\u0259manl\u0131\u011fa h\u0259mi\u015f\u0259 yer var&#187; adl\u0131 v\u0259t\u0259np\u0259rv\u0259rlik t\u0259dbiri ke\u00e7irilib. T\u0259dbird\u0259<\/p>\n","protected":false},"author":2,"featured_media":46877,"comment_status":"closed","ping_status":"closed","sticky":false,"template":"","format":"standard","meta":{"footnotes":""},"categories":[3],"tags":[],"class_list":["post-46876","post","type-post","status-publish","format-standard","has-post-thumbnail","hentry","category-gundm"],"aioseo_notices":[],"_links":{"self":[{"href":"https:\/\/fedai.az\/index.php?rest_route=\/wp\/v2\/posts\/46876","targetHints":{"allow":["GET"]}}],"collection":[{"href":"https:\/\/fedai.az\/index.php?rest_route=\/wp\/v2\/posts"}],"about":[{"href":"https:\/\/fedai.az\/index.php?rest_route=\/wp\/v2\/types\/post"}],"author":[{"embeddable":true,"href":"https:\/\/fedai.az\/index.php?rest_route=\/wp\/v2\/users\/2"}],"replies":[{"embeddable":true,"href":"https:\/\/fedai.az\/index.php?rest_route=%2Fwp%2Fv2%2Fcomments&post=46876"}],"version-history":[{"count":2,"href":"https:\/\/fedai.az\/index.php?rest_route=\/wp\/v2\/posts\/46876\/revisions"}],"predecessor-version":[{"id":46880,"href":"https:\/\/fedai.az\/index.php?rest_route=\/wp\/v2\/posts\/46876\/revisions\/46880"}],"wp:featuredmedia":[{"embeddable":true,"href":"https:\/\/fedai.az\/index.php?rest_route=\/wp\/v2\/media\/46877"}],"wp:attachment":[{"href":"https:\/\/fedai.az\/index.php?rest_route=%2Fwp%2Fv2%2Fmedia&parent=46876"}],"wp:term":[{"taxonomy":"category","embeddable":true,"href":"https:\/\/fedai.az\/index.php?rest_route=%2Fwp%2Fv2%2Fcategories&post=46876"},{"taxonomy":"post_tag","embeddable":true,"href":"https:\/\/fedai.az\/index.php?rest_route=%2Fwp%2Fv2%2Ftags&post=46876"}],"curies":[{"name":"wp","href":"https:\/\/api.w.org\/{rel}","templated":true}]}}