{"id":46881,"date":"2021-08-30T01:09:39","date_gmt":"2021-08-29T21:09:39","guid":{"rendered":"https:\/\/fedai.az\/?p=46881"},"modified":"2021-08-30T01:09:45","modified_gmt":"2021-08-29T21:09:45","slug":"qafqaza-sirinan-g%c9%99lm%c9%99-unsurl%c9%99r-erm%c9%99nil%c9%99r","status":"publish","type":"post","link":"https:\/\/fedai.az\/?p=46881","title":{"rendered":"Qafqaza s\u0131r\u0131nan g\u0259lm\u0259 \u00fcns\u00fcrl\u0259r &#8212; erm\u0259nil\u0259r"},"content":{"rendered":"\n<p><strong>&#171;Qafqaz Ordusunun Ba\u015f Komandan\u0131 Qraf Vorontsov-Da\u015fkova hesabat.<\/strong><br><strong>Qafqaz Ordusunun komandiri. 5 aprel 1915 No 1482.<br>General Yudeni\u00e7in imzas\u0131.<\/strong><\/p>\n\n\n\n<figure class=\"wp-block-image size-large is-resized\"><img loading=\"lazy\" decoding=\"async\" src=\"https:\/\/fedai.az\/wp-content\/uploads\/2021\/08\/images-3-4.jpg\" alt=\"\" class=\"wp-image-46882\" width=\"885\" height=\"1150\" srcset=\"https:\/\/fedai.az\/wp-content\/uploads\/2021\/08\/images-3-4.jpg 197w, https:\/\/fedai.az\/wp-content\/uploads\/2021\/08\/images-3-4-115x150.jpg 115w\" sizes=\"auto, (max-width: 885px) 100vw, 885px\" \/><\/figure>\n\n\n\n<p><br>&#171;Haz\u0131rda Qafqaz ordusunda atlar\u0131n yem t\u0259dar\u00fck\u00fcnd\u0259 \u00e7\u0259tinlikl\u0259r var, yem yoxdur. Bu, Ala\u015fk\u0259r Vadisind\u0259 yerl\u0259\u015f\u0259n b\u00f6lm\u0259l\u0259r \u00fc\u00e7\u00fcn bir problem yarad\u0131r. Onlara yem \u00e7atd\u0131rmaq son d\u0259r\u0259c\u0259 bahad\u0131r v\u0259 \u00e7oxlu n\u0259qliyyat vasit\u0259si t\u0259l\u0259b olunur. Bu m\u0259qs\u0259dl\u0259 qo\u015funlar\u0131 i\u015fl\u0259rind\u0259n ay\u0131rmaq m\u00fcmk\u00fcn deyil, buna g\u00f6r\u0259 d\u0259 t\u00fcrkl\u0259rin v\u0259 k\u00fcrdl\u0259rin t\u0259rk etdiyi t\u0259rk etdiyi \u0259razil\u0259rd\u0259 m\u00fclki \u015f\u0259xsl\u0259rd\u0259n ibar\u0259t atlara yem t\u0259dar\u00fck\u00fc il\u0259 m\u0259\u015f\u011ful olacaq m\u00fclki artell\u0259rin yarad\u0131lmas\u0131n\u0131 z\u0259ruri hesab ed\u0259rdim.<\/p>\n\n\n\n<p><br><strong>BU B\u00d6LG\u018fL\u018fRD\u018fN \u0130ST\u0130FAD\u018f ETM\u018fK \u00dc\u00c7\u00dcN, ERM\u018fN\u0130 QA\u00c7QINLARI \u018fRAZ\u0130L\u018fR\u0130 Z\u018fBT ETM\u018fK \u0130ST\u018fY\u0130R. M\u0259n bu niyy\u0259ti q\u0259buledilm\u0259z hesab edir\u0259m, \u00e7\u00fcnki m\u00fcharib\u0259d\u0259n sonra erm\u0259nil\u0259rin \u0259l\u0259 ke\u00e7irdiyi torpaqlar geri qay\u0131tmaq \u00e7\u0259tin olacaq. S\u0259rh\u0259d b\u00f6lg\u0259l\u0259rinin rus elementi il\u0259 t\u0259nziml\u0259nm\u0259sini son d\u0259r\u0259c\u0259 arzuolunan hesab ed\u0259r\u0259k d\u00fc\u015f\u00fcn\u00fcr\u0259m ki, Rusiyan\u0131n maraqlar\u0131na \u0259n uy\u011fun olan ba\u015fqa bir vasit\u0259 t\u0259tbiq oluna bil\u0259r.<\/strong><\/p>\n\n\n\n<p><br>Zati -alil\u0259ri, bu v\u0259 ya dig\u0259r \u015f\u0259kild\u0259 biz\u0259 m\u00fcqavim\u0259t g\u00f6st\u0259r\u0259n b\u00fct\u00fcn Ala\u015fkert, Diadin v\u0259 Bayazetd\u0259 m\u0259skunla\u015fan v\u0259 biz\u0259 qar\u015f\u0131 \u00e7\u0131xan k\u00fcrdl\u0259ri, T\u00fcrkl\u0259r\u0259 m\u0259xsus s\u0259rh\u0259dl\u0259r\u0259 do\u011fru d\u0259rhal \u00e7\u0131xar\u0131lmas\u0131 z\u0259rur\u0259ti bar\u0259d\u0259 m\u0259lumat\u0131m\u0131 t\u0259sdiql\u0259m\u0259kd\u0259n m\u0259mnunluq duyuram. Hesab edir\u0259m ki, Rusiya \u0130mperatorlu\u011funun s\u0259rh\u0259dl\u0259ri boyunca, t\u0259cili olaraq Kuban v\u0259 Dondan g\u0259l\u0259n v\u0259 bu vadil\u0259rd\u0259n ot toplayacaq i\u015f\u00e7i artell\u0259riyl\u0259 doldurmal\u0131 v\u0259 bununla da kazaklar ya\u015fayan bir s\u0259rh\u0259d yarad\u0131lmal\u0131d\u0131r.<\/p>\n\n\n\n<p>M\u00fcharib\u0259 bitm\u0259mi\u015f \u00f6lk\u0259 il\u0259 tan\u0131\u015fl\u0131q imkan\u0131 qazanacaq bu artell\u0259r m\u0259skunla\u015fanlar\u0131n n\u00fcmay\u0259nd\u0259l\u0259ri kimi \u00e7\u0131x\u0131\u015f ed\u0259c\u0259k, k\u00f6\u00e7 t\u0259\u015fkil ed\u0259c\u0259k v\u0259 d\u0259st\u0259l\u0259rimiz \u00fc\u00e7\u00fcn, atlar \u00fc\u00e7\u00fcn yem haz\u0131rlayacaqlar.<\/p>\n\n\n\n<p><br>Zati-alil\u0259ri, m\u0259nim t\u0259qdim etdiyim proqram\u0131 m\u0259qbul hesab ed\u0259rsinizs\u0259, artel i\u015f\u00e7il\u0259rinin mal-qara v\u0259 atlar\u0131 il\u0259 g\u0259lm\u0259si arzu olunur ki, onlar\u0131n qidalanmas\u0131 onsuz da az sayda ordu hiss\u0259l\u0259rinin \u00fcz\u0259rin\u0259 d\u00fc\u015fm\u0259sin, h\u0259m d\u0259 onlara \u00f6zl\u0259rini m\u00fcdafi\u0259 etm\u0259k \u00fc\u00e7\u00fcn silah da verilm\u0259lidir.&#187;<\/p>\n\n\n\n<p><strong>Al\u0131nt\u0131: Eldar Ta\u011f\u0131yev, Ukrayna<\/strong><\/p>\n\n\n\n<p><strong>P.S. 1915-ci ilin sonlar\u0131nda erm\u0259nip\u0259r\u0259stliyi il\u0259 se\u00e7il\u0259n qraf Voronsov-Da\u015fkov Qafqaz cani\u015fini v\u0259zif\u0259sind\u0259n azad olundu. Erm\u0259nip\u0259r\u0259stliyi il\u0259 m\u0259\u015fhurla\u015fm\u0131\u015f bu cani\u015fin on il \u0259rzind\u0259 (1905\u20131915) C\u0259nubi Qafqazda a\u00e7\u0131q-a\u015fkar erm\u0259nip\u0259r\u0259st siyas\u0259t y\u00fcr\u00fcd\u00fcrd\u00fc. Onun hakimiyy\u0259ti ill\u0259rind\u0259 &#171;Da\u015fnaqs\u00fctyun&#187; m\u00f6hk\u0259ml\u0259n\u0259r\u0259k, \u00f6z s\u0131ralar\u0131n\u0131 yenid\u0259n qurdu, erm\u0259nil\u0259r C\u0259nubi Qafqaz\u0131n iqtisadi v\u0259 siyasi h\u0259yat\u0131nda \u00f6z m\u00f6vqel\u0259rini daha da g\u00fccl\u0259ndirdil\u0259r. Voronsov-Da\u015fkovun yerin\u0259 \u0259qid\u0259li monarxiya t\u0259r\u0259fdar\u0131 v\u0259 &#171;d\u00f6vl\u0259t\u00e7i&#187; b\u00f6y\u00fck knyaz Nikolay Nikolayevi\u00e7 cani\u015fin t\u0259yin olundu.<\/strong><\/p>\n","protected":false},"excerpt":{"rendered":"<p>&#171;Qafqaz Ordusunun Ba\u015f Komandan\u0131 Qraf Vorontsov-Da\u015fkova hesabat.Qafqaz Ordusunun komandiri. 5 aprel 1915 No 1482.General Yudeni\u00e7in imzas\u0131. &#171;Haz\u0131rda Qafqaz ordusunda atlar\u0131n yem t\u0259dar\u00fck\u00fcnd\u0259 \u00e7\u0259tinlikl\u0259r var,<\/p>\n","protected":false},"author":2,"featured_media":46883,"comment_status":"closed","ping_status":"closed","sticky":false,"template":"","format":"standard","meta":{"footnotes":""},"categories":[7],"tags":[],"class_list":["post-46881","post","type-post","status-publish","format-standard","has-post-thumbnail","hentry","category-tarix"],"aioseo_notices":[],"_links":{"self":[{"href":"https:\/\/fedai.az\/index.php?rest_route=\/wp\/v2\/posts\/46881","targetHints":{"allow":["GET"]}}],"collection":[{"href":"https:\/\/fedai.az\/index.php?rest_route=\/wp\/v2\/posts"}],"about":[{"href":"https:\/\/fedai.az\/index.php?rest_route=\/wp\/v2\/types\/post"}],"author":[{"embeddable":true,"href":"https:\/\/fedai.az\/index.php?rest_route=\/wp\/v2\/users\/2"}],"replies":[{"embeddable":true,"href":"https:\/\/fedai.az\/index.php?rest_route=%2Fwp%2Fv2%2Fcomments&post=46881"}],"version-history":[{"count":1,"href":"https:\/\/fedai.az\/index.php?rest_route=\/wp\/v2\/posts\/46881\/revisions"}],"predecessor-version":[{"id":46884,"href":"https:\/\/fedai.az\/index.php?rest_route=\/wp\/v2\/posts\/46881\/revisions\/46884"}],"wp:featuredmedia":[{"embeddable":true,"href":"https:\/\/fedai.az\/index.php?rest_route=\/wp\/v2\/media\/46883"}],"wp:attachment":[{"href":"https:\/\/fedai.az\/index.php?rest_route=%2Fwp%2Fv2%2Fmedia&parent=46881"}],"wp:term":[{"taxonomy":"category","embeddable":true,"href":"https:\/\/fedai.az\/index.php?rest_route=%2Fwp%2Fv2%2Fcategories&post=46881"},{"taxonomy":"post_tag","embeddable":true,"href":"https:\/\/fedai.az\/index.php?rest_route=%2Fwp%2Fv2%2Ftags&post=46881"}],"curies":[{"name":"wp","href":"https:\/\/api.w.org\/{rel}","templated":true}]}}