{"id":46885,"date":"2021-08-30T01:13:13","date_gmt":"2021-08-29T21:13:13","guid":{"rendered":"https:\/\/fedai.az\/?p=46885"},"modified":"2021-08-30T01:13:16","modified_gmt":"2021-08-29T21:13:16","slug":"susada-xususi-numay%c9%99nd%c9%99liyin-yerl%c9%99s%c9%99c%c9%99yi-inzibati-binada-b%c9%99rpa-isl%c9%99ri-aparilir","status":"publish","type":"post","link":"https:\/\/fedai.az\/?p=46885","title":{"rendered":"\u015eu\u015fada X\u00fcsusi n\u00fcmay\u0259nd\u0259liyin yerl\u0259\u015f\u0259c\u0259yi inzibati binada b\u0259rpa i\u015fl\u0259ri apar\u0131l\u0131r"},"content":{"rendered":"\n<p><strong>\u015eu\u015fada X\u00fcsusi n\u00fcmay\u0259nd\u0259liyin yerl\u0259\u015f\u0259c\u0259yi inzibati binada b\u0259rpa i\u015fl\u0259ri apar\u0131l\u0131r.<\/strong><\/p>\n\n\n\n<p>Az\u0259rbaycan Respublikas\u0131n\u0131n Prezidenti \u0130lham \u018fliyev, birinci xan\u0131m Mehriban \u018fliyeva inzibati binada apar\u0131lan b\u0259rpa i\u015fl\u0259ri il\u0259 tan\u0131\u015f olublar.<\/p>\n","protected":false},"excerpt":{"rendered":"<p>\u015eu\u015fada X\u00fcsusi n\u00fcmay\u0259nd\u0259liyin yerl\u0259\u015f\u0259c\u0259yi inzibati binada b\u0259rpa i\u015fl\u0259ri apar\u0131l\u0131r. Az\u0259rbaycan Respublikas\u0131n\u0131n Prezidenti \u0130lham \u018fliyev, birinci xan\u0131m Mehriban \u018fliyeva inzibati binada apar\u0131lan b\u0259rpa i\u015fl\u0259ri il\u0259<\/p>\n","protected":false},"author":2,"featured_media":46886,"comment_status":"closed","ping_status":"closed","sticky":false,"template":"","format":"standard","meta":{"footnotes":""},"categories":[4],"tags":[],"class_list":["post-46885","post","type-post","status-publish","format-standard","has-post-thumbnail","hentry","category-qarabag"],"aioseo_notices":[],"_links":{"self":[{"href":"https:\/\/fedai.az\/index.php?rest_route=\/wp\/v2\/posts\/46885","targetHints":{"allow":["GET"]}}],"collection":[{"href":"https:\/\/fedai.az\/index.php?rest_route=\/wp\/v2\/posts"}],"about":[{"href":"https:\/\/fedai.az\/index.php?rest_route=\/wp\/v2\/types\/post"}],"author":[{"embeddable":true,"href":"https:\/\/fedai.az\/index.php?rest_route=\/wp\/v2\/users\/2"}],"replies":[{"embeddable":true,"href":"https:\/\/fedai.az\/index.php?rest_route=%2Fwp%2Fv2%2Fcomments&post=46885"}],"version-history":[{"count":1,"href":"https:\/\/fedai.az\/index.php?rest_route=\/wp\/v2\/posts\/46885\/revisions"}],"predecessor-version":[{"id":46887,"href":"https:\/\/fedai.az\/index.php?rest_route=\/wp\/v2\/posts\/46885\/revisions\/46887"}],"wp:featuredmedia":[{"embeddable":true,"href":"https:\/\/fedai.az\/index.php?rest_route=\/wp\/v2\/media\/46886"}],"wp:attachment":[{"href":"https:\/\/fedai.az\/index.php?rest_route=%2Fwp%2Fv2%2Fmedia&parent=46885"}],"wp:term":[{"taxonomy":"category","embeddable":true,"href":"https:\/\/fedai.az\/index.php?rest_route=%2Fwp%2Fv2%2Fcategories&post=46885"},{"taxonomy":"post_tag","embeddable":true,"href":"https:\/\/fedai.az\/index.php?rest_route=%2Fwp%2Fv2%2Ftags&post=46885"}],"curies":[{"name":"wp","href":"https:\/\/api.w.org\/{rel}","templated":true}]}}