{"id":46888,"date":"2021-08-30T01:39:40","date_gmt":"2021-08-29T21:39:40","guid":{"rendered":"https:\/\/fedai.az\/?p=46888"},"modified":"2021-08-30T01:39:43","modified_gmt":"2021-08-29T21:39:43","slug":"qazil%c9%99rimiz-olum-bir-n%c9%99f%c9%99s-q%c9%99d%c9%99r-biz%c9%99-yaxin-idi","status":"publish","type":"post","link":"https:\/\/fedai.az\/?p=46888","title":{"rendered":"Qazil\u0259rimiz: \u201c\u00d6l\u00fcm bir n\u0259f\u0259s q\u0259d\u0259r biz\u0259 yax\u0131n idi&#8230;\u201d"},"content":{"rendered":"\n<p><strong>M\u00fcharib\u0259d\u0259 z\u0259f\u0259rin qazan\u0131lmas\u0131nda h\u0259rbi qulluq\u00e7ular\u0131n d\u00f6y\u00fc\u015f qabiliyy\u0259ti v\u0259 ruh y\u00fcks\u0259kliyi m\u00fch\u00fcm rol oynay\u0131r. D\u00f6y\u00fc\u015f s\u0131na\u011f\u0131nda \u0259sas olan insan amilidir. D\u00fc\u015fm\u0259n\u0259 qar\u015f\u0131 vuru\u015fan d\u00f6y\u00fc\u015f\u00e7\u00fcn\u00fcn qalibiyy\u0259t \u0259zmi onun yenilm\u0259zliyinin t\u0259m\u0259lind\u0259 dayanan ba\u015fl\u0131ca c\u0259h\u0259tdir.<\/strong><\/p>\n\n\n\n<p>H\u0259rb tariximizin \u015f\u0259r\u0259fli s\u0259hif\u0259si olan v\u0259 bizi q\u0259l\u0259b\u0259 zirv\u0259sin\u0259 ucaldan 44 g\u00fcnl\u00fck V\u0259t\u0259n m\u00fcharib\u0259sind\u0259 xalq\u0131m\u0131z\u0131n qeyr\u0259tli v\u0259 v\u0259t\u0259np\u0259rv\u0259r o\u011fullar\u0131 erm\u0259ni i\u015f\u011fal\u00e7\u0131lar\u0131n\u0131 m\u0259\u011flub etdil\u0259r, torpaqlar\u0131m\u0131z\u0131n d\u00fc\u015fm\u0259n tapda\u011f\u0131nda qalmas\u0131na son qoydular, uzun ill\u0259r q\u0259d\u0259mimizin d\u0259ym\u0259diyi, n\u0259f\u0259simizin toxunmad\u0131\u011f\u0131, h\u0259sr\u0259tini \u00e7\u0259kdiyimiz yurdlar\u0131m\u0131zda \u00fc\u00e7r\u0259ngli bayra\u011f\u0131m\u0131z\u0131 qald\u0131rd\u0131lar.<\/p>\n\n\n\n<figure class=\"wp-block-image size-large\"><img loading=\"lazy\" decoding=\"async\" width=\"1024\" height=\"762\" src=\"https:\/\/fedai.az\/wp-content\/uploads\/2021\/08\/240889610_374143464213146_8006194468075221713_n-1024x762.jpg\" alt=\"\" class=\"wp-image-46889\" srcset=\"https:\/\/fedai.az\/wp-content\/uploads\/2021\/08\/240889610_374143464213146_8006194468075221713_n-1024x762.jpg 1024w, https:\/\/fedai.az\/wp-content\/uploads\/2021\/08\/240889610_374143464213146_8006194468075221713_n-300x223.jpg 300w, https:\/\/fedai.az\/wp-content\/uploads\/2021\/08\/240889610_374143464213146_8006194468075221713_n-150x112.jpg 150w, https:\/\/fedai.az\/wp-content\/uploads\/2021\/08\/240889610_374143464213146_8006194468075221713_n-768x572.jpg 768w, https:\/\/fedai.az\/wp-content\/uploads\/2021\/08\/240889610_374143464213146_8006194468075221713_n.jpg 1280w\" sizes=\"auto, (max-width: 1024px) 100vw, 1024px\" \/><\/figure>\n\n\n\n<p>Daxili \u0130\u015fl\u0259r Nazirliyi Daxili Qo\u015funlar\u0131n\u0131n V\u0259t\u0259n m\u00fcharib\u0259sind\u0259 i\u015ftirak etmi\u015f h\u0259rbi qulluq\u00e7ular\u0131n\u0131n g\u00f6st\u0259rdikl\u0259ri igidlik n\u00fcmun\u0259l\u0259ri he\u00e7 vaxt unudulmayacaq. Onlar xalq\u0131m\u0131z\u0131n g\u00f6zl\u0259diyi Q\u0259l\u0259b\u0259 g\u00fcn\u00fcn\u00fc reall\u0131\u011fa \u00e7evirm\u0259k \u00fc\u00e7\u00fcn \u00f6z layiqli t\u00f6hf\u0259l\u0259rini veribl\u0259r. Bu yolda \u015f\u0259hid v\u0259 qazi olan silahda\u015flar\u0131m\u0131z\u0131 tan\u0131tmaq da vacib missiyad\u0131r.<\/p>\n\n\n\n<p><strong>V\u0259t\u0259n m\u00fcharib\u0259sind\u0259 a\u011f\u0131r yaralanaraq \u0259lil olan v\u0259 h\u0259rbi xidm\u0259td\u0259n t\u0259rxis edil\u0259n \u00e7avu\u015f M\u0259d\u0259ni Polad \u018fmir o\u011flunun ke\u00e7diyi d\u00f6y\u00fc\u015f yolu \u00f6z \u0259qid\u0259sin\u0259, i\u00e7diyi anda s\u0259daq\u0259t, d\u00f6y\u00fc\u015f\u00e7\u00fc f\u0259dakarl\u0131\u011f\u0131 n\u00fcmun\u0259sidir.<\/strong><\/p>\n\n\n\n<p>O, 1989-cu il may\u0131n 30-da \u015e\u0259ki \u015f\u0259h\u0259rind\u0259 anadan olub. \u018fmir M\u0259d\u0259ni v\u0259 M\u0259nsur\u0259 M\u0259d\u0259ninin \u00fc\u00e7 \u00f6vlad\u0131ndan biri v\u0259 ya\u015fca ki\u00e7iyidir. Atas\u0131 2013-c\u00fc ild\u0259 v\u0259fat edib. Evli olan qazinin 5 ya\u015f\u0131nda bir o\u011flu var.<\/p>\n\n\n\n<p>Polad boya-ba\u015fa \u00e7atd\u0131\u011f\u0131 \u015e\u0259kid\u0259ki R\u0259\u015fid \u018ff\u0259ndiyev ad\u0131na 10 sayl\u0131 orta m\u0259kt\u0259bd\u0259 t\u0259hsil al\u0131b. 9 illik t\u0259hsild\u0259n sonra avtomobil t\u0259miri \u00fczr\u0259 texnik pe\u015f\u0259sin\u0259 yiy\u0259l\u0259nib v\u0259 bu sah\u0259d\u0259 \u00e7al\u0131\u015f\u0131b. Onun ya\u015f\u0131d\u0131 olan g\u0259ncl\u0259r u\u015faq ik\u0259n Da\u011fl\u0131q Qaraba\u011fda erm\u0259ni separatizmi ba\u015f qald\u0131r\u0131b. B\u0259dnam qon\u015fu Erm\u0259nistan\u0131n Az\u0259rbaycana qar\u015f\u0131 \u0259razi iddias\u0131 s\u0259b\u0259bind\u0259n h\u0259rbi m\u00fcnaqi\u015f\u0259 ba\u015flay\u0131b v\u0259 getdikc\u0259 daha da alovlan\u0131b. Bu m\u00fcnaqi\u015f\u0259 bir ne\u00e7\u0259 n\u0259slin h\u0259yat\u0131nda a\u011fr\u0131-ac\u0131l\u0131 iz qoyub. Birinci Qaraba\u011f m\u00fcharib\u0259sind\u0259 respublikam\u0131z\u0131n \u0259razisinin 20 faizi i\u015f\u011fal olundu, bir milyona yax\u0131n v\u0259t\u0259nda\u015f\u0131m\u0131z m\u0259cburi k\u00f6\u00e7k\u00fcn v\u0259ziyy\u0259tin\u0259 d\u00fc\u015fd\u00fc. Sonra at\u0259\u015fk\u0259s rejimi \u015f\u0259raitind\u0259 uzun ill\u0259r bu ger\u00e7\u0259klikl\u0259 ya\u015fad\u0131q. Ancaq h\u0259min d\u00f6vrd\u0259 \u00f6z\u00fcnd\u0259n \u0259vv\u0259lki n\u0259sill\u0259rin d\u00f6y\u00fc\u015f ruhundan ilhamlanan v\u0259t\u0259np\u0259rv\u0259r v\u0259 m\u00fcbariz g\u0259nc n\u0259sil yeti\u015fdi. Bu n\u0259slin n\u00fcmay\u0259nd\u0259l\u0259rind\u0259n biri d\u0259 Poladd\u0131r.<\/p>\n\n\n\n<p>2007-2009-cu ill\u0259rd\u0259 Polad M\u00fcdafi\u0259 Nazirliyinin Nax\u00e7\u0131van \u015f\u0259h\u0259rind\u0259ki \u201cN\u201d sayl\u0131 h\u0259rbi hiss\u0259sind\u0259 m\u00fcdd\u0259tli h\u0259qiqi h\u0259rbi xidm\u0259t ke\u00e7ib. K\u0259\u015ffiyyat b\u00f6lm\u0259sind\u0259 snayper\u00e7i olub, \u201c\u00e7avu\u015f\u201d h\u0259rbi r\u00fctb\u0259sin\u0259d\u0259k y\u00fcks\u0259lib.<\/p>\n\n\n\n<p>2011-ci ilin noyabr ay\u0131nda Polad Daxili Qo\u015funlar\u0131n s\u0131ralar\u0131na m\u00fcdd\u0259td\u0259n art\u0131q h\u0259qiqi h\u0259rbi xidm\u0259t\u0259 q\u0259bul olunub. Bak\u0131 \u015f\u0259h\u0259rind\u0259 yerl\u0259\u015f\u0259n \u201cN\u201d sayl\u0131 h\u0259rbi hiss\u0259d\u0259 \u0259vv\u0259lc\u0259 x\u00fcsusi vasit\u0259l\u0259rin t\u0259tbiqi d\u0259st\u0259sinin x\u00fcsusi vasit\u0259l\u0259rin t\u0259tbiqi qrupunun yar\u0131mqrupunda at\u0131c\u0131, d\u00f6y\u00fc\u015f t\u0259minat\u0131 yar\u0131mqrupunda hey\u0259t n\u0259f\u0259ri-at\u0131c\u0131 v\u0259zif\u0259l\u0259rin\u0259, sonra is\u0259 h\u0259rbi hiss\u0259nin x\u00fcsusi t\u0259yinatl\u0131 d\u0259st\u0259sin\u0259 ke\u00e7iril\u0259r\u0259k, x\u00fcsusi h\u0259ml\u0259 qrupunun yar\u0131mqrupunda at\u0131c\u0131-snayper v\u0259 snayper v\u0259zif\u0259l\u0259rin\u0259 t\u0259yin edilib.<\/p>\n\n\n\n<p>V\u0259t\u0259n m\u00fcharib\u0259sin\u0259d\u0259k olan h\u0259rbi xidm\u0259ti d\u00f6vr\u00fcnd\u0259 ona g\u00f6st\u0259ril\u0259n etimad\u0131 do\u011fruldub, 3-c\u00fc d\u0259r\u0259c\u0259li \u201cQ\u00fcsursuz xidm\u0259t\u0259 g\u00f6r\u0259\u201d medal\u0131 il\u0259 m\u00fckafatland\u0131r\u0131l\u0131b. Bar\u0259sind\u0259 m\u00fcxt\u0259lif n\u00f6v h\u0259v\u0259sl\u0259ndirm\u0259l\u0259r t\u0259tbiq edilib.<\/p>\n\n\n\n<p>2020-ci ilin 27 sentyabr\u0131nda V\u0259t\u0259n m\u00fcharib\u0259si ba\u015flayanda \u00e7avu\u015f P.M\u0259d\u0259ninin xidm\u0259t etdiyi x\u00fcsusi t\u0259yinatl\u0131 d\u0259st\u0259nin h\u0259rbi qulluq\u00e7ular\u0131 d\u00f6y\u00fc\u015f\u0259 ilk at\u0131lanlar\u0131n s\u0131ralar\u0131nda olublar. Polad bildirdi ki, K\u0259lb\u0259c\u0259r rayonu istiqam\u0259tind\u0259 Murovda\u011f y\u00fcks\u0259kliyi, C\u0259bray\u0131l, Xocav\u0259nd, Qubadl\u0131 v\u0259 F\u00fczuli rayonlar\u0131n\u0131n \u0259razil\u0259rind\u0259 d\u00f6y\u00fc\u015f yolu ke\u00e7ib. X\u00fcsusi t\u0259yinatl\u0131 kimi ke\u00e7diyi haz\u0131rl\u0131\u011f\u0131n m\u00fcharib\u0259 zaman\u0131 \u00e7ox g\u0259r\u0259yi oldu\u011funu s\u00f6yl\u0259di. \u00dcmumilikd\u0259, x\u00fcsusi t\u0259yinatl\u0131lar\u0131n d\u00f6y\u00fc\u015f tap\u015f\u0131r\u0131qlar\u0131n\u0131n yerin\u0259 yetirilm\u0259sind\u0259 \u00fcst\u00fcn c\u0259h\u0259td\u0259n f\u0259rql\u0259ndikl\u0259rini vur\u011fulad\u0131. \u0130\u015f\u011fal\u00e7\u0131lar\u0131n \u00fczb\u0259\u00fcz d\u00f6y\u00fc\u015fl\u0259rd\u0259 h\u0259rbi qulluq\u00e7ular\u0131m\u0131z\u0131n h\u0259ml\u0259l\u0259rin\u0259 tab g\u0259tir\u0259 bilm\u0259dikl\u0259rini, m\u00f6vqel\u0259rini at\u0131b qa\u00e7d\u0131qlar\u0131n\u0131 dedi. Bizim d\u00f6y\u00fc\u015f\u0259n canl\u0131 q\u00fcvv\u0259nin s\u0131ras\u0131nda h\u0259lakolma v\u0259 yaralanma hallar\u0131n\u0131n \u0259sas\u0259n d\u00fc\u015fm\u0259nin qurdu\u011fu pusqu, basd\u0131rd\u0131\u011f\u0131 minalar\u0131n partlay\u0131\u015f\u0131 v\u0259 artilleriya at\u0259\u015fi n\u0259tic\u0259sind\u0259 ba\u015f verdiyini n\u0259z\u0259r\u0259 \u00e7atd\u0131rd\u0131. Qazi dan\u0131\u015fd\u0131 ki, d\u00f6y\u00fc\u015fl\u0259r vaxt\u0131 bir ne\u00e7\u0259 d\u0259f\u0259 pusquya d\u00fc\u015f\u00fcbl\u0259r, itkil\u0259rimiz olub, ancaq h\u0259min v\u0259-ziyy\u0259td\u0259 d\u0259 d\u00fc\u015fm\u0259nin layiqli cavab\u0131n\u0131 veribl\u0259r. H\u0259m\u00e7inin, i\u015f\u011fal\u00e7\u0131lar\u0131 pusquya sald\u0131qlar\u0131 bir epizodu xat\u0131rlad\u0131. Bel\u0259 ki, F\u00fczuli rayonuna aid \u0259razid\u0259 qruplarla ir\u0259lil\u0259y\u0259rk\u0259n t\u0259cav\u00fczkar\u0131n divizionunun yerl\u0259\u015fdiyi sah\u0259ni t\u0259sbit edibl\u0259r. Burada 4 top v\u0259 dig\u0259r artilleriya vasit\u0259l\u0259ri, xeyli sursat, 70 n\u0259f\u0259r\u0259 yax\u0131n \u015f\u0259xsi hey\u0259t a\u015fkarlan\u0131b. X\u00fcsusi t\u0259yinatl\u0131 d\u0259st\u0259nin komandiri polkovnik-leytenant F\u00fczuli \u0130mr\u0259liyevin g\u00f6st\u0259ri\u015fi il\u0259 divizionun yerl\u0259\u015fdiyi sah\u0259 m\u00fchasir\u0259y\u0259 al\u0131naraq at\u0259\u015f\u0259 tutulub v\u0259 i\u015f\u011fal\u00e7\u0131lar t\u0259l\u0259fata u\u011fray\u0131blar, silah-sursat, texnika q\u0259nim\u0259t g\u00f6t\u00fcr\u00fcl\u00fcb.<\/p>\n\n\n\n<p>Polad\u0131n dediyin\u0259 g\u00f6r\u0259, m\u00fcharib\u0259d\u0259 torpaqlar\u0131m\u0131z\u0131 \u00f6z can\u0131 bahas\u0131na i\u015f\u011faldan azad ed\u0259n silahda\u015flar\u0131ndan b\u0259zil\u0259rinin \u00f6l\u00fcm\u00fc onun g\u00f6zl\u0259ri \u00f6n\u00fcnd\u0259 ba\u015f verib. Onlardan ba\u015f leytenant Kamran Kaz\u0131mov, ba\u015f \u00e7avu\u015flar V\u00fcqar C\u0259f\u0259rov v\u0259 \u018fsg\u0259r \u018fhm\u0259dovun adlar\u0131n\u0131 yada sald\u0131. Silahda\u015flar\u0131n\u0131n \u015f\u0259hid olmas\u0131ndan d\u0259rind\u0259n sars\u0131l\u0131b, ancaq onlar\u0131n qisas\u0131n\u0131n al\u0131nmas\u0131, qanlar\u0131n\u0131n yerd\u0259 qalmamas\u0131, xatir\u0259l\u0259rinin ya\u015fad\u0131lmas\u0131 Polada m\u00fc\u0259yy\u0259n q\u0259d\u0259r t\u0259skinlik verir.<\/p>\n\n\n\n<p>Qazi qeyd etdi ki, m\u00fcharib\u0259nin \u00f6z \u00e7\u0259tinlikl\u0259ri, \u0259zab-\u0259ziyy\u0259tl\u0259ri olur, lakin b\u00fct\u00fcn bunlara onlar, ilk n\u00f6vb\u0259d\u0259, x\u00fcsusi t\u0259yinatl\u0131 kimi haz\u0131rlanm\u0131\u015fd\u0131lar. \u201cA\u011f\u0131r d\u00f6y\u00fc\u015fl\u0259r gedib, yuxusuz gec\u0259l\u0259rimiz olub, saatlarla ya\u011f\u0131\u015f alt\u0131nda qalaraq islanm\u0131\u015f\u0131q, bir ne\u00e7\u0259 g\u00fcn paltar\u0131m\u0131z qurumay\u0131b, texnikan\u0131 d\u00fc\u015fm\u0259n vurdu\u011fundan, b\u0259z\u0259n t\u0259chizat\u0131 biz\u0259 vaxt\u0131nda \u00e7atd\u0131rmaq m\u00fcmk\u00fcn olmay\u0131b, ancaq ruhdan d\u00fc\u015fm\u0259mi\u015fik, h\u0259r hans\u0131 \u00e7\u0259tinlik qar\u015f\u0131s\u0131nda irad\u0259miz b\u00fcdr\u0259m\u0259yib, daim ir\u0259li getm\u0259k bar\u0259d\u0259 fikirl\u0259\u015fmi\u015fik, komandirl\u0259rin \u0259mr v\u0259 tap\u015f\u0131r\u0131qlar\u0131n\u0131 t\u0259r\u0259dd\u00fcd etm\u0259d\u0259n yerin\u0259 yetirmi\u015fik\u201d &#8212; dey\u0259 Polad d\u00fc\u015f\u00fcnc\u0259l\u0259rini b\u00f6l\u00fc\u015fd\u00fc.<\/p>\n\n\n\n<p>Onun s\u00f6zl\u0259rin\u0259 g\u00f6r\u0259, h\u0259r bir insan kimi, d\u00f6y\u00fc\u015f\u00e7\u00fc d\u0259 ya\u015famaq, \u00f6z arzular\u0131na qovu\u015fmaq ist\u0259yir, \u00f6z\u00fcn\u0259m\u0259xsus x\u0259yallar\u0131 olur, ail\u0259sini d\u00fc\u015f\u00fcn\u00fcr. Ancaq m\u00fcharib\u0259 ger\u00e7\u0259kliyind\u0259 d\u0259rk edirs\u0259n ki, hiss\u0259 qap\u0131lmaq olmaz, qar\u015f\u0131da d\u00fc\u015fm\u0259n var, onun h\u0259d\u0259find\u0259s\u0259n, m\u00fcq\u0259dd\u0259s torpa\u011f\u0131n\u0131 t\u0259cav\u00fczkardan t\u0259mizl\u0259m\u0259lis\u0259n, geriy\u0259 qalib kimi d\u00f6nm\u0259lis\u0259n. \u201cM\u00fcharib\u0259 itkisiz olmur, \u00f6l\u00fcm bir n\u0259f\u0259s q\u0259d\u0259r biz\u0259 yax\u0131n idi, lakin \u00f6l\u00fcm qorxusu s\u0259ni \u00fcst\u0259l\u0259m\u0259m\u0259lidir, d\u00f6y\u00fc\u015f ruhu varsa, bu, insana m\u0259n\u0259vi g\u00fcc verir. V\u0259t\u0259n yolunda \u015f\u0259hid v\u0259 qazi olmaq is\u0259 insan \u00fc\u00e7\u00fcn \u015f\u0259r\u0259fli taledir\u201d.<\/p>\n\n\n\n<p>Polad s\u00f6yl\u0259di ki, i\u015f\u011faldan azad etdikl\u0259ri \u0259razil\u0259rimizd\u0259 \u015f\u0259h\u0259rl\u0259r, q\u0259s\u0259b\u0259l\u0259r, k\u0259ndl\u0259r erm\u0259nil\u0259r t\u0259r\u0259find\u0259n viran qoyulub, \u0259traf xarabal\u0131\u011fa \u00e7evrilib, onlar q\u0259biristanl\u0131qlara qar\u015f\u0131 da \u00f6z v\u0259h\u015filikl\u0259rind\u0259n qalmay\u0131blar.<\/p>\n\n\n\n<figure class=\"wp-block-image size-large is-resized\"><img loading=\"lazy\" decoding=\"async\" src=\"https:\/\/fedai.az\/wp-content\/uploads\/2021\/08\/239692733_973274913519551_350139068925579658_n.jpg\" alt=\"\" class=\"wp-image-46890\" width=\"900\" height=\"1604\" srcset=\"https:\/\/fedai.az\/wp-content\/uploads\/2021\/08\/239692733_973274913519551_350139068925579658_n.jpg 561w, https:\/\/fedai.az\/wp-content\/uploads\/2021\/08\/239692733_973274913519551_350139068925579658_n-168x300.jpg 168w, https:\/\/fedai.az\/wp-content\/uploads\/2021\/08\/239692733_973274913519551_350139068925579658_n-84x150.jpg 84w\" sizes=\"auto, (max-width: 900px) 100vw, 900px\" \/><\/figure>\n\n\n\n<p>2020-ci ilin oktyabr ay\u0131n\u0131n 15-d\u0259 F\u00fczuli rayonu \u0259razisind\u0259 d\u00f6y\u00fc\u015f zaman\u0131 d\u00fc\u015fm\u0259n Polad\u0131n t\u0259rkibind\u0259 oldu\u011fu qrupun yerl\u0259\u015fdiyi m\u00f6vqeni m\u00fcxt\u0259lif n\u00f6v artilleriyadan, zirehli texnikalardan \u015fidd\u0259tli at\u0259\u015f\u0259 tutub. H\u0259min vaxt biz t\u0259r\u0259fd\u0259n \u00f6l\u0259n v\u0259 yaralananlar olub. Yax\u0131nl\u0131\u011f\u0131na d\u00fc\u015f\u0259n minaatandan at\u0131lan bir m\u0259rminin partlamas\u0131 n\u0259tic\u0259sind\u0259 x\u0131rda q\u0259lp\u0259l\u0259r Polad\u0131n qollar\u0131n\u0131 yaralay\u0131b, ikinci m\u0259rminin partlay\u0131\u015f\u0131ndan yaranan q\u0259lp\u0259 is\u0259 sa\u011f aya\u011f\u0131n\u0131n dizd\u0259n a\u015fa\u011f\u0131 nahiy\u0259sini qopar\u0131b, bud nahiy\u0259si a\u011f\u0131r d\u0259r\u0259c\u0259li z\u0259d\u0259l\u0259nib. Yaraland\u0131\u011f\u0131 yer at\u0259\u015f alt\u0131nda oldu\u011fundan, Polad\u0131n oradan \u00e7\u0131xar\u0131lmas\u0131 bir ne\u00e7\u0259 saat \u00e7\u0259kib. Onu \u00e7\u0131xartma\u011fa can atan iki h\u0259rbi qulluq\u00e7udan biri \u00f6l\u00fcb, dig\u0259ri is\u0259 yaralan\u0131b. N\u0259hay\u0259t, dig\u0259r d\u00f6y\u00fc\u015f\u00e7\u00fcl\u0259r yaral\u0131ya yax\u0131nla\u015fa bil\u0259r\u0259k, \u0259razid\u0259n \u00e7\u0131xar\u0131blar. \u00c7\u0259tinlikl\u0259 F\u00fczuli rayonundak\u0131 x\u0259st\u0259xanaya \u00e7atd\u0131r\u0131l\u0131b, burada \u201csa\u011f budunun yuxar\u0131 \u00fc\u00e7d\u0259 birinin travmatik amputasiyas\u0131\u201d diaqnozu qoyularaq c\u0259rrahi \u0259m\u0259liyyat apar\u0131l\u0131b. X\u0259st\u0259xanadan Daxili Qo\u015funlar\u0131n Qospital\u0131na g\u00f6nd\u0259rilib. Qospitalda uzunm\u00fcdd\u0259tli m\u00fcalic\u0259 kursu ke\u00e7ib. Qaziy\u0259 2-ci qrup \u0259lillik d\u0259r\u0259c\u0259si verilib.<\/p>\n\n\n\n<p>Az\u0259rbaycan Respublikas\u0131 Prezidentinin 18 dekabr 2020-ci il tarixli, 25 dekabr&nbsp; 2020-ci il tarixli, 29 dekabr 2020-ci il tarixli m\u00fcvafiq s\u0259r\u0259ncamlar\u0131 il\u0259 \u00e7avu\u015f M\u0259d\u0259ni Polad \u018fmir o\u011flu \u201cC\u0259sur d\u00f6y\u00fc\u015f\u00e7\u00fc\u201d, \u201cF\u00fczulinin azad olunmas\u0131na g\u00f6r\u0259\u201d v\u0259 \u201c\u015eu\u015fan\u0131n azad olunmas\u0131na g\u00f6r\u0259\u201d medallar\u0131 il\u0259 t\u0259ltif olunub.<\/p>\n\n\n\n<p>M\u00fcxt\u0259lif televiziya kanallar\u0131nda v\u0259 so-sial \u015f\u0259b\u0259k\u0259l\u0259rd\u0259 qazimizin \u015f\u0259r\u0259fli d\u00f6y\u00fc\u015f yolu i\u015f\u0131qland\u0131r\u0131l\u0131b.<\/p>\n\n\n\n<p>\u0130nan\u0131ram ki, Polad do\u011fmalar\u0131n\u0131n m\u0259n\u0259vi d\u0259st\u0259yi il\u0259 \u0259lilliyin yaratd\u0131\u011f\u0131 b\u00fct\u00fcn \u00e7\u0259tinlikl\u0259rin \u00f6hd\u0259sind\u0259n bacar\u0131qla g\u0259l\u0259c\u0259k, can\u0131ndan art\u0131q sevdiyi V\u0259t\u0259n \u00fc\u00e7\u00fcn layiqli \u00f6vlad yeti\u015fdir\u0259c\u0259k, c\u0259miyy\u0259timiz\u0259 \u00f6z d\u00f6y\u00fc\u015f t\u0259cr\u00fcb\u0259si il\u0259 faydal\u0131 olma\u011fa \u00e7al\u0131\u015facaq.<\/p>\n\n\n\n<p><strong>Yal\u00e7\u0131n Abbasov<\/strong><\/p>\n\n\n\n<p><strong><em>D\u0130N-in Daxili Qo\u015funlar\u0131n\u0131n veteran\u0131, t\u0259dqiqat\u00e7\u0131-jurnalist<\/em><\/strong><\/p>\n","protected":false},"excerpt":{"rendered":"<p>M\u00fcharib\u0259d\u0259 z\u0259f\u0259rin qazan\u0131lmas\u0131nda h\u0259rbi qulluq\u00e7ular\u0131n d\u00f6y\u00fc\u015f qabiliyy\u0259ti v\u0259 ruh y\u00fcks\u0259kliyi m\u00fch\u00fcm rol oynay\u0131r. D\u00f6y\u00fc\u015f s\u0131na\u011f\u0131nda \u0259sas olan insan amilidir. D\u00fc\u015fm\u0259n\u0259 qar\u015f\u0131 vuru\u015fan d\u00f6y\u00fc\u015f\u00e7\u00fcn\u00fcn qalibiyy\u0259t<\/p>\n","protected":false},"author":2,"featured_media":46891,"comment_status":"closed","ping_status":"closed","sticky":false,"template":"","format":"standard","meta":{"footnotes":""},"categories":[5],"tags":[],"class_list":["post-46888","post","type-post","status-publish","format-standard","has-post-thumbnail","hentry","category-veteran"],"aioseo_notices":[],"_links":{"self":[{"href":"https:\/\/fedai.az\/index.php?rest_route=\/wp\/v2\/posts\/46888","targetHints":{"allow":["GET"]}}],"collection":[{"href":"https:\/\/fedai.az\/index.php?rest_route=\/wp\/v2\/posts"}],"about":[{"href":"https:\/\/fedai.az\/index.php?rest_route=\/wp\/v2\/types\/post"}],"author":[{"embeddable":true,"href":"https:\/\/fedai.az\/index.php?rest_route=\/wp\/v2\/users\/2"}],"replies":[{"embeddable":true,"href":"https:\/\/fedai.az\/index.php?rest_route=%2Fwp%2Fv2%2Fcomments&post=46888"}],"version-history":[{"count":1,"href":"https:\/\/fedai.az\/index.php?rest_route=\/wp\/v2\/posts\/46888\/revisions"}],"predecessor-version":[{"id":46892,"href":"https:\/\/fedai.az\/index.php?rest_route=\/wp\/v2\/posts\/46888\/revisions\/46892"}],"wp:featuredmedia":[{"embeddable":true,"href":"https:\/\/fedai.az\/index.php?rest_route=\/wp\/v2\/media\/46891"}],"wp:attachment":[{"href":"https:\/\/fedai.az\/index.php?rest_route=%2Fwp%2Fv2%2Fmedia&parent=46888"}],"wp:term":[{"taxonomy":"category","embeddable":true,"href":"https:\/\/fedai.az\/index.php?rest_route=%2Fwp%2Fv2%2Fcategories&post=46888"},{"taxonomy":"post_tag","embeddable":true,"href":"https:\/\/fedai.az\/index.php?rest_route=%2Fwp%2Fv2%2Ftags&post=46888"}],"curies":[{"name":"wp","href":"https:\/\/api.w.org\/{rel}","templated":true}]}}