{"id":46893,"date":"2021-08-30T01:52:01","date_gmt":"2021-08-29T21:52:01","guid":{"rendered":"https:\/\/fedai.az\/?p=46893"},"modified":"2021-08-30T01:52:05","modified_gmt":"2021-08-29T21:52:05","slug":"avmvib-tovuz-rayon-sob%c9%99sinin-uzvul%c9%99ri-milli-q%c9%99hr%c9%99mani-ziyar%c9%99t-edib%c9%99r","status":"publish","type":"post","link":"https:\/\/fedai.az\/?p=46893","title":{"rendered":"AVMV\u0130B Tovuz rayon \u015f\u00f6b\u0259sinin \u00fczv\u00fcl\u0259ri Milli Q\u0259hr\u0259man\u0131 ziyar\u0259t edib\u0259r"},"content":{"rendered":"\n<p><strong>Az\u0259rbaycan V\u0259t\u0259n M\u00fcharib\u0259si Veteranlar\u0131 \u0130ctimai Birliyinin (AVMV\u0130B) Tovuz rayon \u015f\u00f6b\u0259sinin \u00fczv\u00fcl\u0259ri v\u0259 d\u0259y\u0259rli qonaqlar Az\u0259rbaycan\u0131n Milli Q\u0259hr\u0259man\u0131 Qas\u0131m Rzayevin uyudu\u011fu m\u0259zar\u0131 v\u0259 oxudugu orta m\u0259kt\u0259bi ziyar\u0259t edibl\u0259r.<\/strong><\/p>\n\n\n\n<p>Bu bar\u0259d\u0259 Az\u0259rbaycan V\u0259t\u0259n M\u00fcharib\u0259si Veteranlar\u0131 \u0130ctimai Birliyinin (AVMV\u0130B) Tovuz rayon \u015f\u00f6b\u0259sinin s\u0259dri Etibar V\u0259liyev m\u0259lumat verib.<\/p>\n\n\n\n<figure class=\"wp-block-image size-large\"><img loading=\"lazy\" decoding=\"async\" width=\"960\" height=\"718\" src=\"https:\/\/fedai.az\/wp-content\/uploads\/2021\/08\/240769801_990018878480891_4429134940303705964_n.jpg\" alt=\"\" class=\"wp-image-46894\" srcset=\"https:\/\/fedai.az\/wp-content\/uploads\/2021\/08\/240769801_990018878480891_4429134940303705964_n.jpg 960w, https:\/\/fedai.az\/wp-content\/uploads\/2021\/08\/240769801_990018878480891_4429134940303705964_n-300x224.jpg 300w, https:\/\/fedai.az\/wp-content\/uploads\/2021\/08\/240769801_990018878480891_4429134940303705964_n-150x112.jpg 150w, https:\/\/fedai.az\/wp-content\/uploads\/2021\/08\/240769801_990018878480891_4429134940303705964_n-768x574.jpg 768w\" sizes=\"auto, (max-width: 960px) 100vw, 960px\" \/><\/figure>\n\n\n\n<p>Bildirib ki, Az\u0259rbaycan\u0131n Milli Q\u0259hr\u0259man\u0131 Qas\u0131m Rzayev, Tovuz rayonunun \u018flib\u0259yli k\u0259ndind\u0259 anadan olub. G\u00f6st\u0259rdiyi q\u0259hr\u0259manl\u0131\u011fa g\u00f6r\u0259 Az\u0259rbaycan Respublikas\u0131 prezidentinin 5 fevral 1993-c\u00fc il tarixli 457 sayl\u0131 f\u0259rman\u0131 il\u0259 Rzayev Qas\u0131m Qara o\u011fluna \u00f6l\u00fcm\u00fcnd\u0259n sonra &#171;Az\u0259rbaycan\u0131n Milli Q\u0259hr\u0259man\u0131&#187; ad\u0131 verilmi\u015fdir.<\/p>\n\n\n\n<figure class=\"wp-block-gallery columns-3 is-cropped wp-block-gallery-1 is-layout-flex wp-block-gallery-is-layout-flex\"><ul class=\"blocks-gallery-grid\"><li class=\"blocks-gallery-item\"><figure><img loading=\"lazy\" decoding=\"async\" width=\"718\" height=\"960\" src=\"https:\/\/fedai.az\/wp-content\/uploads\/2021\/08\/240809086_990019008480878_6668255814288740169_n.jpg\" alt=\"\" data-id=\"46897\" data-link=\"https:\/\/fedai.az\/?attachment_id=46897\" class=\"wp-image-46897\" srcset=\"https:\/\/fedai.az\/wp-content\/uploads\/2021\/08\/240809086_990019008480878_6668255814288740169_n.jpg 718w, https:\/\/fedai.az\/wp-content\/uploads\/2021\/08\/240809086_990019008480878_6668255814288740169_n-224x300.jpg 224w, https:\/\/fedai.az\/wp-content\/uploads\/2021\/08\/240809086_990019008480878_6668255814288740169_n-112x150.jpg 112w\" sizes=\"auto, (max-width: 718px) 100vw, 718px\" \/><\/figure><\/li><li class=\"blocks-gallery-item\"><figure><img loading=\"lazy\" decoding=\"async\" width=\"718\" height=\"960\" src=\"https:\/\/fedai.az\/wp-content\/uploads\/2021\/08\/240824199_990019151814197_5966949184700321311_n-1.jpg\" alt=\"\" data-id=\"46898\" data-link=\"https:\/\/fedai.az\/?attachment_id=46898\" class=\"wp-image-46898\" srcset=\"https:\/\/fedai.az\/wp-content\/uploads\/2021\/08\/240824199_990019151814197_5966949184700321311_n-1.jpg 718w, https:\/\/fedai.az\/wp-content\/uploads\/2021\/08\/240824199_990019151814197_5966949184700321311_n-1-224x300.jpg 224w, https:\/\/fedai.az\/wp-content\/uploads\/2021\/08\/240824199_990019151814197_5966949184700321311_n-1-112x150.jpg 112w\" sizes=\"auto, (max-width: 718px) 100vw, 718px\" \/><\/figure><\/li><li class=\"blocks-gallery-item\"><figure><img loading=\"lazy\" decoding=\"async\" width=\"718\" height=\"960\" src=\"https:\/\/fedai.az\/wp-content\/uploads\/2021\/08\/240781173_990019071814205_1213788785672099691_n.jpg\" alt=\"\" data-id=\"46899\" data-full-url=\"https:\/\/fedai.az\/wp-content\/uploads\/2021\/08\/240781173_990019071814205_1213788785672099691_n.jpg\" data-link=\"https:\/\/fedai.az\/?attachment_id=46899\" class=\"wp-image-46899\" srcset=\"https:\/\/fedai.az\/wp-content\/uploads\/2021\/08\/240781173_990019071814205_1213788785672099691_n.jpg 718w, https:\/\/fedai.az\/wp-content\/uploads\/2021\/08\/240781173_990019071814205_1213788785672099691_n-224x300.jpg 224w, https:\/\/fedai.az\/wp-content\/uploads\/2021\/08\/240781173_990019071814205_1213788785672099691_n-112x150.jpg 112w\" sizes=\"auto, (max-width: 718px) 100vw, 718px\" \/><\/figure><\/li><\/ul><\/figure>\n\n\n\n<p>Tovuz rayonunun \u018flib\u0259yli k\u0259nd q\u0259bristanl\u011f\u0131nda d\u0259fn edilib v\u0259 rayonun Hacall\u0131 k\u0259nd orta m\u0259kt\u0259bi onun ad\u0131n\u0131 da\u015f\u0131y\u0131r.<\/p>\n\n\n\n<p>Allah \u015f\u0259hidl\u0259rimiz\u0259 r\u0259hm\u0259t el\u0259sin!<\/p>\n\n\n\n<p><strong>Elnur S\u0259lim<\/strong><\/p>\n\n\n\n<figure class=\"wp-block-image size-large\"><img loading=\"lazy\" decoding=\"async\" width=\"960\" height=\"718\" src=\"https:\/\/fedai.az\/wp-content\/uploads\/2021\/08\/240808330_990018828480896_1367865505542902696_n-1.jpg\" alt=\"\" class=\"wp-image-46895\" srcset=\"https:\/\/fedai.az\/wp-content\/uploads\/2021\/08\/240808330_990018828480896_1367865505542902696_n-1.jpg 960w, https:\/\/fedai.az\/wp-content\/uploads\/2021\/08\/240808330_990018828480896_1367865505542902696_n-1-300x224.jpg 300w, https:\/\/fedai.az\/wp-content\/uploads\/2021\/08\/240808330_990018828480896_1367865505542902696_n-1-150x112.jpg 150w, https:\/\/fedai.az\/wp-content\/uploads\/2021\/08\/240808330_990018828480896_1367865505542902696_n-1-768x574.jpg 768w\" sizes=\"auto, (max-width: 960px) 100vw, 960px\" \/><\/figure>\n\n\n\n<figure class=\"wp-block-image size-large\"><img loading=\"lazy\" decoding=\"async\" width=\"960\" height=\"718\" src=\"https:\/\/fedai.az\/wp-content\/uploads\/2021\/08\/240803433_990018715147574_8768247594815050972_n.jpg\" alt=\"\" class=\"wp-image-46896\" srcset=\"https:\/\/fedai.az\/wp-content\/uploads\/2021\/08\/240803433_990018715147574_8768247594815050972_n.jpg 960w, https:\/\/fedai.az\/wp-content\/uploads\/2021\/08\/240803433_990018715147574_8768247594815050972_n-300x224.jpg 300w, https:\/\/fedai.az\/wp-content\/uploads\/2021\/08\/240803433_990018715147574_8768247594815050972_n-150x112.jpg 150w, https:\/\/fedai.az\/wp-content\/uploads\/2021\/08\/240803433_990018715147574_8768247594815050972_n-768x574.jpg 768w\" sizes=\"auto, (max-width: 960px) 100vw, 960px\" \/><\/figure>\n","protected":false},"excerpt":{"rendered":"<p>Az\u0259rbaycan V\u0259t\u0259n M\u00fcharib\u0259si Veteranlar\u0131 \u0130ctimai Birliyinin (AVMV\u0130B) Tovuz rayon \u015f\u00f6b\u0259sinin \u00fczv\u00fcl\u0259ri v\u0259 d\u0259y\u0259rli qonaqlar Az\u0259rbaycan\u0131n Milli Q\u0259hr\u0259man\u0131 Qas\u0131m Rzayevin uyudu\u011fu m\u0259zar\u0131 v\u0259 oxudugu orta<\/p>\n","protected":false},"author":2,"featured_media":46900,"comment_status":"closed","ping_status":"closed","sticky":false,"template":"","format":"standard","meta":{"footnotes":""},"categories":[4],"tags":[],"class_list":["post-46893","post","type-post","status-publish","format-standard","has-post-thumbnail","hentry","category-qarabag"],"aioseo_notices":[],"_links":{"self":[{"href":"https:\/\/fedai.az\/index.php?rest_route=\/wp\/v2\/posts\/46893","targetHints":{"allow":["GET"]}}],"collection":[{"href":"https:\/\/fedai.az\/index.php?rest_route=\/wp\/v2\/posts"}],"about":[{"href":"https:\/\/fedai.az\/index.php?rest_route=\/wp\/v2\/types\/post"}],"author":[{"embeddable":true,"href":"https:\/\/fedai.az\/index.php?rest_route=\/wp\/v2\/users\/2"}],"replies":[{"embeddable":true,"href":"https:\/\/fedai.az\/index.php?rest_route=%2Fwp%2Fv2%2Fcomments&post=46893"}],"version-history":[{"count":1,"href":"https:\/\/fedai.az\/index.php?rest_route=\/wp\/v2\/posts\/46893\/revisions"}],"predecessor-version":[{"id":46901,"href":"https:\/\/fedai.az\/index.php?rest_route=\/wp\/v2\/posts\/46893\/revisions\/46901"}],"wp:featuredmedia":[{"embeddable":true,"href":"https:\/\/fedai.az\/index.php?rest_route=\/wp\/v2\/media\/46900"}],"wp:attachment":[{"href":"https:\/\/fedai.az\/index.php?rest_route=%2Fwp%2Fv2%2Fmedia&parent=46893"}],"wp:term":[{"taxonomy":"category","embeddable":true,"href":"https:\/\/fedai.az\/index.php?rest_route=%2Fwp%2Fv2%2Fcategories&post=46893"},{"taxonomy":"post_tag","embeddable":true,"href":"https:\/\/fedai.az\/index.php?rest_route=%2Fwp%2Fv2%2Ftags&post=46893"}],"curies":[{"name":"wp","href":"https:\/\/api.w.org\/{rel}","templated":true}]}}