{"id":46917,"date":"2021-08-30T02:30:26","date_gmt":"2021-08-29T22:30:26","guid":{"rendered":"https:\/\/fedai.az\/?p=46917"},"modified":"2021-08-30T02:30:31","modified_gmt":"2021-08-29T22:30:31","slug":"t%c9%99brik-zohrab-s%c9%99f%c9%99rov-73","status":"publish","type":"post","link":"https:\/\/fedai.az\/?p=46917","title":{"rendered":"T\u018fBR\u0130K: Z\u00d6HRAB S\u018fF\u018fROV -73"},"content":{"rendered":"\n<p><strong>\u00a0\u00a0<span class=\"has-inline-color has-vivid-red-color\">AVMV\u0130B r\u0259hb\u0259rliyi, F\u0259dai.az.kollektivi v\u0259 Az\u0259rbaycan V\u0259t\u0259n M\u00fcharib\u0259si Veteranlar\u0131 \u0130ctimai Birliyinin s\u0259dr m\u00fcavini polkovnik Salman Musayev ehtiyyatda olan polkovnik leytenant S\u0259f\u0259rov Z\u00f6hrab Tahir o\u011flunu do\u011fum g\u00fcn\u00fc m\u00fcnasib\u0259til\u0259 s\u0259mimi q\u0259lbd\u0259n t\u0259brik edir, h\u0259yatda insan \u00fcc\u00fcn \u0259n \u015firin nem\u0259t olan m\u00f6hk\u0259m can sa\u011fl\u0131\u011f\u0131 v\u0259 h\u0259yat yollar\u0131nda bitib &#8212; t\u00fck\u0259nm\u0259y\u0259n nailiyy\u0259tl\u0259r arzulay\u0131r.<\/span><\/strong><\/p>\n\n\n\n<p><strong>\u00a0\u00a0\u00a0\u00a0\u00a0\u00a0\u00a0\u00a0 Qoy ya\u015f\u0131n\u0131n \u00fcst\u0259 g\u0259l\u0259n bu ya\u015f ona sevinc dolu g\u00fcnl\u0259r b\u0259x\u015f etsin, h\u0259r yeni g\u00fcn\u00fc is\u0259 \u00f6t\u0259n g\u00fcnl\u0259rd\u0259n daha g\u00f6z\u0259l ist\u0259kl\u0259rin\u0259 uy\u011fun onu xo\u015fb\u0259xt ed\u0259c\u0259k \u015f\u0259kild\u0259 ke\u00e7sin. Amin!<\/strong><\/p>\n\n\n\n<p>\u00a0\u00a0\u00a0\u00a0\u00a0\u00a0\u00a0\u00a0 M\u00fcharib\u0259 v\u0259 Silahl\u0131 Q\u00fcvv\u0259l\u0259r Veteran\u0131 ehtiyyatda olan polkovnik leytenant S\u0259f\u0259rov Z\u00f6hrab Tahir o\u011flu\u00a0 30 avqust 1948-ci ild\u0259 Q\u0259rbi Az\u0259rbaycan\u0131n Mehri rayonunda\u00a0\u00a0\u00a0 anadan olub.<\/p>\n\n\n\n<figure class=\"wp-block-gallery columns-2 is-cropped wp-block-gallery-1 is-layout-flex wp-block-gallery-is-layout-flex\"><ul class=\"blocks-gallery-grid\"><li class=\"blocks-gallery-item\"><figure><img loading=\"lazy\" decoding=\"async\" width=\"768\" height=\"1024\" src=\"https:\/\/fedai.az\/wp-content\/uploads\/2021\/08\/240804501_116124537366219_4466537648012936820_n.jpg\" alt=\"\" data-id=\"46918\" data-link=\"https:\/\/fedai.az\/?attachment_id=46918\" class=\"wp-image-46918\" srcset=\"https:\/\/fedai.az\/wp-content\/uploads\/2021\/08\/240804501_116124537366219_4466537648012936820_n.jpg 768w, https:\/\/fedai.az\/wp-content\/uploads\/2021\/08\/240804501_116124537366219_4466537648012936820_n-225x300.jpg 225w, https:\/\/fedai.az\/wp-content\/uploads\/2021\/08\/240804501_116124537366219_4466537648012936820_n-113x150.jpg 113w\" sizes=\"auto, (max-width: 768px) 100vw, 768px\" \/><\/figure><\/li><li class=\"blocks-gallery-item\"><figure><img loading=\"lazy\" decoding=\"async\" width=\"1024\" height=\"768\" src=\"https:\/\/fedai.az\/wp-content\/uploads\/2021\/08\/240877747_679655010095832_1500570980947468550_n-rotated.jpg\" alt=\"\" data-id=\"46919\" data-full-url=\"https:\/\/fedai.az\/wp-content\/uploads\/2021\/08\/240877747_679655010095832_1500570980947468550_n-rotated.jpg\" data-link=\"https:\/\/fedai.az\/?attachment_id=46919\" class=\"wp-image-46919\" srcset=\"https:\/\/fedai.az\/wp-content\/uploads\/2021\/08\/240877747_679655010095832_1500570980947468550_n-rotated.jpg 1024w, https:\/\/fedai.az\/wp-content\/uploads\/2021\/08\/240877747_679655010095832_1500570980947468550_n-300x225.jpg 300w, https:\/\/fedai.az\/wp-content\/uploads\/2021\/08\/240877747_679655010095832_1500570980947468550_n-150x113.jpg 150w, https:\/\/fedai.az\/wp-content\/uploads\/2021\/08\/240877747_679655010095832_1500570980947468550_n-768x576.jpg 768w\" sizes=\"auto, (max-width: 1024px) 100vw, 1024px\" \/><\/figure><\/li><\/ul><\/figure>\n\n\n\n<p>&nbsp;&nbsp;&nbsp;&nbsp; &nbsp;&nbsp;&nbsp; O, 1955-ci ild\u0259 birinci sinif\u0259 getmi\u015f, 1965 -ci ild\u0259 orta m\u0259kt\u0259bi bitirdikd\u0259n sonra o,1966-c\u0131 ild\u0259 Kirov ad\u0131na D\u00f6vl\u0259t \u00dcnverstetin\u0259 (Bak\u0131 D\u00f6l\u0259t \u00dcnverstetin\u0259) daxil olmu\u015f ,1973 -c\u00fc ild\u0259 h\u0259min Universiteti bitirmi\u015fdir<\/p>\n\n\n\n<p>&nbsp;&nbsp;&nbsp;&nbsp;&nbsp;&nbsp;&nbsp;&nbsp; Z\u00f6hrab S\u0259f\u0259rov 1973- 1974 ci il\u0259rd\u0259 SSR\u0130 M\u00fcdafi\u0259y\u0259 Nazirliyinin Zakafkaz Dair\u0259sind\u0259(okrukunda) yerl\u0259\u015f\u0259n h\u0259rbi hiss\u0259l\u0259rinin birind\u0259 m\u00fcddd\u0259tli h\u0259qqi h\u0259rbi xidm\u0259td\u0259 olmu\u015fdur. O,1975-2003-c\u00fc ill\u0259rd\u0259 Daxili \u0130\u015fl\u0259r Nazirliyinin C\u0259za\u00e7\u0259km\u0259 m\u00fc\u0259ssis\u0259sind\u0259 d\u0259st\u0259 r\u0259isi,C\u0259za\u00e7\u0259km\u0259 m\u00fc\u0259ssis\u0259 r\u0259isinin t\u0259rbiy\u0259vi i\u015fl\u0259r \u00fczr\u0259 m\u00fcavini, Din -in Daxili Qo\u015funlar\u0131n Bas \u0130dar\u0259sinin Konvoy-M\u00fchafiz\u0259 alayinda,alay komandirinin arxa(arxa c\u0259bh\u0259) xidm\u0259t \u00fczr\u0259 m\u00fcavini, Konvoy-M\u00fchafiz\u0259 alay\u0131n komandiri,Daxili Qo\u015funlar\u0131n Bas \u0130dar\u0259sinin \u018frzaq \u015f\u00f6b\u0259sind\u0259&nbsp; qo\u015funlar\u0131n yard\u0131m\u00e7\u0131 t\u0259s\u0259rr\u00fcfat r\u0259isi,Daxili Qo\u015funlar\u0131n Ba\u015f idar\u0259sinin X\u0259z\u0259r, Hac\u0131qabul v\u0259 Quba rayonlar\u0131nda&nbsp; yerl\u0259\u015f\u0259n h\u0259rbi hiss\u0259l\u0259rd\u0259 h\u0259rbi hiss\u0259 komandirinin arxa xidm\u0259t (arxa c\u0259bh\u0259 )\u00fczr\u0259 m\u00fcavini v\u0259zif\u0259l\u0259rind\u0259 xidm\u0259t edib<\/p>\n\n\n\n<p>&nbsp;&nbsp;&nbsp;&nbsp;&nbsp;&nbsp;&nbsp;&nbsp; M\u00fcharib\u0259 v\u0259 Silahl\u0131 Q\u00fcvv\u0259l\u0259r Veteran\u0131 ehtiyyatda olan polkovnik- leytenant Z\u00f6hrab \u015e\u0259f\u0259rov h\u0259rbi hiss\u0259 komandirinin arxa xidm\u0259t (arxa c\u0259bh\u0259) \u00fczr\u0259&nbsp; m\u00fcavini v\u0259zif\u0259sind\u0259 xidm\u0259t&nbsp; etdiyi ill\u0259r \u0259rzind\u0259:tabeliyind\u0259 olan xidm\u0259tl\u0259r \u00fczr\u0259 h\u0259rbi hiss\u0259nin b\u00f6lm\u0259l\u0259rinin maddi t\u0259minat\u0131na;maddi vasit\u0259l\u0259rin b\u00fct\u00fcn n\u00f6vl\u0259rinin g\u0259tirilm\u0259sin\u0259 v\u0259 \u015f\u0259xsi hey\u0259t\u0259 vaxt\u0131nda \u00e7atd\u0131r\u0131lmas\u0131na, kazarma-ya\u015fay\u0131\u015f fondunun, silah v\u0259 texnikan\u0131n qorunub saxlan\u0131lmas\u0131na, parklar\u0131n v\u0259 yem\u0259kxanalar\u0131n v\u0259ziyy\u0259ttin\u0259 v\u0259 orda xidm\u0259tin t\u0259\u015fkilin\u0259 cavadeh oldu\u011fu sah\u0259l\u0259rd\u0259 \u00fcz\u0259rin\u0259 d\u00fcs\u0259n v\u0259zif\u0259l\u0259rin,tap\u015f\u0131r\u0131qlar\u0131n&nbsp; yerin\u0259 yetirilm\u0259sin\u0259, biav\u0259st\u0259 tabeliyind\u0259 olan xidm\u0259tl\u0259rd\u0259 a\u015fkar edilmi\u015f n\u00f6qsanlar\u0131n&nbsp; aradan qald\u0131r\u0131lmas\u0131na m\u0259suliyy\u0259tl\u0259 yana\u015fm\u0131\u015fd\u0131r.<\/p>\n\n\n\n<p><strong>&nbsp;&nbsp;&nbsp;&nbsp;&nbsp;&nbsp;&nbsp;&nbsp; Ehtiyyatda olan polkovnik- leytenant S\u0259f\u0259rov Z\u00f6hrab Tahir o\u011flu pe\u015f\u0259karl\u0131\u011f\u0131 v\u0259 humanistliyi il\u0259 secil\u0259n \u0259n m\u0259hsuldar d\u00f6vr\u00fcn\u00fcn&nbsp;&nbsp; 30 ild\u0259n&nbsp; cox \u015f\u0259r\u0259fli xidm\u0259t yolunu Daxili \u0130\u015fl\u0259r Nazirliyinin C\u0259za\u00e7\u0259km\u0259 m\u00fc\u0259ssis\u0259sind\u0259,Daxili Qo\u015funlar\u0131n Bas \u0130dar\u0259sind\u0259 v\u0259 h\u0259rbi hiss\u0259l\u0259rind\u0259&nbsp; m\u00fcxt\u0259lif v\u0259zif\u0259l\u0259rd\u0259 ke\u00e7ir\u0259r\u0259k, V\u0259t\u0259n\u0259, D\u00f6vl\u0259t\u0259, Xalqa s\u0259daq\u0259tl\u0259 xidm\u0259t etmi\u015fdir.<\/strong><\/p>\n\n\n\n<figure class=\"wp-block-image size-large\"><img loading=\"lazy\" decoding=\"async\" width=\"1024\" height=\"576\" src=\"https:\/\/fedai.az\/wp-content\/uploads\/2021\/08\/239978509_565329588086323_4216225634406134043_n-1024x576.jpg\" alt=\"\" class=\"wp-image-46920\" srcset=\"https:\/\/fedai.az\/wp-content\/uploads\/2021\/08\/239978509_565329588086323_4216225634406134043_n-1024x576.jpg 1024w, https:\/\/fedai.az\/wp-content\/uploads\/2021\/08\/239978509_565329588086323_4216225634406134043_n-300x169.jpg 300w, https:\/\/fedai.az\/wp-content\/uploads\/2021\/08\/239978509_565329588086323_4216225634406134043_n-150x84.jpg 150w, https:\/\/fedai.az\/wp-content\/uploads\/2021\/08\/239978509_565329588086323_4216225634406134043_n-768x432.jpg 768w, https:\/\/fedai.az\/wp-content\/uploads\/2021\/08\/239978509_565329588086323_4216225634406134043_n-rotated.jpg 1280w\" sizes=\"auto, (max-width: 1024px) 100vw, 1024px\" \/><\/figure>\n\n\n\n<p>&nbsp;&nbsp;&nbsp;&nbsp;&nbsp;&nbsp;&nbsp;&nbsp; Z\u00f6hrab S\u0259f\u0259rov Daxili Qo\u015funlar\u0131n Ba\u015f idar\u0259sind\u0259 v\u0259 h\u0259rbi hiss\u0259l\u0259rind\u0259 m\u00fcxt\u0259lif v\u0259zif\u0259l\u0259rd\u0259 xidm\u0259t etdiyi ill\u0259r \u0259rzind\u0259 bir \u00e7ox komissiyalar\u0131n, kompleks v\u0259 m\u0259qs\u0259dli quruplar\u0131n \u00fczv\u00fc v\u0259 r\u0259hb\u0259ri kimi \u00fcz\u0259rin\u0259 d\u00fcs\u0259n v\u0259zif\u0259l\u0259rin, tap\u015f\u0131r\u0131qlar\u0131n yerin\u0259 yetirilm\u0259sin\u0259&nbsp; m\u0259suliyy\u0259tl\u0259 yana\u015fm\u0131\u015fd\u0131r.<\/p>\n\n\n\n<p>&nbsp;&nbsp;&nbsp;&nbsp;&nbsp;&nbsp;&nbsp;&nbsp; O,Daxili&nbsp; Qo\u015funlara, xidm\u0259t etdiyi h\u0259rbi hiss\u0259y\u0259 h\u0259val\u0259 edilmi\u015f v\u0259zif\u0259l\u0259rin v\u0259 tap\u015f\u0131r\u0131qlar\u0131n\u0131n yerin\u0259 yetirilm\u0259sind\u0259, Cinay\u0259tgarl\u0131\u011fa qar\u015f\u0131 m\u00fcbariz\u0259d\u0259,ictimai t\u0259hl\u00fck\u0259sizliyin t\u0259min edilm\u0259sind\u0259,ictimai asayi\u015fin&nbsp; qorumas\u0131nda, silahl\u0131 d\u0259st\u0259l\u0259rin z\u0259r\u0259rsizl\u0259\u015fdirilm\u0259sind\u0259&nbsp; el\u0259c\u0259d\u0259 xidm\u0259t etdiyi h\u0259rbi h\u0259rbi hiss\u0259nin Az\u0259rbaycan\u0131n suverenliyi v\u0259 \u0259razi b\u00fct\u00f6vl\u00fcy\u00fc u\u011frunda ged\u0259n d\u00f6y\u00fc\u015fl\u0259rd\u0259 i\u015ftirak etdiyi ill\u0259r \u0259rzind\u0259 \u00fcz\u0259rin\u0259 d\u00fcs\u0259n v\u0259zif\u0259l\u0259rin yerin\u0259 yetirilm\u0259sin\u0259 m\u0259suliyy\u0259tl\u0259 yana\u015f\u0131b.<\/p>\n\n\n\n<p>&nbsp;&nbsp;&nbsp;&nbsp;&nbsp;&nbsp;&nbsp;&nbsp; Arxa xidm\u0259t \u00fczr\u0259 (maddi texniki t\u0259minat xidm\u0259tl\u0259ri \u00fczr\u0259) bilavasit\u0259 tabeliyind\u0259 olan b\u00f6lm\u0259rin v\u0259 xidm\u0259tl\u0259rin \u015f\u0259xsi h\u0259y\u0259ti il\u0259 , ki\u00e7ik m\u00fct\u0259x\u0259ssisl\u0259r il\u0259, h\u0259rbi hiss\u0259l\u0259rin&nbsp; yard\u0131m\u00e7\u0131 t\u0259s\u0259rr\u00fcfat r\u0259isl\u0259ri il\u0259 d\u00f6y\u00fc v\u0259 ictimai&nbsp; haz\u0131rl\u0131\u011f\u0131 (ixtisas haz\u0131rl\u0131\u011f\u0131 ) \u00fczr\u0259 m\u0259\u015f\u011f\u0259l\u0259l\u0259rin, m\u0259\u015fql\u0259rin&nbsp; v\u0259 n\u00fcmn\u0259vi k\u00f6st\u0259rici m\u0259\u015f\u011f\u0259l\u0259l\u0259rin, b\u00f6l\u00fcy\u00fcn ba\u015f cavu\u015flar\u0131 il\u0259, taq\u0131m v\u0259 b\u00f6luk komandirl\u0259ri il\u0259 metodiki t\u0259lim-t\u0259lim kecirilm\u0259si istqam\u0259tind\u0259&nbsp; \u00fcz\u0259rin\u0259 d\u00fcs\u0259n v\u0259zif\u0259l\u0259rin yerin\u0259 yetirilm\u0259sin\u0259 m\u0259suliyy\u0259tl\u0259 yana\u015fm\u0131\u015f, m\u0259\u015f\u011f\u0259l\u0259l\u0259rin v\u0259 metodiki t\u0259lim toplan\u0131\u015flar\u0131n\u0131n ke\u00e7rilm\u0259si zaman\u0131 a\u015fkar edilmi\u015f n\u00f6qsanlar\u0131n aradan qald\u0131r\u0131lmas\u0131n\u0131 vaxt\u0131nda t\u0259min etmi\u015fdir.<\/p>\n\n\n\n<figure class=\"wp-block-image size-large\"><img loading=\"lazy\" decoding=\"async\" width=\"1024\" height=\"768\" src=\"https:\/\/fedai.az\/wp-content\/uploads\/2021\/08\/240884833_164302052452221_244118309501841911_n-rotated.jpg\" alt=\"\" class=\"wp-image-46921\" srcset=\"https:\/\/fedai.az\/wp-content\/uploads\/2021\/08\/240884833_164302052452221_244118309501841911_n-rotated.jpg 1024w, https:\/\/fedai.az\/wp-content\/uploads\/2021\/08\/240884833_164302052452221_244118309501841911_n-300x225.jpg 300w, https:\/\/fedai.az\/wp-content\/uploads\/2021\/08\/240884833_164302052452221_244118309501841911_n-150x113.jpg 150w, https:\/\/fedai.az\/wp-content\/uploads\/2021\/08\/240884833_164302052452221_244118309501841911_n-768x576.jpg 768w\" sizes=\"auto, (max-width: 1024px) 100vw, 1024px\" \/><\/figure>\n\n\n\n<p>&nbsp;&nbsp;&nbsp;&nbsp;&nbsp;&nbsp;&nbsp;&nbsp; Ehtiyyatda olan polkovnik- leytenant S\u0259f\u0259rov Z\u00f6hrab Tahir o\u011flu Xidm\u0259ti v\u0259zif\u0259l\u0259rinin icras\u0131 zaman\u0131 x\u00fcsusi f\u0259riql\u0259ndiyin\u0259 g\u00f6r\u0259 SSR\u0130 v\u0259 Az\u0259rbaycan Respublikas\u0131n\u0131n Daxili \u0130\u015fl\u0259r Nazirinin, Daxili Qo\u015funlar Komandan\u0131n v\u0259 onun m\u00fcavinl\u0259rinin xidm\u0259t etdiyi h\u0259rbi hiss\u0259nin komandirinin, i\u015fl\u0259diyi C\u0259za\u00e7\u0259km\u0259 m\u00fc\u0259s\u0259sinin r\u0259isinin m\u00fcvafiq \u0259mrl\u0259ri il\u0259 bir s\u0131ra medallarla, \u0259la xidm\u0259tl\u0259r\u0259 g\u00f6r\u0259 d\u00f6\u015f v\u0259 yubley nisanlar\u0131 il\u0259, f\u0259xri f\u0259rmanlarla, pul m\u00fckafatlar\u0131 il\u0259 v\u0259 qiym\u0259tli h\u0259diyy\u0259l\u0259rl\u0259 mukafland\u0131rl\u0131b v\u0259 ona t\u0259\u015f\u0259kk\u00fcr elan edilib.<\/p>\n\n\n\n<p><strong>AD \u00a0G\u00dcN\u00dcN \u00a0M\u00dcBAR\u018fK \u00a0OLSUN<\/strong>, <strong>Z\u00d6HRAB \u00a0B\u018fY!<\/strong><\/p>\n\n\n\n<p><strong>ALLAH \u00a0S\u018fN\u0130 \u00a0B\u00dcT\u00dcN \u00a0ARZULARINA \u00a0\u00c7ATDIRSIN<\/strong>!<\/p>\n\n\n\n<p><strong>\u00d6MR\u00dcN \u00a0UZUN \u00a0OLSUN ,\u00a0100 YA\u015eA!<\/strong><\/p>\n\n\n\n<p><strong>D\u0259rin h\u00f6rm\u0259tl\u0259, Az\u0259rbaycan V\u0259t\u0259n M\u00fcharib\u0259si Veteranlar\u0131 \u0130ctimai Birliyinin s\u0259dr m\u00fcavini polkovnik Salman Musayev<\/strong><\/p>\n\n\n\n<figure class=\"wp-block-gallery columns-2 is-cropped wp-block-gallery-2 is-layout-flex wp-block-gallery-is-layout-flex\"><ul class=\"blocks-gallery-grid\"><li class=\"blocks-gallery-item\"><figure><img loading=\"lazy\" decoding=\"async\" width=\"533\" height=\"1024\" src=\"https:\/\/fedai.az\/wp-content\/uploads\/2021\/08\/240884833_358096625792032_4993055880330869358_n.jpg\" alt=\"\" data-id=\"46922\" data-link=\"https:\/\/fedai.az\/?attachment_id=46922\" class=\"wp-image-46922\" srcset=\"https:\/\/fedai.az\/wp-content\/uploads\/2021\/08\/240884833_358096625792032_4993055880330869358_n.jpg 533w, https:\/\/fedai.az\/wp-content\/uploads\/2021\/08\/240884833_358096625792032_4993055880330869358_n-156x300.jpg 156w, https:\/\/fedai.az\/wp-content\/uploads\/2021\/08\/240884833_358096625792032_4993055880330869358_n-78x150.jpg 78w\" sizes=\"auto, (max-width: 533px) 100vw, 533px\" \/><\/figure><\/li><li class=\"blocks-gallery-item\"><figure><img loading=\"lazy\" decoding=\"async\" width=\"600\" height=\"600\" src=\"https:\/\/fedai.az\/wp-content\/uploads\/2021\/08\/8265a327389da9fe4fdc2714b309120e-2-25.jpg\" alt=\"\" data-id=\"46923\" data-full-url=\"https:\/\/fedai.az\/wp-content\/uploads\/2021\/08\/8265a327389da9fe4fdc2714b309120e-2-25.jpg\" data-link=\"https:\/\/fedai.az\/?attachment_id=46923\" class=\"wp-image-46923\" srcset=\"https:\/\/fedai.az\/wp-content\/uploads\/2021\/08\/8265a327389da9fe4fdc2714b309120e-2-25.jpg 600w, https:\/\/fedai.az\/wp-content\/uploads\/2021\/08\/8265a327389da9fe4fdc2714b309120e-2-25-300x300.jpg 300w, https:\/\/fedai.az\/wp-content\/uploads\/2021\/08\/8265a327389da9fe4fdc2714b309120e-2-25-150x150.jpg 150w, https:\/\/fedai.az\/wp-content\/uploads\/2021\/08\/8265a327389da9fe4fdc2714b309120e-2-25-215x215.jpg 215w\" sizes=\"auto, (max-width: 600px) 100vw, 600px\" \/><\/figure><\/li><\/ul><\/figure>\n","protected":false},"excerpt":{"rendered":"<p>\u00a0\u00a0AVMV\u0130B r\u0259hb\u0259rliyi, F\u0259dai.az.kollektivi v\u0259 Az\u0259rbaycan V\u0259t\u0259n M\u00fcharib\u0259si Veteranlar\u0131 \u0130ctimai Birliyinin s\u0259dr m\u00fcavini polkovnik Salman Musayev ehtiyyatda olan polkovnik leytenant S\u0259f\u0259rov Z\u00f6hrab Tahir o\u011flunu do\u011fum<\/p>\n","protected":false},"author":2,"featured_media":46924,"comment_status":"closed","ping_status":"closed","sticky":false,"template":"","format":"standard","meta":{"footnotes":""},"categories":[5],"tags":[],"class_list":["post-46917","post","type-post","status-publish","format-standard","has-post-thumbnail","hentry","category-veteran"],"aioseo_notices":[],"_links":{"self":[{"href":"https:\/\/fedai.az\/index.php?rest_route=\/wp\/v2\/posts\/46917","targetHints":{"allow":["GET"]}}],"collection":[{"href":"https:\/\/fedai.az\/index.php?rest_route=\/wp\/v2\/posts"}],"about":[{"href":"https:\/\/fedai.az\/index.php?rest_route=\/wp\/v2\/types\/post"}],"author":[{"embeddable":true,"href":"https:\/\/fedai.az\/index.php?rest_route=\/wp\/v2\/users\/2"}],"replies":[{"embeddable":true,"href":"https:\/\/fedai.az\/index.php?rest_route=%2Fwp%2Fv2%2Fcomments&post=46917"}],"version-history":[{"count":1,"href":"https:\/\/fedai.az\/index.php?rest_route=\/wp\/v2\/posts\/46917\/revisions"}],"predecessor-version":[{"id":46925,"href":"https:\/\/fedai.az\/index.php?rest_route=\/wp\/v2\/posts\/46917\/revisions\/46925"}],"wp:featuredmedia":[{"embeddable":true,"href":"https:\/\/fedai.az\/index.php?rest_route=\/wp\/v2\/media\/46924"}],"wp:attachment":[{"href":"https:\/\/fedai.az\/index.php?rest_route=%2Fwp%2Fv2%2Fmedia&parent=46917"}],"wp:term":[{"taxonomy":"category","embeddable":true,"href":"https:\/\/fedai.az\/index.php?rest_route=%2Fwp%2Fv2%2Fcategories&post=46917"},{"taxonomy":"post_tag","embeddable":true,"href":"https:\/\/fedai.az\/index.php?rest_route=%2Fwp%2Fv2%2Ftags&post=46917"}],"curies":[{"name":"wp","href":"https:\/\/api.w.org\/{rel}","templated":true}]}}