{"id":46961,"date":"2021-08-30T12:56:22","date_gmt":"2021-08-30T08:56:22","guid":{"rendered":"https:\/\/fedai.az\/?p=46961"},"modified":"2021-08-30T17:17:43","modified_gmt":"2021-08-30T13:17:43","slug":"prezident-v%c9%99-xanimi-susada-vaqif-poeziya-gunl%c9%99rinin-acilisinda","status":"publish","type":"post","link":"https:\/\/fedai.az\/?p=46961","title":{"rendered":"Prezident v\u0259 xan\u0131m\u0131 \u015eu\u015fada Vaqif Poeziya G\u00fcnl\u0259rinin a\u00e7\u0131l\u0131\u015f\u0131nda"},"content":{"rendered":"\n<p><strong>Avqustun 30-da Vaqif Poeziya G\u00fcnl\u0259ri \u015eu\u015fa i\u015f\u011faldan azad edildikd\u0259n sonra Heyd\u0259r \u018fliyev Fondu t\u0259r\u0259find\u0259n ilk d\u0259f\u0259 \u015fairin do\u011fma \u015f\u0259h\u0259rind\u0259 yenid\u0259n t\u0259\u015fkil olunub.<\/strong><\/p>\n\n\n\n<p> Az\u0259rbaycan Respublikas\u0131n\u0131n Prezidenti \u0130lham \u018fliyev v\u0259 birinci xan\u0131m Mehriban \u018fliyeva Vaqif Poeziya G\u00fcnl\u0259rinin r\u0259smi a\u00e7\u0131l\u0131\u015f\u0131nda i\u015ftirak edibl\u0259r.<\/p>\n\n\n\n<p>D\u00f6vl\u0259timizin ba\u015f\u00e7\u0131s\u0131 a\u00e7\u0131l\u0131\u015f m\u0259rasimind\u0259 \u00e7\u0131x\u0131\u015f etdi.<\/p>\n\n\n\n<p><strong>Prezident \u0130lham \u018fliyevin \u00e7\u0131x\u0131\u015f\u0131<\/strong><\/p>\n\n\n\n<p>-H\u00f6rm\u0259tli m\u0259rasim i\u015ftirak\u00e7\u0131lar\u0131.<\/p>\n\n\n\n<p>Xahi\u015f edir\u0259m ki, ilk n\u00f6vb\u0259d\u0259, V\u0259t\u0259n u\u011frunda q\u0259hr\u0259mancas\u0131na h\u0259lak olmu\u015f \u015f\u0259hidl\u0259rimizin \u0259ziz xatir\u0259sini bird\u0259qiq\u0259lik s\u00fckutla yad ed\u0259k.<\/p>\n\n\n\n<p>Allah b\u00fct\u00fcn \u015f\u0259hidl\u0259rimiz\u0259 r\u0259hm\u0259t el\u0259sin!<\/p>\n\n\n\n<p>\u018fziz dostlar, bu g\u00fcn \u00f6lk\u0259mizin h\u0259yat\u0131nda \u00e7ox \u0259lam\u0259tdar bir g\u00fcnd\u00fcr. Biz b\u00f6y\u00fck Az\u0259rbaycan \u015fairi, d\u00f6vl\u0259t xadimi, Qaraba\u011f xan\u0131n\u0131n v\u0259ziri Molla P\u0259nah Vaqifin m\u0259qb\u0259r\u0259sinin \u00f6n\u00fcnd\u0259 Vaqif Poeziya G\u00fcnl\u0259rinin a\u00e7\u0131l\u0131\u015f\u0131n\u0131 qeyd edirik. Bu m\u00fcnasib\u0259tl\u0259 sizi v\u0259 b\u00fct\u00fcn Az\u0259rbaycan xalq\u0131n\u0131 \u00fcr\u0259kd\u0259n t\u0259brik edir\u0259m.<\/p>\n\n\n\n<p>Vaqifin m\u0259qb\u0259r\u0259si b\u00fct\u00fcn dig\u0259r tarixi abid\u0259l\u0259rimiz kimi i\u015f\u011fal edilmi\u015f torpaqlarda erm\u0259ni vandalizmin\u0259 m\u0259ruz qalm\u0131\u015fd\u0131r. Bu g\u00fcn is\u0259 m\u0259qb\u0259r\u0259 tam b\u0259rpa edilib v\u0259 d\u00fcn\u0259n m\u0259qb\u0259r\u0259nin ikinci a\u00e7\u0131l\u0131\u015f\u0131 olmu\u015fdur.<\/p>\n\n\n\n<figure class=\"wp-block-image size-large\"><img loading=\"lazy\" decoding=\"async\" width=\"1024\" height=\"1024\" src=\"https:\/\/fedai.az\/wp-content\/uploads\/2021\/08\/de15258c9f0aa8014c007baadc11b58a-1024x1024.jpg\" alt=\"\" class=\"wp-image-46975\" srcset=\"https:\/\/fedai.az\/wp-content\/uploads\/2021\/08\/de15258c9f0aa8014c007baadc11b58a-1024x1024.jpg 1024w, https:\/\/fedai.az\/wp-content\/uploads\/2021\/08\/de15258c9f0aa8014c007baadc11b58a-300x300.jpg 300w, https:\/\/fedai.az\/wp-content\/uploads\/2021\/08\/de15258c9f0aa8014c007baadc11b58a-150x150.jpg 150w, https:\/\/fedai.az\/wp-content\/uploads\/2021\/08\/de15258c9f0aa8014c007baadc11b58a-768x768.jpg 768w, https:\/\/fedai.az\/wp-content\/uploads\/2021\/08\/de15258c9f0aa8014c007baadc11b58a-215x215.jpg 215w, https:\/\/fedai.az\/wp-content\/uploads\/2021\/08\/de15258c9f0aa8014c007baadc11b58a.jpg 1080w\" sizes=\"auto, (max-width: 1024px) 100vw, 1024px\" \/><\/figure>\n\n\n\n<p>Bildiyiniz kimi, Molla P\u0259nah Vaqifin m\u0259qb\u0259r\u0259sinin \u015eu\u015fada ucald\u0131lmas\u0131 q\u0259rar\u0131n\u0131 ulu \u00f6nd\u0259r Heyd\u0259r \u018fliyev vermi\u015fdir. Onun t\u0259\u015f\u0259bb\u00fcs\u00fc il\u0259 1982-ci il yanvar\u0131n 14-d\u0259 burada qarl\u0131, \u015faxtal\u0131 havada bu m\u0259qb\u0259r\u0259nin a\u00e7\u0131l\u0131\u015f\u0131 olmu\u015fdur. Bu, s\u0131radan olan hadis\u0259 deyildi. \u00c7\u00fcnki o vaxt \u015eu\u015fa Da\u011fl\u0131q Qaraba\u011f Muxtar Vilay\u0259tinin bir hiss\u0259si idi. Bildiyiniz kimi, uzun ill\u0259r erm\u0259nil\u0259r \u015eu\u015faya iddia edirdil\u0259r, \u015eu\u015fan\u0131 erm\u0259ni \u015f\u0259h\u0259ri kimi q\u0259l\u0259m\u0259 verm\u0259y\u0259 \u00e7al\u0131\u015f\u0131rd\u0131lar. Halbuki, bunun \u00fc\u00e7\u00fcn he\u00e7 bir tarixi, m\u0259d\u0259ni \u0259sas yox idi. Onu da n\u0259z\u0259r\u0259 almal\u0131y\u0131q ki, Molla P\u0259nah Vaqif t\u0259kc\u0259 \u015fair yox, eyni zamanda, Qaraba\u011f xan\u0131n\u0131n v\u0259ziri idi. Sovet d\u00f6vr\u00fcnd\u0259 sovet ideologiyas\u0131, sovet h\u00f6kum\u0259tinin tarixl\u0259 ba\u011fl\u0131 yana\u015fmas\u0131 bel\u0259 idi ki, xanl\u0131qlar tarixin qara l\u0259k\u0259si kimi q\u0259l\u0259m\u0259 verilirdi. B\u00fct\u00fcn bunlara baxmayaraq, Ulu \u00d6nd\u0259rin irad\u0259si v\u0259 q\u0259tiyy\u0259ti n\u0259tic\u0259sind\u0259 bu m\u0259qb\u0259r\u0259 ucald\u0131lm\u0131\u015fd\u0131r v\u0259 bir daha \u015eu\u015fan\u0131n Az\u0259rbaycan \u015f\u0259h\u0259ri kimi t\u0259sdiqi \u00f6z yerini tapm\u0131\u015fd\u0131r.<\/p>\n\n\n\n<p>\u018ffsuslar olsun ki, \u015eu\u015fa i\u015f\u011fala m\u0259ruz qalandan sonra b\u00fct\u00fcn tarixi abid\u0259l\u0259r, m\u0259d\u0259ni abid\u0259l\u0259r, o c\u00fcml\u0259d\u0259n Vaqifin m\u0259qb\u0259r\u0259si vandallar t\u0259r\u0259find\u0259n da\u011f\u0131d\u0131lm\u0131\u015fd\u0131r. \u015eu\u015fan\u0131n i\u015f\u011fal\u0131 xalq\u0131m\u0131z\u0131n b\u00f6y\u00fck faci\u0259si idi. \u00c7\u00fcnki \u015eu\u015fa Az\u0259rbaycan m\u0259d\u0259niyy\u0259tinin oca\u011f\u0131d\u0131r. \u015eu\u015fan\u0131n Az\u0259rbaycan tarixind\u0259 \u00e7ox b\u00f6y\u00fck r\u0259mzi m\u0259nas\u0131 var. \u015eu\u015fa Qaraba\u011f\u0131n tac\u0131d\u0131r. \u015eu\u015fan\u0131n i\u015f\u011fal\u0131ndan sonra dig\u0259r rayonlar, dig\u0259r \u015f\u0259h\u0259rl\u0259r i\u015f\u011fala m\u0259ruz qald\u0131. \u00c7\u00fcnki \u015eu\u015fan\u0131n strateji \u0259h\u0259miyy\u0259ti \u0259lb\u0259tt\u0259 ki, bizim \u00fc\u00e7\u00fcn itirilmi\u015f oldu v\u0259 d\u00fc\u015fm\u0259n bundan istifad\u0259 ed\u0259r\u0259k, ondan bir ne\u00e7\u0259 g\u00fcn sonra \u2013 1992-ci ilin may\u0131nda La\u00e7\u0131n\u0131 da i\u015f\u011fal etdi. Ondan bir il sonra \u2013 1993-c\u00fc ilin aprelind\u0259 K\u0259lb\u0259c\u0259ri i\u015f\u011fal etdi v\u0259 bel\u0259likl\u0259, Da\u011fl\u0131q Qaraba\u011f Muxtar Vilay\u0259ti il\u0259 Erm\u0259nistan aras\u0131nda co\u011frafi ba\u011flant\u0131 yarad\u0131ld\u0131. Bizim m\u0259\u011flubiyy\u0259timizin qa\u00e7\u0131lmaz olmas\u0131 g\u00f6z qaba\u011f\u0131nda idi, n\u0259z\u0259r\u0259 alsaq ki, o vaxt Az\u0259rbaycanda h\u0259rc-m\u0259rclik d\u00f6vr\u00fc idi, nizami ordu yox idi, v\u0259t\u0259nda\u015f qar\u015f\u0131durmas\u0131 ba\u015f vermi\u015fdi.<\/p>\n\n\n\n<p>\u015eu\u015fan\u0131n itirilm\u0259si dig\u0259r rayonlar\u0131n itirilm\u0259sin\u0259 t\u0259kan vermi\u015fdi. Ancaq biz Az\u0259rbaycan xalq\u0131 olaraq he\u00e7 vaxt bu i\u015f\u011falla bar\u0131\u015fmaq fikrind\u0259 deyildik. \u0130\u015f\u011fal d\u00f6vr\u00fcnd\u0259 m\u0259n d\u0259f\u0259l\u0259rl\u0259 deyirdim ki, biz he\u00e7 vaxt bu v\u0259ziyy\u0259tl\u0259 bar\u0131\u015fmayaca\u011f\u0131q, i\u015f\u011fal edilmi\u015f b\u00fct\u00fcn torpaqlar\u0131, o c\u00fcml\u0259d\u0259n \u015eu\u015fan\u0131 n\u0259yin bahas\u0131na olursa-olsun i\u015f\u011fal\u00e7\u0131lardan azad ed\u0259c\u0259yik.<\/p>\n\n\n\n<p>Bildiyiniz kimi, dan\u0131\u015f\u0131qlar prosesi 30 il\u0259 yax\u0131n davam etdi, bunun he\u00e7 bir n\u0259tic\u0259si olmad\u0131. \u0130ndiki hadis\u0259l\u0259rin gedi\u015fat\u0131, \u0130kinci Qaraba\u011f m\u00fcharib\u0259sind\u0259ki d\u00f6vr v\u0259 beyn\u0259lxalq g\u00fccl\u0259rin h\u0259r\u0259k\u0259tl\u0259ri onu g\u00f6st\u0259rir ki, bu m\u0259s\u0259l\u0259 he\u00e7 vaxt dan\u0131\u015f\u0131qlar yolu il\u0259 \u00f6z h\u0259llini tapa bilm\u0259zdi. \u00c7\u00fcnki bizi, az\u0259rbaycanl\u0131lar\u0131 bu v\u0259ziyy\u0259tl\u0259 bar\u0131\u015fd\u0131rmaq ist\u0259yirdil\u0259r. Bu v\u0259ziyy\u0259ti, y\u0259ni, dondurulmu\u015f m\u00fcnaqi\u015f\u0259ni alternativsiz bir variant kimi t\u0259qdim etm\u0259y\u0259 \u00e7al\u0131\u015f\u0131rd\u0131lar. Bizim is\u0259 tam ba\u015fqa fikrimiz var idi v\u0259 m\u0259n bunu he\u00e7 vaxt gizl\u0259tmirdim. Deyirdim ki, \u0259g\u0259r m\u0259s\u0259l\u0259 s\u00fclh yolu il\u0259 \u00f6z h\u0259llini tapmasa, biz \u00f6z \u0259razi b\u00fct\u00f6vl\u00fcy\u00fcm\u00fcz\u00fc m\u00fcharib\u0259 yolu il\u0259 b\u0259rpa ed\u0259c\u0259yik. Beyn\u0259lxalq h\u00fcququn b\u00fct\u00fcn norma v\u0259 prinsipl\u0259ri bu haqq\u0131 biz\u0259 tan\u0131y\u0131r. BMT-nin Nizamnam\u0259si, BMT T\u0259hl\u00fck\u0259sizlik \u015euras\u0131n\u0131n q\u0259tnam\u0259l\u0259ri, tarixi \u0259dal\u0259t bu haqq\u0131 biz\u0259 verib. Biz buna nail olduq.<\/p>\n\n\n\n<p>\u015eu\u015fa Az\u0259rbaycan \u015f\u0259h\u0259ridir. \u015eu\u015fan\u0131n t\u0259m\u0259lini, &#8212; ham\u0131m\u0131z yax\u015f\u0131 bilirik, &#8212; 1752-ci ild\u0259 P\u0259nah\u0259li xan qoymu\u015fdur v\u0259 g\u0259l\u0259n il biz \u015eu\u015fan\u0131n 270-ci ild\u00f6n\u00fcm\u00fcn\u00fc t\u0259nt\u0259n\u0259li \u015f\u0259kild\u0259 qeyd ed\u0259c\u0259yik. \u0130\u015f\u011fala baxmayaraq, \u015eu\u015fa Az\u0259rbaycan ruhunu saxlaya bildi. \u015eu\u015faya g\u0259l\u0259n h\u0259r bir insan bunu g\u00f6r\u00fcr. H\u0259tta da\u011f\u0131lm\u0131\u015f v\u0259ziyy\u0259td\u0259, h\u0259tta i\u015f\u011fal d\u00f6vr\u00fcnd\u0259 vandalizm\u0259 m\u0259ruz qalm\u0131\u015f \u015f\u0259kild\u0259 \u015eu\u015fa \u00f6z ruhunu, \u00f6z qam\u0259tini saxlaya bildi, \u0259yilm\u0259di, s\u0131nmad\u0131, bizi g\u00f6zl\u0259yirdi, biz g\u0259lm\u0259li idik v\u0259 biz g\u0259ldik. M\u00fcz\u0259ff\u0259r xalq kimi g\u0259ldik. Dan\u0131\u015f\u0131qlar yolu il\u0259 yox, Erm\u0259nistan t\u0259r\u0259find\u0259n edil\u0259 bil\u0259c\u0259k hans\u0131sa g\u00fcz\u0259\u015ft n\u0259tic\u0259sind\u0259 yox, d\u00f6y\u00fc\u015f meydan\u0131nda, qan t\u00f6k\u0259r\u0259k, \u015f\u0259hidl\u0259r ver\u0259r\u0259k, f\u0259dakarl\u0131q g\u00f6st\u0259r\u0259r\u0259k g\u0259ldik v\u0259 \u00f6z \u0259razi b\u00fct\u00f6vl\u00fcy\u00fcm\u00fcz\u00fc b\u0259rpa etdik v\u0259 milli l\u0259yaq\u0259timizi b\u0259rpa etdik.<\/p>\n\n\n\n<p>44 g\u00fcnl\u00fck V\u0259t\u0259n m\u00fcharib\u0259si bizim \u015fanl\u0131 tariximizdir. Bu tarix \u0259b\u0259di ya\u015fayacaq. \u00c7\u00fcnki bu Q\u0259l\u0259b\u0259 tarixd\u0259 b\u0259nz\u0259ri olmayan q\u0259l\u0259b\u0259dir. Az\u0259rbaycan xalq\u0131 buna layiq idi v\u0259 biz Q\u0259l\u0259b\u0259 \u0259ld\u0259 ed\u0259r\u0259k d\u00fc\u015fm\u0259ni \u00f6z do\u011fma diyar\u0131m\u0131zdan qovduq, \u015f\u0259h\u0259rl\u0259rimizi azad etdik, do\u011fma \u015eu\u015fam\u0131z\u0131 azad etdik v\u0259 bu g\u00fcn \u015eu\u015fa art\u0131q dir\u00e7\u0259lir v\u0259 \u015eu\u015fan\u0131n dir\u00e7\u0259lm\u0259si \u00fc\u00e7\u00fcn \u0259m\u0259li-praktiki add\u0131mlar at\u0131l\u0131r. M\u00fcharib\u0259d\u0259n sonra m\u0259n ilk d\u0259f\u0259 \u015eu\u015faya 14 yanvar, bu ilin yanvar\u0131n 14-d\u0259 g\u0259lmi\u015fdim. Bu tarix d\u0259 t\u0259sad\u00fcf\u0259n se\u00e7ilm\u0259di. \u00c7\u00fcnki ondan, o tarixd\u0259n 39 il \u0259vv\u0259l burada Ulu \u00d6nd\u0259rin i\u015ftirak\u0131 il\u0259 Vaqifin m\u0259qb\u0259r\u0259si a\u00e7\u0131lm\u0131\u015fd\u0131 v\u0259 m\u0259hz 14 yanvarda m\u0259nim bura g\u0259lm\u0259yimin \u00e7ox b\u00f6y\u00fck r\u0259mzi m\u0259nas\u0131 var idi v\u0259 ilk s\u0259f\u0259rimd\u0259 buraya g\u0259ldim v\u0259 ilk g\u00f6st\u0259ri\u015fl\u0259rd\u0259n biri d\u0259 o oldu ki, Vaqifin m\u0259qb\u0259r\u0259si b\u0259rpa edilsin, \u00e7\u00fcnki vandallar bu m\u0259qb\u0259r\u0259ni da\u011f\u0131tm\u0131\u015fd\u0131lar, s\u00f6km\u00fc\u015fd\u00fcl\u0259r. \u0130\u00e7\u0259rid\u0259ki Vaqifin barelyefini s\u00f6km\u00fc\u015fd\u00fcl\u0259r, sin\u0259 da\u015f\u0131n\u0131 s\u00f6km\u00fc\u015fd\u00fcl\u0259r. Y\u0259ni, onlara xas olan vandalizm t\u00f6r\u0259tmi\u015fdil\u0259r, nec\u0259 ki, b\u00fct\u00fcn ba\u015fqa azad edilmi\u015f torpaqlarda biz bunun \u015fahidiyik v\u0259 m\u0259qb\u0259r\u0259nin b\u0259rpas\u0131n\u0131 Heyd\u0259r \u018fliyev Fondu \u00f6z \u00fcz\u0259rin\u0259 g\u00f6t\u00fcrd\u00fc v\u0259 bu g\u00fcn biz bu m\u0259qb\u0259r\u0259nin \u00f6n\u00fcnd\u0259 Vaqif poeziya g\u00fcnl\u0259rin\u0259 start veririk. Vaqif poeziya g\u00fcnl\u0259ri d\u0259 b\u0259rpa edildi, Xar\u0131b\u00fclb\u00fcl festival\u0131 da b\u0259rpa edildi, bu ilin may ay\u0131nda biz \u00e7ox b\u00f6y\u00fck co\u015fqu il\u0259 bu festival\u0131 ke\u00e7irdik v\u0259 bu tarixi b\u0259rpa etdik.<\/p>\n\n\n\n<p>\u015eu\u015fan\u0131n b\u0259rpas\u0131 il\u0259 ba\u011fl\u0131 ilk s\u0259f\u0259rim \u00e7\u0259r\u00e7iv\u0259sind\u0259 b\u00fct\u00fcn laz\u0131mi g\u00f6st\u0259ri\u015fl\u0259r verildi v\u0259 yanvar ay\u0131ndan bu g\u00fcn\u0259 q\u0259d\u0259r, 7 ay \u0259rzind\u0259 art\u0131q \u00e7ox b\u00f6y\u00fck i\u015fl\u0259r g\u00f6r\u00fcl\u00fcb v\u0259 \u015eu\u015faya ikinci-\u00fc\u00e7\u00fcnc\u00fc d\u0259f\u0259 g\u0259l\u0259nl\u0259r bunu g\u00f6r\u00fcr. B\u0259li, \u015f\u0259h\u0259r h\u0259l\u0259 ki, da\u011f\u0131lm\u0131\u015f v\u0259ziyy\u0259td\u0259dir. \u00c7\u00fcnki erm\u0259nil\u0259r n\u0259 q\u0259d\u0259r \u00e7al\u0131\u015falar da, yen\u0259 d\u0259 \u015eu\u015fan\u0131 erm\u0259ni \u015f\u0259h\u0259ri kimi t\u0259qdim ed\u0259 bilm\u0259dil\u0259r v\u0259 \u0259g\u0259r bu, erm\u0259ni \u015f\u0259h\u0259ri idis\u0259, niy\u0259 bel\u0259 v\u0259ziyy\u0259td\u0259 idi, niy\u0259 da\u011f\u0131lm\u0131\u015f v\u0259ziyy\u0259td\u0259 idi, niy\u0259 bir d\u0259n\u0259 bina tikilm\u0259yib? \u00dc\u00e7-d\u00f6rd erm\u0259ni m\u0259murunun yeni villalar\u0131ndan ba\u015fqa bir d\u0259n\u0259 d\u0259 yeni bina tikilm\u0259yib. K\u00f6hn\u0259 binalar ham\u0131s\u0131 da\u011f\u0131d\u0131l\u0131b, tarixi binalar da\u011f\u0131d\u0131l\u0131b v\u0259 \u015eu\u015fan\u0131n b\u0259rpas\u0131 14 yanvardan ba\u015flanm\u0131\u015fd\u0131r v\u0259 q\u0131sa m\u00fcdd\u0259t \u0259rzind\u0259 b\u00f6y\u00fck i\u015fl\u0259r g\u00f6r\u00fcld\u00fc. \u0130lk n\u00f6vb\u0259d\u0259, yol \u00e7\u0259kildi. \u0130ndi g\u0259ldiyiniz Z\u0259f\u0259r yolu n\u0259 v\u0259ziyy\u0259td\u0259 idi biz onu 14 yanvarda g\u00f6rd\u00fck. Biz F\u00fczulid\u0259n haradasa iki yar\u0131m-\u00fc\u00e7 saata g\u0259ldik. \u015eaxtal\u0131, qarl\u0131 hava idi, yol da yox idi, bir c\u0131\u011f\u0131r idi, \u00fcst\u00fc buz, pal\u00e7\u0131q. \u0130ndi is\u0259 art\u0131q asfalt yol tikilib v\u0259 bu, el\u0259 Z\u0259f\u0259r yoludur. Magistral yol da \u00e7\u0259kilir. F\u00fczuli \u015f\u0259h\u0259rind\u0259n tunell\u0259r daxil olmaqla, magistral yol tikilir, daha q\u0131sa yol olacaq. \u015eu\u015fan\u0131n elektrik t\u0259s\u0259rr\u00fcfat\u0131 b\u0259rpa edildi, y\u00fcks\u0259kg\u0259rginlikli x\u0259tl\u0259r F\u00fczulid\u0259n g\u0259tirildi bura, yar\u0131mstansiya tikildi, y\u0259ni \u015eu\u015fan\u0131 elektrikl\u0259 t\u0259min etm\u0259k ba\u015fl\u0131ca v\u0259zif\u0259l\u0259rd\u0259n biri idi. D\u00fc\u015fm\u0259n \u015eu\u015fan\u0131 t\u0259rk ed\u0259rk\u0259n \u015eu\u015fan\u0131n su x\u0259tl\u0259rini partlatm\u0131\u015fd\u0131, \u015eu\u015faya suyun verilm\u0259sini biz b\u0259rpa etdik. \u0130ndi iki m\u0259nb\u0259d\u0259n \u015eu\u015faya su g\u0259lir. \u015eu\u015fan\u0131n tarixi abid\u0259l\u0259rinin b\u0259rpas\u0131na start verildi. Vaqifin m\u0259qb\u0259r\u0259si art\u0131q b\u0259rpa edildi. Erm\u0259nil\u0259r t\u0259r\u0259find\u0259n da\u011f\u0131d\u0131lm\u0131\u015f Vaqifin b\u00fcst\u00fc b\u0259rpa edildi, d\u00fcn\u0259n onun ikinci a\u00e7\u0131l\u0131\u015f\u0131 olmu\u015fdur. \u00dc\u00e7 m\u0259scidd\u0259 t\u0259mir-b\u0259rpa i\u015fl\u0259ri gedir. Yuxar\u0131 G\u00f6vh\u0259r A\u011fa m\u0259scidinin t\u0259miri dem\u0259k olar ki, bitm\u0259k \u00fczr\u0259dir. Saatl\u0131 v\u0259 A\u015fa\u011f\u0131 G\u00f6vh\u0259r A\u011fa m\u0259scidl\u0259rinin t\u0259miri il\u0259 ba\u011fl\u0131 g\u00f6st\u0259ri\u015fl\u0259r verildi. Bu m\u0259scidl\u0259rin t\u0259mirini yen\u0259 d\u0259 Heyd\u0259r \u018fliyev Fondu \u00f6z \u00fcz\u0259rin\u0259 g\u00f6t\u00fcrm\u00fc\u015fd\u00fcr. Nat\u0259van bula\u011f\u0131 b\u0259rpa edildi, indi su g\u0259lir. Erm\u0259nil\u0259r 17 bula\u011f\u0131n 17-sini d\u0259 qurutmu\u015fdular. \u018fg\u0259r bu, erm\u0259ni \u015f\u0259h\u0259ri idis\u0259, n\u0259 \u00fc\u00e7\u00fcn siz bu bulaqlar\u0131 qurudursunuz? Ondan sonra \u201cXar\u0131b\u00fclb\u00fcl\u201d oteli istifad\u0259y\u0259 verildi v\u0259 art\u0131q may-iyun aylar\u0131nda ilk qonaqlar\u0131n\u0131 q\u0259bul etdi v\u0259 dig\u0259r add\u0131mlar at\u0131ld\u0131. Erm\u0259nil\u0259r t\u0259r\u0259find\u0259n g\u00fcll\u0259boran edilmi\u015f dahi \u015f\u0259xsiyy\u0259tl\u0259rimizin \u2013 Nat\u0259van\u0131n, \u00dczeyir Hac\u0131b\u0259ylinin, B\u00fclb\u00fcl\u00fcn b\u00fcstl\u0259ri g\u0259tirildi v\u0259 m\u0259nim t\u0259r\u0259fimd\u0259n m\u0259rk\u0259zi meydanda qoyuldu v\u0259 d\u00fcn\u0259n \u015eu\u015fan\u0131n dir\u00e7\u0259li\u015finin n\u00f6vb\u0259ti m\u0259rh\u0259l\u0259si idi. Qeyd etdiyim kimi, Vaqifin m\u0259qb\u0259r\u0259si, Vaqifin b\u00fcst\u00fc yenid\u0259n a\u00e7\u0131ld\u0131, \u00dczeyir Hac\u0131b\u0259ylinin abid\u0259si yenid\u0259n qoyuldu, onu da m\u0259nfur d\u00fc\u015fm\u0259n da\u011f\u0131tm\u0131\u015fd\u0131. \u00dczeyir Hac\u0131b\u0259ylinin da\u011f\u0131lm\u0131\u015f evinin b\u0259rpas\u0131 il\u0259 ba\u011fl\u0131 g\u00f6st\u0259ri\u015f verildi. D\u00fcn\u0259n Polad B\u00fclb\u00fclo\u011flu il\u0259 v\u0259 onun o\u011flu, B\u00fclb\u00fcl\u00fcn n\u0259v\u0259si il\u0259 birlikd\u0259 B\u00fclb\u00fcl\u00fcn evinin a\u00e7\u0131l\u0131\u015f\u0131n\u0131 biz qeyd etdik. Polad atas\u0131n\u0131n evini b\u0259rpa etdi, indi \u00e7ox g\u00f6z\u0259l muzey yarad\u0131lm\u0131\u015fd\u0131r. D\u00fcn\u0259n \u201cQaraba\u011f\u201d hoteli \u0259sasl\u0131 t\u0259mird\u0259n sonra yenid\u0259n qonaqlar\u0131n \u00fcz\u00fcn\u0259 \u00f6z qap\u0131lar\u0131n\u0131 a\u00e7d\u0131. \u0130\u015f\u011fal d\u00f6vr\u00fcnd\u0259 \u201cQaraba\u011f\u201d hoteli n\u0259 g\u00fcnd\u0259 idi, onu biz i\u015f\u011faldan sonra g\u00f6rm\u00fc\u015fd\u00fck. C\u0259mi iki m\u0259rt\u0259b\u0259si i\u015fl\u0259yirdi, n\u0259 su var idi, n\u0259 i\u015f\u0131q var idi. B\u0259rbad v\u0259ziyy\u0259td\u0259 idi, da\u011f\u0131lm\u0131\u015f v\u0259ziyy\u0259td\u0259 idi. O kadrlar var. O da b\u0259rpa edildi v\u0259 hesab edir\u0259m ki, bu t\u0259dbirl\u0259rin i\u00e7ind\u0259 \u0259n \u00f6n\u0259mlisi yeni ya\u015fay\u0131\u015f kompleksinin t\u0259m\u0259l da\u015f\u0131n\u0131n qoyulmas\u0131d\u0131r. Yeni otel be\u015fulduzlu otel olacaq. Orada 150 otaq olacaq, haz\u0131rda \u015eu\u015fada \u201cQaraba\u011f\u201d v\u0259 \u201cXar\u0131b\u00fclb\u00fcl\u201d otell\u0259rind\u0259 150 otaq m\u00f6vcuddur, 300 otaq olacaqd\u0131r, b\u00f6y\u00fck konfrans zal\u0131 v\u0259 t\u0259dbirl\u0259r \u00fc\u00e7\u00fcn yerl\u0259r, be\u015fulduzlu otel onun da yeri d\u0259 se\u00e7ildi m\u0259nim t\u0259r\u0259fimd\u0259n, h\u0259min yerd\u0259 m\u0259nfur d\u00fc\u015fm\u0259n d\u0131rnaqaras\u0131 \u201cDa\u011fl\u0131q Qaraba\u011f respublikas\u0131\u201dn\u0131n qondarma parlamenti \u00fc\u00e7\u00fcn bina in\u015fa edirdi. O da biz\u0259 sata\u015fmaq idi. \u201cDa\u011fl\u0131q Qaraba\u011f respublikas\u0131\u201d anlay\u0131\u015f\u0131 yoxdur. Art\u0131q o binan\u0131n b\u00fcn\u00f6vr\u0259si qoyulmu\u015fdur v\u0259 da\u015f i\u015fl\u0259ri art\u0131q tamamlanm\u0131\u015fd\u0131. M\u0259nim g\u00f6st\u0259ri\u015fiml\u0259 bu \u015feytan yuvas\u0131 darmada\u011f\u0131n edildi.<\/p>\n\n\n\n<p>Be\u015f ulduzlu otel g\u00f6z\u0259l yerd\u0259 in\u015fa edil\u0259c\u0259k. \u018fn \u00f6n\u0259mli t\u0259dbir d\u00fcn\u0259n yeni ya\u015fay\u0131\u015f kompleksinin t\u0259m\u0259l da\u015f\u0131n\u0131n qoyulmas\u0131 idi. Bu ya\u015fay\u0131\u015f kompleksi, dem\u0259li, \u015eu\u015fan\u0131n Ba\u015f Plan\u0131 \u0259sas\u0131nda in\u015fa edil\u0259c\u0259k. \u015eu\u015fan\u0131n Ba\u015f Plan\u0131 t\u0259sdiq edildi v\u0259 \u00e7ox m\u00fcf\u0259ss\u0259l, g\u00f6z\u0259l i\u015fl\u0259nmi\u015f pland\u0131r. Birinci m\u0259rh\u0259l\u0259d\u0259 orada 25 ya\u015fay\u0131\u015f binas\u0131n\u0131n in\u015fas\u0131 n\u0259z\u0259rd\u0259 tutulur, \u00fc\u00e7, d\u00f6rd v\u0259 be\u015fm\u0259rt\u0259b\u0259li ya\u015fay\u0131\u015f binalar\u0131 ki, v\u0259t\u0259nda\u015flar art\u0131q \u015eu\u015faya qay\u0131tma\u011fa ba\u015flas\u0131nlar.<\/p>\n\n\n\n<p>Bu kompleks t\u0259dbirl\u0259r onu g\u00f6st\u0259rir ki, \u015eu\u015fan\u0131n dir\u00e7\u0259ldilm\u0259si s\u00fcr\u0259tl\u0259 gedir v\u0259 \u015fu\u015fal\u0131lar \u015eu\u015faya qay\u0131d\u0131rlar. H\u0259m qrup-qrup g\u0259lirl\u0259r, \u00f6z do\u011fma \u015f\u0259h\u0259rin\u0259, \u015f\u0259h\u0259rini ziyar\u0259t edirl\u0259r. Eyni zamanda, burada art\u0131q a\u00e7\u0131lm\u0131\u015f obyektl\u0259rd\u0259 \u015fu\u015fal\u0131lar i\u015fl\u0259 t\u0259min edilir. Bel\u0259likl\u0259, biz \u015eu\u015fan\u0131 yenid\u0259n dir\u00e7\u0259ld\u0259c\u0259yik.<\/p>\n\n\n\n<p>\u018fziz dostlar, t\u0259xmin\u0259n 40 il bundan \u0259vv\u0259l, bax, bu yerd\u0259 atam durmu\u015fdu, m\u0259n is\u0259 o t\u0259r\u0259fd\u0259 durmu\u015fdum. \u015eaxtal\u0131-qarl\u0131 havada Vaqifin m\u0259qb\u0259r\u0259sinin a\u00e7\u0131l\u0131\u015f\u0131 idi. Ondan sonra ikinci d\u0259f\u0259 1982-ci ilin iyul ay\u0131nda \u2013 iyulun 29-da atamla b\u0259rab\u0259r ikinci d\u0259f\u0259 \u015eu\u015faya g\u0259lmi\u015fdim. O vaxt Vaqif poeziya g\u00fcnl\u0259ri ke\u00e7irilirdi. Bu g\u00fcn is\u0259 ikinci d\u0259f\u0259 Vaqifin m\u0259qb\u0259r\u0259sinin a\u00e7\u0131l\u0131\u015f\u0131n\u0131 biz qeyd edirik. Vaqif poeziya g\u00fcnl\u0259ri ke\u00e7iril\u0259rk\u0259n atam\u0131n 59 ya\u015f\u0131 var idi. Bu g\u00fcn m\u0259nim 59 ya\u015f\u0131m var. B\u0259zil\u0259ri ki, hesab ed\u0259 bil\u0259r ki, bu, t\u0259sad\u00fcfd\u00fcr. Ancaq m\u0259n hesab edir\u0259m ki, burada b\u00f6y\u00fck r\u0259mzi m\u0259na var, tarix t\u0259krarlan\u0131r. Az\u0259rbaycan tarixinin qara s\u0259hif\u0259si art\u0131q arxada qald\u0131 v\u0259 yenid\u0259n biz n\u0259f\u0259s alma\u011fa ba\u015flam\u0131\u015f\u0131q.<\/p>\n\n\n\n<p>\u0130\u015f\u011fal d\u00f6vr\u00fcnd\u0259 bir \u00e7oxlar\u0131m\u0131z, h\u0259m ke\u00e7mi\u015f m\u0259cburi k\u00f6\u00e7k\u00fcnl\u0259r, h\u0259m b\u00fct\u00fcn Az\u0259rbaycan xalq\u0131, o c\u00fcml\u0259d\u0259n d\u0259 m\u0259n d\u0259f\u0259l\u0259rl\u0259 fikirl\u0259\u015firdik ki, d\u00fcnyada \u0259dal\u0259t yoxdur. \u00c7\u00fcnki \u0259dal\u0259t olsayd\u0131, biz bu v\u0259ziyy\u0259t\u0259 d\u00fc\u015fm\u0259zdik. M\u0259n d\u0259 o c\u00fcml\u0259d\u0259n bel\u0259 fikird\u0259 idim. Ancaq h\u0259yat g\u00f6st\u0259rdi ki, \u0259dal\u0259t var, sad\u0259c\u0259 olaraq d\u00f6z\u00fcml\u00fc olmaq laz\u0131md\u0131r, s\u0259birli olmaq laz\u0131md\u0131r, \u0259dal\u0259t\u0259 inanmaq laz\u0131md\u0131r v\u0259 \u0259dal\u0259t\u0259 nail olmaq \u00fc\u00e7\u00fcn \u00e7al\u0131\u015fmaq laz\u0131md\u0131r, h\u0259d\u0259f\u0259 do\u011fru getm\u0259k laz\u0131md\u0131r. \u018fdal\u0259ti b\u0259rpa etm\u0259k \u00fc\u00e7\u00fcn f\u0259dakarl\u0131q g\u00f6st\u0259rm\u0259k laz\u0131md\u0131r. Bu g\u00fcn biz ham\u0131m\u0131z \u00fcr\u0259yimizd\u0259 deyirik v\u0259 a\u00e7\u0131q deyirik ki, b\u0259li, \u0259dal\u0259t var, \u0259dal\u0259t b\u0259rpa edildi, biz bu g\u00fcn \u015eu\u015faday\u0131q v\u0259 bundan sonra \u015eu\u015fada \u0259b\u0259di ya\u015fayaca\u011f\u0131q.<\/p>\n\n\n\n<p>Noyabr\u0131n 8-d\u0259 Az\u0259rbaycan xalq\u0131na \u015eu\u015fa m\u00fcjd\u0259sini ver\u0259rk\u0259n demi\u015fdim ki, \u015eu\u015fa art\u0131q azadd\u0131r, bu, h\u0259qiq\u0259tdir. Biz azad \u015eu\u015fada y\u0131\u011f\u0131\u015fm\u0131\u015f\u0131q. Demi\u015fdim ki, biz \u015eu\u015faya qay\u0131tm\u0131\u015f\u0131q. Bu da h\u0259qiq\u0259tdir. Festivallar, poeziya g\u00fcnl\u0259ri, m\u0259d\u0259ni t\u0259dbirl\u0259r v\u0259 bir \u00e7ox ba\u015fqa t\u0259dbirl\u0259r art\u0131q ke\u00e7irilir v\u0259 ke\u00e7iril\u0259c\u0259kdir. Demi\u015fdim ki, \u015eu\u015fan\u0131 biz dir\u00e7\u0259ld\u0259c\u0259yik. Bu da ba\u015f verir, biz \u015eu\u015fan\u0131 dir\u00e7\u0259ldirik.<\/p>\n\n\n\n<p><strong>Ya\u015fas\u0131n \u015eu\u015fa! Ya\u015fas\u0131n Qaraba\u011f! Ya\u015fas\u0131n Az\u0259rbaycan!<\/strong><\/p>\n","protected":false},"excerpt":{"rendered":"<p>Avqustun 30-da Vaqif Poeziya G\u00fcnl\u0259ri \u015eu\u015fa i\u015f\u011faldan azad edildikd\u0259n sonra Heyd\u0259r \u018fliyev Fondu t\u0259r\u0259find\u0259n ilk d\u0259f\u0259 \u015fairin do\u011fma \u015f\u0259h\u0259rind\u0259 yenid\u0259n t\u0259\u015fkil olunub. Az\u0259rbaycan Respublikas\u0131n\u0131n<\/p>\n","protected":false},"author":2,"featured_media":46962,"comment_status":"closed","ping_status":"closed","sticky":false,"template":"","format":"standard","meta":{"footnotes":""},"categories":[3],"tags":[],"class_list":["post-46961","post","type-post","status-publish","format-standard","has-post-thumbnail","hentry","category-gundm"],"aioseo_notices":[],"_links":{"self":[{"href":"https:\/\/fedai.az\/index.php?rest_route=\/wp\/v2\/posts\/46961","targetHints":{"allow":["GET"]}}],"collection":[{"href":"https:\/\/fedai.az\/index.php?rest_route=\/wp\/v2\/posts"}],"about":[{"href":"https:\/\/fedai.az\/index.php?rest_route=\/wp\/v2\/types\/post"}],"author":[{"embeddable":true,"href":"https:\/\/fedai.az\/index.php?rest_route=\/wp\/v2\/users\/2"}],"replies":[{"embeddable":true,"href":"https:\/\/fedai.az\/index.php?rest_route=%2Fwp%2Fv2%2Fcomments&post=46961"}],"version-history":[{"count":2,"href":"https:\/\/fedai.az\/index.php?rest_route=\/wp\/v2\/posts\/46961\/revisions"}],"predecessor-version":[{"id":46976,"href":"https:\/\/fedai.az\/index.php?rest_route=\/wp\/v2\/posts\/46961\/revisions\/46976"}],"wp:featuredmedia":[{"embeddable":true,"href":"https:\/\/fedai.az\/index.php?rest_route=\/wp\/v2\/media\/46962"}],"wp:attachment":[{"href":"https:\/\/fedai.az\/index.php?rest_route=%2Fwp%2Fv2%2Fmedia&parent=46961"}],"wp:term":[{"taxonomy":"category","embeddable":true,"href":"https:\/\/fedai.az\/index.php?rest_route=%2Fwp%2Fv2%2Fcategories&post=46961"},{"taxonomy":"post_tag","embeddable":true,"href":"https:\/\/fedai.az\/index.php?rest_route=%2Fwp%2Fv2%2Ftags&post=46961"}],"curies":[{"name":"wp","href":"https:\/\/api.w.org\/{rel}","templated":true}]}}