{"id":46964,"date":"2021-08-30T13:13:58","date_gmt":"2021-08-30T09:13:58","guid":{"rendered":"https:\/\/fedai.az\/?p=46964"},"modified":"2021-08-30T16:12:13","modified_gmt":"2021-08-30T12:12:13","slug":"qarabag-qazisi-intihar-edib","status":"publish","type":"post","link":"https:\/\/fedai.az\/?p=46964","title":{"rendered":"Qaraba\u011f qazisi intihar edib"},"content":{"rendered":"\n<p><strong>Birinci Qaraba\u011f m\u00fcharib\u0259si i\u015ftirak\u00e7\u0131s\u0131 R\u00f6v\u015f\u0259n M\u0259mm\u0259dov intihar edib.<\/strong><\/p>\n\n\n\n<p>Bu bar\u0259d\u0259 m\u0259tbuata Rey K\u0259rimo\u011flu m\u0259lumat verib.<\/p>\n\n\n\n<figure class=\"wp-block-image size-large is-resized\"><img loading=\"lazy\" decoding=\"async\" src=\"https:\/\/fedai.az\/wp-content\/uploads\/2021\/08\/240953071_4524591934283863_7231659122332805558_n.jpg\" alt=\"\" class=\"wp-image-46973\" width=\"879\" height=\"1198\" srcset=\"https:\/\/fedai.az\/wp-content\/uploads\/2021\/08\/240953071_4524591934283863_7231659122332805558_n.jpg 526w, https:\/\/fedai.az\/wp-content\/uploads\/2021\/08\/240953071_4524591934283863_7231659122332805558_n-220x300.jpg 220w, https:\/\/fedai.az\/wp-content\/uploads\/2021\/08\/240953071_4524591934283863_7231659122332805558_n-110x150.jpg 110w\" sizes=\"auto, (max-width: 879px) 100vw, 879px\" \/><\/figure>\n\n\n\n<p>O bildirib ki, \u0259sl\u0259n C\u0259bray\u0131l rayonundan olan M\u0259mm\u0259dov R\u00f6v\u015f\u0259n sonuncu d\u0259f\u0259 &#171;Az\u0259rs\u0131\u011forta&#187;ya gedib v\u0259 25 ildir ala bilm\u0259diyi s\u0131\u011forta pulunu t\u0259l\u0259b edib. Lakin ona r\u0259dd cavab\u0131 verilib.<\/p>\n\n\n\n<p>Buna \u0259s\u0259bil\u0259\u015f\u0259n R.M\u0259mm\u0259dov \u00f6z\u00fcn\u00fc asaraq intihar edib.<\/p>\n\n\n\n<p><em><strong>Allah r\u0259hm\u0259t el\u0259sin!<\/strong><\/em><\/p>\n","protected":false},"excerpt":{"rendered":"<p>Birinci Qaraba\u011f m\u00fcharib\u0259si i\u015ftirak\u00e7\u0131s\u0131 R\u00f6v\u015f\u0259n M\u0259mm\u0259dov intihar edib. Bu bar\u0259d\u0259 m\u0259tbuata Rey K\u0259rimo\u011flu m\u0259lumat verib. O bildirib ki, \u0259sl\u0259n C\u0259bray\u0131l rayonundan olan M\u0259mm\u0259dov R\u00f6v\u015f\u0259n<\/p>\n","protected":false},"author":2,"featured_media":46965,"comment_status":"closed","ping_status":"closed","sticky":false,"template":"","format":"standard","meta":{"footnotes":""},"categories":[12],"tags":[],"class_list":["post-46964","post","type-post","status-publish","format-standard","has-post-thumbnail","hentry","category-sosial"],"aioseo_notices":[],"_links":{"self":[{"href":"https:\/\/fedai.az\/index.php?rest_route=\/wp\/v2\/posts\/46964","targetHints":{"allow":["GET"]}}],"collection":[{"href":"https:\/\/fedai.az\/index.php?rest_route=\/wp\/v2\/posts"}],"about":[{"href":"https:\/\/fedai.az\/index.php?rest_route=\/wp\/v2\/types\/post"}],"author":[{"embeddable":true,"href":"https:\/\/fedai.az\/index.php?rest_route=\/wp\/v2\/users\/2"}],"replies":[{"embeddable":true,"href":"https:\/\/fedai.az\/index.php?rest_route=%2Fwp%2Fv2%2Fcomments&post=46964"}],"version-history":[{"count":2,"href":"https:\/\/fedai.az\/index.php?rest_route=\/wp\/v2\/posts\/46964\/revisions"}],"predecessor-version":[{"id":46974,"href":"https:\/\/fedai.az\/index.php?rest_route=\/wp\/v2\/posts\/46964\/revisions\/46974"}],"wp:featuredmedia":[{"embeddable":true,"href":"https:\/\/fedai.az\/index.php?rest_route=\/wp\/v2\/media\/46965"}],"wp:attachment":[{"href":"https:\/\/fedai.az\/index.php?rest_route=%2Fwp%2Fv2%2Fmedia&parent=46964"}],"wp:term":[{"taxonomy":"category","embeddable":true,"href":"https:\/\/fedai.az\/index.php?rest_route=%2Fwp%2Fv2%2Fcategories&post=46964"},{"taxonomy":"post_tag","embeddable":true,"href":"https:\/\/fedai.az\/index.php?rest_route=%2Fwp%2Fv2%2Ftags&post=46964"}],"curies":[{"name":"wp","href":"https:\/\/api.w.org\/{rel}","templated":true}]}}