{"id":46967,"date":"2021-08-30T13:56:48","date_gmt":"2021-08-30T09:56:48","guid":{"rendered":"https:\/\/fedai.az\/?p=46967"},"modified":"2021-08-30T13:56:51","modified_gmt":"2021-08-30T09:56:51","slug":"ilham-%c9%99liyev-onda-atamin-59-yasi-var-idi-bu-gun-m%c9%99nim-59-yasim-var","status":"publish","type":"post","link":"https:\/\/fedai.az\/?p=46967","title":{"rendered":"\u0130lham \u018fliyev: &#171;Onda atam\u0131n 59 ya\u015f\u0131 var idi, bu g\u00fcn m\u0259nim 59 ya\u015f\u0131m var&#8230;&#187;"},"content":{"rendered":"\n<p><strong>&#171;\u018fziz dostlar, t\u0259xmin\u0259n, 40 il bundan \u0259vv\u0259l, bax, bu yerd\u0259 atam durmu\u015fdu, m\u0259n is\u0259 o t\u0259r\u0259fd\u0259 durmu\u015fdum. \u015eaxtal\u0131-qarl\u0131 havada Vaqifin m\u0259qb\u0259r\u0259sinin a\u00e7\u0131l\u0131\u015f\u0131 idi. Ondan sonra ikinci d\u0259f\u0259 1982-ci ilin iyul ay\u0131nda \u2013 iyulun 29-da atamla b\u0259rab\u0259r ikinci d\u0259f\u0259 \u015eu\u015faya g\u0259lmi\u015fdim. O vaxt Vaqif Poeziya G\u00fcnl\u0259ri ke\u00e7irilirdi&#187;.<\/strong><\/p>\n\n\n\n<figure class=\"wp-block-gallery columns-2 is-cropped wp-block-gallery-1 is-layout-flex wp-block-gallery-is-layout-flex\"><ul class=\"blocks-gallery-grid\"><li class=\"blocks-gallery-item\"><figure><img loading=\"lazy\" decoding=\"async\" width=\"225\" height=\"225\" src=\"https:\/\/fedai.az\/wp-content\/uploads\/2021\/08\/images-7-3.jpg\" alt=\"\" data-id=\"46968\" data-full-url=\"https:\/\/fedai.az\/wp-content\/uploads\/2021\/08\/images-7-3.jpg\" data-link=\"https:\/\/fedai.az\/?attachment_id=46968\" class=\"wp-image-46968\" srcset=\"https:\/\/fedai.az\/wp-content\/uploads\/2021\/08\/images-7-3.jpg 225w, https:\/\/fedai.az\/wp-content\/uploads\/2021\/08\/images-7-3-150x150.jpg 150w, https:\/\/fedai.az\/wp-content\/uploads\/2021\/08\/images-7-3-215x215.jpg 215w\" sizes=\"auto, (max-width: 225px) 100vw, 225px\" \/><\/figure><\/li><li class=\"blocks-gallery-item\"><figure><img loading=\"lazy\" decoding=\"async\" width=\"1024\" height=\"519\" src=\"https:\/\/fedai.az\/wp-content\/uploads\/2021\/08\/01-1-1024x519.jpg\" alt=\"\" data-id=\"46869\" data-full-url=\"https:\/\/fedai.az\/wp-content\/uploads\/2021\/08\/01-1.jpg\" data-link=\"https:\/\/fedai.az\/?attachment_id=46869\" class=\"wp-image-46869\" srcset=\"https:\/\/fedai.az\/wp-content\/uploads\/2021\/08\/01-1-1024x519.jpg 1024w, https:\/\/fedai.az\/wp-content\/uploads\/2021\/08\/01-1-300x152.jpg 300w, https:\/\/fedai.az\/wp-content\/uploads\/2021\/08\/01-1-150x76.jpg 150w, https:\/\/fedai.az\/wp-content\/uploads\/2021\/08\/01-1-768x389.jpg 768w, https:\/\/fedai.az\/wp-content\/uploads\/2021\/08\/01-1-1536x778.jpg 1536w, https:\/\/fedai.az\/wp-content\/uploads\/2021\/08\/01-1-2048x1038.jpg 2048w\" sizes=\"auto, (max-width: 1024px) 100vw, 1024px\" \/><\/figure><\/li><\/ul><\/figure>\n\n\n\n<p>Bunu Prezident \u0130lham \u018fliyev avqustun 30-da \u015eu\u015fa i\u015f\u011faldan azad edildikd\u0259n sonra Heyd\u0259r \u018fliyev Fondu t\u0259r\u0259find\u0259n ilk d\u0259f\u0259 \u015fairin do\u011fma \u015f\u0259h\u0259rind\u0259 yenid\u0259n t\u0259\u015fkil olunan Vaqif Poeziya G\u00fcnl\u0259rinin r\u0259smi a\u00e7\u0131l\u0131\u015f\u0131nda \u00e7\u0131x\u0131\u015f\u0131 zaman\u0131 deyib.<\/p>\n\n\n\n<figure class=\"wp-block-gallery columns-2 is-cropped wp-block-gallery-2 is-layout-flex wp-block-gallery-is-layout-flex\"><ul class=\"blocks-gallery-grid\"><li class=\"blocks-gallery-item\"><figure><img loading=\"lazy\" decoding=\"async\" width=\"525\" height=\"326\" src=\"https:\/\/fedai.az\/wp-content\/uploads\/2021\/08\/165240_ml2mb8tt0t.jpg\" alt=\"\" data-id=\"46969\" data-full-url=\"https:\/\/fedai.az\/wp-content\/uploads\/2021\/08\/165240_ml2mb8tt0t.jpg\" data-link=\"https:\/\/fedai.az\/?attachment_id=46969\" class=\"wp-image-46969\" srcset=\"https:\/\/fedai.az\/wp-content\/uploads\/2021\/08\/165240_ml2mb8tt0t.jpg 525w, https:\/\/fedai.az\/wp-content\/uploads\/2021\/08\/165240_ml2mb8tt0t-300x186.jpg 300w, https:\/\/fedai.az\/wp-content\/uploads\/2021\/08\/165240_ml2mb8tt0t-150x93.jpg 150w\" sizes=\"auto, (max-width: 525px) 100vw, 525px\" \/><\/figure><\/li><li class=\"blocks-gallery-item\"><figure><img loading=\"lazy\" decoding=\"async\" width=\"1024\" height=\"519\" src=\"https:\/\/fedai.az\/wp-content\/uploads\/2021\/08\/01-2-1024x519.jpg\" alt=\"\" data-id=\"46962\" data-full-url=\"https:\/\/fedai.az\/wp-content\/uploads\/2021\/08\/01-2.jpg\" data-link=\"https:\/\/fedai.az\/?attachment_id=46962\" class=\"wp-image-46962\" srcset=\"https:\/\/fedai.az\/wp-content\/uploads\/2021\/08\/01-2-1024x519.jpg 1024w, https:\/\/fedai.az\/wp-content\/uploads\/2021\/08\/01-2-300x152.jpg 300w, https:\/\/fedai.az\/wp-content\/uploads\/2021\/08\/01-2-150x76.jpg 150w, https:\/\/fedai.az\/wp-content\/uploads\/2021\/08\/01-2-768x389.jpg 768w, https:\/\/fedai.az\/wp-content\/uploads\/2021\/08\/01-2-1536x778.jpg 1536w, https:\/\/fedai.az\/wp-content\/uploads\/2021\/08\/01-2-2048x1038.jpg 2048w\" sizes=\"auto, (max-width: 1024px) 100vw, 1024px\" \/><\/figure><\/li><\/ul><\/figure>\n\n\n\n<p>&#171;Bu g\u00fcn is\u0259 ikinci d\u0259f\u0259 Vaqifin m\u0259qb\u0259r\u0259sinin a\u00e7\u0131l\u0131\u015f\u0131n\u0131 biz qeyd edirik. Vaqif poeziya g\u00fcnl\u0259ri ke\u00e7iril\u0259rk\u0259n atam\u0131n 59 ya\u015f\u0131 var idi. Bu g\u00fcn m\u0259nim 59 ya\u015f\u0131m var. B\u0259zil\u0259ri ki, hesab ed\u0259 bil\u0259r ki, bu, t\u0259sad\u00fcfd\u00fcr. Ancaq m\u0259n hesab edir\u0259m ki, burada b\u00f6y\u00fck r\u0259mzi m\u0259na var, tarix t\u0259krarlan\u0131r. Az\u0259rbaycan tarixinin qara s\u0259hif\u0259si art\u0131q arxada qald\u0131 v\u0259 yenid\u0259n biz n\u0259f\u0259s alma\u011fa ba\u015flam\u0131\u015f\u0131q&#187;, &#8212; d\u00f6vl\u0259t ba\u015f\u00e7\u0131s\u0131 bildirib.<\/p>\n","protected":false},"excerpt":{"rendered":"<p>&#171;\u018fziz dostlar, t\u0259xmin\u0259n, 40 il bundan \u0259vv\u0259l, bax, bu yerd\u0259 atam durmu\u015fdu, m\u0259n is\u0259 o t\u0259r\u0259fd\u0259 durmu\u015fdum. \u015eaxtal\u0131-qarl\u0131 havada Vaqifin m\u0259qb\u0259r\u0259sinin a\u00e7\u0131l\u0131\u015f\u0131 idi. Ondan<\/p>\n","protected":false},"author":2,"featured_media":46971,"comment_status":"closed","ping_status":"closed","sticky":false,"template":"","format":"standard","meta":{"footnotes":""},"categories":[7],"tags":[],"class_list":["post-46967","post","type-post","status-publish","format-standard","has-post-thumbnail","hentry","category-tarix"],"aioseo_notices":[],"_links":{"self":[{"href":"https:\/\/fedai.az\/index.php?rest_route=\/wp\/v2\/posts\/46967","targetHints":{"allow":["GET"]}}],"collection":[{"href":"https:\/\/fedai.az\/index.php?rest_route=\/wp\/v2\/posts"}],"about":[{"href":"https:\/\/fedai.az\/index.php?rest_route=\/wp\/v2\/types\/post"}],"author":[{"embeddable":true,"href":"https:\/\/fedai.az\/index.php?rest_route=\/wp\/v2\/users\/2"}],"replies":[{"embeddable":true,"href":"https:\/\/fedai.az\/index.php?rest_route=%2Fwp%2Fv2%2Fcomments&post=46967"}],"version-history":[{"count":1,"href":"https:\/\/fedai.az\/index.php?rest_route=\/wp\/v2\/posts\/46967\/revisions"}],"predecessor-version":[{"id":46972,"href":"https:\/\/fedai.az\/index.php?rest_route=\/wp\/v2\/posts\/46967\/revisions\/46972"}],"wp:featuredmedia":[{"embeddable":true,"href":"https:\/\/fedai.az\/index.php?rest_route=\/wp\/v2\/media\/46971"}],"wp:attachment":[{"href":"https:\/\/fedai.az\/index.php?rest_route=%2Fwp%2Fv2%2Fmedia&parent=46967"}],"wp:term":[{"taxonomy":"category","embeddable":true,"href":"https:\/\/fedai.az\/index.php?rest_route=%2Fwp%2Fv2%2Fcategories&post=46967"},{"taxonomy":"post_tag","embeddable":true,"href":"https:\/\/fedai.az\/index.php?rest_route=%2Fwp%2Fv2%2Ftags&post=46967"}],"curies":[{"name":"wp","href":"https:\/\/api.w.org\/{rel}","templated":true}]}}