{"id":46980,"date":"2021-08-31T00:22:18","date_gmt":"2021-08-30T20:22:18","guid":{"rendered":"https:\/\/fedai.az\/?p=46980"},"modified":"2021-08-31T00:22:21","modified_gmt":"2021-08-30T20:22:21","slug":"ilham-%c9%99liyev-susalilar-susaya-qayidirlar","status":"publish","type":"post","link":"https:\/\/fedai.az\/?p=46980","title":{"rendered":"\u0130lham \u018fliyev: &#171;\u015eu\u015fal\u0131lar \u015eu\u015faya qay\u0131d\u0131rlar\u201d"},"content":{"rendered":"\n<p><strong>\u201c\u018fn \u00f6n\u0259mli t\u0259dbir d\u00fcn\u0259n ya\u015fay\u0131\u015f kompleksinin t\u0259m\u0259l da\u015f\u0131n\u0131n qoyulmas\u0131 idi.Bu ya\u015fay\u0131\u015f kompleksi \u015eu\u015fan\u0131n ba\u015f plan\u0131 \u0259sas\u0131nda in\u015fa edil\u0259c\u0259k. \u015eu\u015fan\u0131n ba\u015f plan\u0131 t\u0259sdiq edildi. V\u0259 \u00e7ox m\u00fcf\u0259ss\u0259l, g\u00f6z\u0259l i\u015fl\u0259nmi\u015f pland\u0131r. Birinci m\u0259rh\u0259l\u0259d\u0259 orada 25 ya\u015fay\u0131\u015f binas\u0131n\u0131n in\u015fas\u0131 n\u0259z\u0259rd\u0259 tutulur\u201d.<\/strong><br><br>Bu s\u00f6zl\u0259ri Prezident \u0130lham \u018fliyev Vaqif Poeziya G\u00fcnl\u0259rinin a\u00e7\u0131l\u0131\u015f m\u0259rasimind\u0259 \u00e7\u0131x\u0131\u015f ed\u0259rk\u0259n deyib.\u00a0<\/p>\n\n\n\n<p><br>\u201c3-4 v\u0259 5 m\u0259rt\u0259b\u0259li ya\u015fay\u0131\u015f binalar\u0131 ki,v\u0259t\u0259nda\u015flar art\u0131q \u015fu\u015faya qay\u0131tma\u011fa ba\u015flas\u0131nlar.V\u0259 bu kompleks t\u0259dbirl\u0259ri onu g\u00f6st\u0259rir ki,\u015eu\u015fan\u0131n dir\u00e7\u0259ldilm\u0259si s\u00fcr\u0259tl\u0259 gedir v\u0259<strong> \u015eu\u015fal\u0131lar \u015eu\u015faya qay\u0131d\u0131rlar\u201d<\/strong> \u00a0&#8212; dey\u0259, <strong>\u0130lham \u018fliyev<\/strong> bildirib.<\/p>\n","protected":false},"excerpt":{"rendered":"<p>\u201c\u018fn \u00f6n\u0259mli t\u0259dbir d\u00fcn\u0259n ya\u015fay\u0131\u015f kompleksinin t\u0259m\u0259l da\u015f\u0131n\u0131n qoyulmas\u0131 idi.Bu ya\u015fay\u0131\u015f kompleksi \u015eu\u015fan\u0131n ba\u015f plan\u0131 \u0259sas\u0131nda in\u015fa edil\u0259c\u0259k. \u015eu\u015fan\u0131n ba\u015f plan\u0131 t\u0259sdiq edildi. V\u0259<\/p>\n","protected":false},"author":2,"featured_media":46869,"comment_status":"closed","ping_status":"closed","sticky":false,"template":"","format":"standard","meta":{"footnotes":""},"categories":[4],"tags":[],"class_list":["post-46980","post","type-post","status-publish","format-standard","has-post-thumbnail","hentry","category-qarabag"],"aioseo_notices":[],"_links":{"self":[{"href":"https:\/\/fedai.az\/index.php?rest_route=\/wp\/v2\/posts\/46980","targetHints":{"allow":["GET"]}}],"collection":[{"href":"https:\/\/fedai.az\/index.php?rest_route=\/wp\/v2\/posts"}],"about":[{"href":"https:\/\/fedai.az\/index.php?rest_route=\/wp\/v2\/types\/post"}],"author":[{"embeddable":true,"href":"https:\/\/fedai.az\/index.php?rest_route=\/wp\/v2\/users\/2"}],"replies":[{"embeddable":true,"href":"https:\/\/fedai.az\/index.php?rest_route=%2Fwp%2Fv2%2Fcomments&post=46980"}],"version-history":[{"count":1,"href":"https:\/\/fedai.az\/index.php?rest_route=\/wp\/v2\/posts\/46980\/revisions"}],"predecessor-version":[{"id":46981,"href":"https:\/\/fedai.az\/index.php?rest_route=\/wp\/v2\/posts\/46980\/revisions\/46981"}],"wp:featuredmedia":[{"embeddable":true,"href":"https:\/\/fedai.az\/index.php?rest_route=\/wp\/v2\/media\/46869"}],"wp:attachment":[{"href":"https:\/\/fedai.az\/index.php?rest_route=%2Fwp%2Fv2%2Fmedia&parent=46980"}],"wp:term":[{"taxonomy":"category","embeddable":true,"href":"https:\/\/fedai.az\/index.php?rest_route=%2Fwp%2Fv2%2Fcategories&post=46980"},{"taxonomy":"post_tag","embeddable":true,"href":"https:\/\/fedai.az\/index.php?rest_route=%2Fwp%2Fv2%2Ftags&post=46980"}],"curies":[{"name":"wp","href":"https:\/\/api.w.org\/{rel}","templated":true}]}}