{"id":46982,"date":"2021-08-31T00:39:38","date_gmt":"2021-08-30T20:39:38","guid":{"rendered":"https:\/\/fedai.az\/?p=46982"},"modified":"2021-08-31T00:39:43","modified_gmt":"2021-08-30T20:39:43","slug":"talibanin-sozcusu-turkiy%c9%99-%c9%99fqanistanla-%c9%99laq%c9%99l%c9%99r-quran-ilk-olk%c9%99-olacaq","status":"publish","type":"post","link":"https:\/\/fedai.az\/?p=46982","title":{"rendered":"Taliban\u0131n s\u00f6z\u00e7\u00fcs\u00fc: &#171;T\u00fcrkiy\u0259 \u018ffqan\u0131stanla \u0259laq\u0259l\u0259r quran ilk \u00f6lk\u0259 olacaq\u201d"},"content":{"rendered":"\n<p><strong>\u018ffqan\u0131stan S\u00fclh \u015euras\u0131n\u0131n s\u0259dri \u018fzizullah Din M\u0259h\u0259mm\u0259d T\u00fcrkiy\u0259nin \u00f6lk\u0259sind\u0259ki f\u0259aliyy\u0259tl\u0259ri il\u0259 ba\u011fl\u0131 a\u00e7\u0131qlama verib.<\/strong><\/p>\n\n\n\n<p>O, bildirib ki, T\u00fcrkl\u0259rl\u0259 \u0259fqanlar aras\u0131nda tarixi ba\u011flar\u0131n oldu\u011funu qeyd ed\u0259n \u015fura s\u0259dri \u018ffqan\u0131standa yeni h\u00f6kum\u0259t qurulduqdan sonra T\u00fcrkiy\u0259d\u0259n iqtisadiyyat v\u0259 t\u0259hsil\u0259 d\u0259st\u0259k g\u00f6zl\u0259diyini bildirib.<\/p>\n\n\n\n<p>H\u0259m\u00e7inin M\u0259h\u0259mm\u0259d Prezident R\u0259c\u0259b Tayyib \u018frdo\u011fan\u0131n art\u0131q \u018ffqan\u0131stana \u00f6z d\u0259st\u0259yini ifad\u0259 etdiyini vur\u011fulay\u0131b: \u201cYeni h\u00f6kum\u0259t qurulsa, inan\u0131ram ki, T\u00fcrkiy\u0259d\u0259n d\u0259st\u0259k alaca\u011f\u0131q. \u0130nan\u0131ram ki, T\u00fcrkiy\u0259 \u018ffqan\u0131stanla \u0259laq\u0259l\u0259r quran ilk \u00f6lk\u0259 olacaq\u201d.<\/p>\n\n\n\n<p>M\u0259h\u0259mm\u0259d Taliban\u0131n \u201c\u018ffqan\u0131standa he\u00e7 bir xarici q\u00fcvv\u0259nin qalmas\u0131n\u0131 ist\u0259mirik\u201d b\u0259yanat\u0131na da toxunub:<\/p>\n\n\n\n<p><strong>\u201cBu t\u00fcrk h\u0259rbi q\u00fcvv\u0259l\u0259ri il\u0259 \u0259laq\u0259li deyil, NATO-ya \u00fcnvanlanm\u0131\u015f x\u0259b\u0259rdarl\u0131qd\u0131r. Taliban NATO-nun \u018ffqan\u0131standa h\u0259rbi q\u00fcvv\u0259 saxlamas\u0131n\u0131 ist\u0259mir. \u00dcmid edir\u0259m ki, yeni r\u0259hb\u0259rlik T\u00fcrkiy\u0259 il\u0259 m\u00fcst\u0259qil \u0259laq\u0259l\u0259r quracaq. T\u00fcrk ordusu yenid\u0259n bura g\u0259l\u0259c\u0259k v\u0259 m\u00fcnasib\u0259tl\u0259r daha da s\u0131x \u015f\u0259kild\u0259 davam ed\u0259c\u0259k\u201d.<\/strong><\/p>\n","protected":false},"excerpt":{"rendered":"<p>\u018ffqan\u0131stan S\u00fclh \u015euras\u0131n\u0131n s\u0259dri \u018fzizullah Din M\u0259h\u0259mm\u0259d T\u00fcrkiy\u0259nin \u00f6lk\u0259sind\u0259ki f\u0259aliyy\u0259tl\u0259ri il\u0259 ba\u011fl\u0131 a\u00e7\u0131qlama verib. O, bildirib ki, T\u00fcrkl\u0259rl\u0259 \u0259fqanlar aras\u0131nda tarixi ba\u011flar\u0131n oldu\u011funu qeyd<\/p>\n","protected":false},"author":2,"featured_media":46903,"comment_status":"closed","ping_status":"closed","sticky":false,"template":"","format":"standard","meta":{"footnotes":""},"categories":[13],"tags":[],"class_list":["post-46982","post","type-post","status-publish","format-standard","has-post-thumbnail","hentry","category-xarici"],"aioseo_notices":[],"_links":{"self":[{"href":"https:\/\/fedai.az\/index.php?rest_route=\/wp\/v2\/posts\/46982","targetHints":{"allow":["GET"]}}],"collection":[{"href":"https:\/\/fedai.az\/index.php?rest_route=\/wp\/v2\/posts"}],"about":[{"href":"https:\/\/fedai.az\/index.php?rest_route=\/wp\/v2\/types\/post"}],"author":[{"embeddable":true,"href":"https:\/\/fedai.az\/index.php?rest_route=\/wp\/v2\/users\/2"}],"replies":[{"embeddable":true,"href":"https:\/\/fedai.az\/index.php?rest_route=%2Fwp%2Fv2%2Fcomments&post=46982"}],"version-history":[{"count":1,"href":"https:\/\/fedai.az\/index.php?rest_route=\/wp\/v2\/posts\/46982\/revisions"}],"predecessor-version":[{"id":46983,"href":"https:\/\/fedai.az\/index.php?rest_route=\/wp\/v2\/posts\/46982\/revisions\/46983"}],"wp:featuredmedia":[{"embeddable":true,"href":"https:\/\/fedai.az\/index.php?rest_route=\/wp\/v2\/media\/46903"}],"wp:attachment":[{"href":"https:\/\/fedai.az\/index.php?rest_route=%2Fwp%2Fv2%2Fmedia&parent=46982"}],"wp:term":[{"taxonomy":"category","embeddable":true,"href":"https:\/\/fedai.az\/index.php?rest_route=%2Fwp%2Fv2%2Fcategories&post=46982"},{"taxonomy":"post_tag","embeddable":true,"href":"https:\/\/fedai.az\/index.php?rest_route=%2Fwp%2Fv2%2Ftags&post=46982"}],"curies":[{"name":"wp","href":"https:\/\/api.w.org\/{rel}","templated":true}]}}