{"id":46997,"date":"2021-08-31T01:25:14","date_gmt":"2021-08-30T21:25:14","guid":{"rendered":"https:\/\/fedai.az\/?p=46997"},"modified":"2021-08-31T01:25:18","modified_gmt":"2021-08-30T21:25:18","slug":"ilham-%c9%99liyev-v%c9%99-xanimi-susada-s%c9%99rgil%c9%99rl%c9%99-tanis-oldu","status":"publish","type":"post","link":"https:\/\/fedai.az\/?p=46997","title":{"rendered":"\u0130lham \u018fliyev v\u0259 xan\u0131m\u0131 \u015eu\u015fada s\u0259rgil\u0259rl\u0259 tan\u0131\u015f oldu"},"content":{"rendered":"\n<p><strong>Az\u0259rbaycan Respublikas\u0131n\u0131n Prezidenti \u0130lham \u018fliyev v\u0259 birinci xan\u0131m Mehriban \u018fliyeva avqustun 30-da \u015eu\u015fada ke\u00e7iril\u0259n Vaqif Poeziya G\u00fcnl\u0259ri \u00e7\u0259r\u00e7iv\u0259sind\u0259 Heyd\u0259r \u018fliyev Fondu t\u0259r\u0259find\u0259n t\u0259\u015fkil edil\u0259n \u201cQaraba\u011f Az\u0259rbaycan m\u0259d\u0259niyy\u0259tinin incisidir\u201d v\u0259 \u201cYenid\u0259n do\u011fma diyarda. Qaraba\u011f\u0131n s\u0259n\u0259t incil\u0259ri\u201d s\u0259rgil\u0259ri il\u0259 tan\u0131\u015f olublar.<\/strong><\/p>\n\n\n\n<p>&nbsp;Prezident \u0130lham \u018fliyev v\u0259 birinci xan\u0131m Mehriban \u018fliyeva \u0259vv\u0259lc\u0259 \u015eu\u015fa R\u0259sm Qalereyas\u0131nda \u201cQaraba\u011f Az\u0259rbaycan m\u0259d\u0259niyy\u0259tinin incisidir\u201d adl\u0131 s\u0259rgi il\u0259 tan\u0131\u015f olublar.<\/p>\n\n\n\n<figure class=\"wp-block-image size-large is-resized\"><img loading=\"lazy\" decoding=\"async\" src=\"https:\/\/fedai.az\/wp-content\/uploads\/2021\/08\/prezident-mehriban-sergi.jpg\" alt=\"\" class=\"wp-image-46998\" width=\"885\" height=\"537\" srcset=\"https:\/\/fedai.az\/wp-content\/uploads\/2021\/08\/prezident-mehriban-sergi.jpg 640w, https:\/\/fedai.az\/wp-content\/uploads\/2021\/08\/prezident-mehriban-sergi-300x182.jpg 300w, https:\/\/fedai.az\/wp-content\/uploads\/2021\/08\/prezident-mehriban-sergi-150x91.jpg 150w\" sizes=\"auto, (max-width: 885px) 100vw, 885px\" \/><\/figure>\n\n\n\n<p>Qeyd ed\u0259k ki, Qaraba\u011f Az\u0259rbaycan inc\u0259s\u0259n\u0259tinin v\u0259 m\u0259d\u0259niyy\u0259tinin m\u0259rk\u0259zi kimi q\u0259dim tarix\u0259 sahibdir. \u0130\u015f\u011fal d\u00f6vr\u00fcnd\u0259 talan edil\u0259n muzeyl\u0259rd\u0259 Az\u0259rbaycana m\u0259xsus qiym\u0259tli tarix v\u0259 m\u0259d\u0259niyy\u0259t n\u00fcmun\u0259l\u0259ri, d\u00fcnyada m\u0259\u015fhur Az\u0259rbaycan xal\u00e7alar\u0131 v\u0259 Az\u0259rbaycan\u0131n g\u00f6rk\u0259mli \u015f\u0259xsiyy\u0259tl\u0259rinin xatir\u0259 \u0259\u015fyalar\u0131, h\u0259m\u00e7inin dig\u0259r d\u0259y\u0259rli eksponatlar olub. M\u0259hv edil\u0259n h\u0259min x\u0259zin\u0259l\u0259r t\u0259kc\u0259 Az\u0259rbaycan\u0131n yox, h\u0259m d\u0259 b\u00fct\u00fcn d\u00fcnya m\u0259d\u0259niyy\u0259tinin n\u00fcmun\u0259l\u0259ri idi.<\/p>\n","protected":false},"excerpt":{"rendered":"<p>Az\u0259rbaycan Respublikas\u0131n\u0131n Prezidenti \u0130lham \u018fliyev v\u0259 birinci xan\u0131m Mehriban \u018fliyeva avqustun 30-da \u015eu\u015fada ke\u00e7iril\u0259n Vaqif Poeziya G\u00fcnl\u0259ri \u00e7\u0259r\u00e7iv\u0259sind\u0259 Heyd\u0259r \u018fliyev Fondu t\u0259r\u0259find\u0259n t\u0259\u015fkil edil\u0259n<\/p>\n","protected":false},"author":2,"featured_media":46999,"comment_status":"closed","ping_status":"closed","sticky":false,"template":"","format":"standard","meta":{"footnotes":""},"categories":[4],"tags":[],"class_list":["post-46997","post","type-post","status-publish","format-standard","has-post-thumbnail","hentry","category-qarabag"],"aioseo_notices":[],"_links":{"self":[{"href":"https:\/\/fedai.az\/index.php?rest_route=\/wp\/v2\/posts\/46997","targetHints":{"allow":["GET"]}}],"collection":[{"href":"https:\/\/fedai.az\/index.php?rest_route=\/wp\/v2\/posts"}],"about":[{"href":"https:\/\/fedai.az\/index.php?rest_route=\/wp\/v2\/types\/post"}],"author":[{"embeddable":true,"href":"https:\/\/fedai.az\/index.php?rest_route=\/wp\/v2\/users\/2"}],"replies":[{"embeddable":true,"href":"https:\/\/fedai.az\/index.php?rest_route=%2Fwp%2Fv2%2Fcomments&post=46997"}],"version-history":[{"count":1,"href":"https:\/\/fedai.az\/index.php?rest_route=\/wp\/v2\/posts\/46997\/revisions"}],"predecessor-version":[{"id":47000,"href":"https:\/\/fedai.az\/index.php?rest_route=\/wp\/v2\/posts\/46997\/revisions\/47000"}],"wp:featuredmedia":[{"embeddable":true,"href":"https:\/\/fedai.az\/index.php?rest_route=\/wp\/v2\/media\/46999"}],"wp:attachment":[{"href":"https:\/\/fedai.az\/index.php?rest_route=%2Fwp%2Fv2%2Fmedia&parent=46997"}],"wp:term":[{"taxonomy":"category","embeddable":true,"href":"https:\/\/fedai.az\/index.php?rest_route=%2Fwp%2Fv2%2Fcategories&post=46997"},{"taxonomy":"post_tag","embeddable":true,"href":"https:\/\/fedai.az\/index.php?rest_route=%2Fwp%2Fv2%2Ftags&post=46997"}],"curies":[{"name":"wp","href":"https:\/\/api.w.org\/{rel}","templated":true}]}}