{"id":47013,"date":"2021-08-31T01:52:35","date_gmt":"2021-08-30T21:52:35","guid":{"rendered":"https:\/\/fedai.az\/?p=47013"},"modified":"2021-08-31T15:24:04","modified_gmt":"2021-08-31T11:24:04","slug":"qafan-gorus-yolunun-baglanmasi-pasinyana-cavabdir-sosial-media-istifad%c9%99cil%c9%99ri-n%c9%99-yazirlar%ca%94","status":"publish","type":"post","link":"https:\/\/fedai.az\/?p=47013","title":{"rendered":"Qafan-Gorus yolunun ba\u011flanmas\u0131 &#171;Pa\u015finyana cavabd\u0131r&#187; &#8212; sosial media istifad\u0259\u00e7il\u0259ri n\u0259 yaz\u0131rlar\u0294"},"content":{"rendered":"\n<p><strong>Erm\u0259nistan Milli T\u0259hl\u00fck\u0259sizlik Xidm\u0259tinin yayd\u0131\u011f\u0131 m\u0259lumatda Az\u0259rbaycan\u0131n Qafan-Gorus yolunun Karmrakar-\u015eurnux k\u0259ndl\u0259ri \u0259razisind\u0259 olan hiss\u0259sini ba\u011flad\u0131\u011f\u0131 bildirilir.<\/strong><\/p>\n\n\n\n<p>Az\u0259rbaycan t\u0259r\u0259find\u0259n h\u0259l\u0259 ki, yolun ba\u011flanmas\u0131 il\u0259 ba\u011fl\u0131 reaksiya yoxdur, ancaq h\u0259m Erm\u0259nistan, h\u0259m d\u0259 Az\u0259rbaycan sosial media i\u015ftirak\u00e7\u0131lar\u0131 yolun ba\u011flanmas\u0131 x\u0259b\u0259rini f\u0259al \u015f\u0259kild\u0259 m\u00fczakir\u0259 edirl\u0259r.<\/p>\n\n\n\n<figure class=\"wp-block-embed is-type-rich is-provider-twitter wp-block-embed-twitter\"><div class=\"wp-block-embed__wrapper\">\n<blockquote class=\"twitter-tweet\" data-width=\"550\" data-dnt=\"true\"><p lang=\"en\" dir=\"ltr\">Trucks parked on the side of the road waiting for the Goris-Kapan road to open\u2026<br><br>I took this video just moments ago. <a href=\"https:\/\/t.co\/ETe9yywRzH\">pic.twitter.com\/ETe9yywRzH<\/a><\/p>&mdash; Dickran Khodanian (@DKhodanian) <a href=\"https:\/\/twitter.com\/DKhodanian\/status\/1431182280735608832?ref_src=twsrc%5Etfw\">August 27, 2021<\/a><\/blockquote><script async src=\"https:\/\/platform.twitter.com\/widgets.js\" charset=\"utf-8\"><\/script>\n<\/div><\/figure>\n\n\n\n<p>@DKhodanian adl\u0131 Twitter istifad\u0259\u00e7isi video payla\u015faraq videonu Qafan-Gorus yolunda \u00e7\u0259kdiyini iddia edir. Videoda yol k\u0259narlar\u0131nda d\u00fcz\u00fclm\u00fc\u015f y\u00fck avtomobill\u0259ri g\u00f6r\u00fcn\u00fcr. M\u00fc\u0259llif iddia edir ki, avtomobill\u0259r yolun a\u00e7\u0131lmas\u0131n\u0131 g\u00f6zl\u0259yir.<\/p>\n\n\n\n<p>@A_Melikishvili is\u0259 hesab edir ki, bu add\u0131m Erm\u0259nistan\u0131n ba\u015f naziri Nikol Pa\u015finyana Az\u0259r\u00e7baycan\u0131n cavab\u0131d\u0131r. Erm\u0259nistan parlamentind\u0259ki son \u00e7\u0131x\u0131\u015f\u0131nda Pa\u015finyan Az\u0259rbaycandan Nax\u00e7\u0131vana Z\u0259ng\u0259zur d\u0259hlizinin verilm\u0259y\u0259c\u0259yini bildirmi\u015fdi.<\/p>\n\n\n\n<p>\u00d6z tvitind\u0259 @infocom_am bildirir ki, Qafan-Gorus yolunun a\u00e7\u0131lmas\u0131 il\u0259 ba\u011fl\u0131 Erm\u0259nistan, Rusiya v\u0259 Az\u0259rbaycan aras\u0131nda ke\u00e7irilmi\u015f \u00fc\u00e7t\u0259r\u0259fli g\u00f6r\u00fc\u015fl\u0259r u\u011fursuz olub v\u0259 bu g\u00fcn d\u0259 davam etdiril\u0259c\u0259k.<\/p>\n\n\n\n<figure class=\"wp-block-embed is-type-rich is-provider-twitter wp-block-embed-twitter\"><div class=\"wp-block-embed__wrapper\">\n<blockquote class=\"twitter-tweet\" data-width=\"550\" data-dnt=\"true\"><p lang=\"en\" dir=\"ltr\">For people asking why didn&#39;t Armenia build alternate route in the past 9 months, it&#39;s because there isn&#39;t one. The Tatev route being paved now has always been treacherous, cars should be able to get by but not trucks. Nothing short of a completely new road elsewhere will suffice.<\/p>&mdash; Paul Vartan \ud83c\udde6\ud83c\uddf2\ud83e\udd96. \ud83c\udde6\ud83c\uddfc\ud83c\uddec\ud83c\uddea\ud83c\udde6\ud83c\uddff\ud83d\udc0e\ud83e\udd9e\ud83d\udc40\ud83c\udf63\ud83c\udf6f\ud83e\uddf8 (@vartan84) <a href=\"https:\/\/twitter.com\/vartan84\/status\/1431063678791692291?ref_src=twsrc%5Etfw\">August 27, 2021<\/a><\/blockquote><script async src=\"https:\/\/platform.twitter.com\/widgets.js\" charset=\"utf-8\"><\/script>\n<\/div><\/figure>\n\n\n\n<p>@vartan84 alernativ yolla ba\u011fl\u0131 sual ver\u0259nl\u0259r\u0259 cavab olaraq yaz\u0131r ki, bel\u0259 bir yol yoxdur. &#171;\u0130ndi sal\u0131nmaqda olan Tatev yolu h\u0259mi\u015f\u0259 t\u0259hl\u00fck\u0259li olub, s\u0259rni\u015fin avtomobill\u0259ri h\u0259r\u0259k\u0259t ed\u0259 bilir, y\u00fck ma\u015f\u0131nlar\u0131 is\u0259 yox&#187;, o yaz\u0131r.<\/p>\n\n\n\n<figure class=\"wp-block-embed is-type-rich is-provider-twitter wp-block-embed-twitter\"><div class=\"wp-block-embed__wrapper\">\n<blockquote class=\"twitter-tweet\" data-width=\"550\" data-dnt=\"true\"><p lang=\"en\" dir=\"ltr\">Azerbaijani servicemen driving on the now-shut Goris-Kapan road. <a href=\"https:\/\/t.co\/Op7EWxBvxl\">pic.twitter.com\/Op7EWxBvxl<\/a><\/p>&mdash; 301\ud83c\udde6\ud83c\uddf2 (@301_AD) <a href=\"https:\/\/twitter.com\/301_AD\/status\/1431202748100452356?ref_src=twsrc%5Etfw\">August 27, 2021<\/a><\/blockquote><script async src=\"https:\/\/platform.twitter.com\/widgets.js\" charset=\"utf-8\"><\/script>\n<\/div><\/figure>\n\n\n\n<p>@301_AD is\u0259 Gorus-Qapan yolundan video payla\u015faraq g\u00f6r\u00fcnt\u00fcl\u0259rin az\u0259rbaycanl\u0131 h\u0259rb\u00e7il\u0259r t\u0259r\u0259find\u0259n \u00e7\u0259kildiyini yaz\u0131r.<\/p>\n\n\n\n<p>@ArtsakhLive Twitter hesab\u0131 is\u0259 \u0259sg\u0259rl\u0259rin yolu k\u0259sdiyini g\u00f6st\u0259r\u0259n \u015f\u0259kil payla\u015f\u0131b.<\/p>\n\n\n\n<figure class=\"wp-block-embed is-type-rich is-provider-twitter wp-block-embed-twitter\"><div class=\"wp-block-embed__wrapper\">\n<blockquote class=\"twitter-tweet\" data-width=\"550\" data-dnt=\"true\"><p lang=\"en\" dir=\"ltr\"><a href=\"https:\/\/twitter.com\/hashtag\/GorisKapan?src=hash&amp;ref_src=twsrc%5Etfw\">#GorisKapan<\/a> road case is an excellent example of <a href=\"https:\/\/twitter.com\/hashtag\/ARMenia?src=hash&amp;ref_src=twsrc%5Etfw\">#ARMenia<\/a>|ns from one town travelling to another ARM town via <a href=\"https:\/\/twitter.com\/hashtag\/Azerbaijan?src=hash&amp;ref_src=twsrc%5Etfw\">#Azerbaijan<\/a>|i territory. No border check. No customs check. In return, AZEs from AZE proper could travel to Nakhchivan. Too bad we are losing another peace opportunity.<\/p>&mdash; Ahmad Alili (@AhmadAlili) <a href=\"https:\/\/twitter.com\/AhmadAlili\/status\/1430977651884371968?ref_src=twsrc%5Etfw\">August 26, 2021<\/a><\/blockquote><script async src=\"https:\/\/platform.twitter.com\/widgets.js\" charset=\"utf-8\"><\/script>\n<\/div><\/figure>\n\n\n\n<p>@AhmadAlili yaz\u0131r ki, Qafan-Gorus yolu il\u0259 ba\u011fl\u0131 hadis\u0259 bir erm\u0259ni k\u0259ndind\u0259n insanlar\u0131n Az\u0259rbaycan \u0259razisind\u0259n ke\u00e7m\u0259kl\u0259 dig\u0259r erm\u0259ni k\u0259ndin\u0259 s\u0259yah\u0259t etm\u0259sin\u0259 dair &#171;\u0259la n\u00fcmun\u0259dir&#187;.<\/p>\n\n\n\n<p>&#171;S\u0259rh\u0259dd\u0259 he\u00e7 bir yoxlama, he\u00e7 bir g\u00f6mr\u00fck n\u0259zar\u0259ti yoxdur. \u018fv\u0259zind\u0259 is\u0259 az\u0259rbaycanl\u0131lar da Az\u0259rbaycan\u0131n \u0259sas \u0259razisind\u0259n Nax\u00e7\u0131vana s\u0259yah\u0259t ed\u0259 bil\u0259rdil\u0259r&#187;, o tvit edir.<\/p>\n\n\n\n<figure class=\"wp-block-embed is-type-rich is-provider-twitter wp-block-embed-twitter\"><div class=\"wp-block-embed__wrapper\">\n<blockquote class=\"twitter-tweet\" data-width=\"550\" data-dnt=\"true\"><p lang=\"en\" dir=\"ltr\">Azeri forces are blocking the Goris-Kapan international highway, which is vital for the Armenian security &amp; economy. I call to take urgent action <a href=\"https:\/\/twitter.com\/coe?ref_src=twsrc%5Etfw\">@coe<\/a> <a href=\"https:\/\/twitter.com\/PACE_President?ref_src=twsrc%5Etfw\">@PACE_President<\/a> <a href=\"https:\/\/twitter.com\/PACE_News?ref_src=twsrc%5Etfw\">@PACE_News<\/a> <a href=\"https:\/\/twitter.com\/Europarl_EN?ref_src=twsrc%5Etfw\">@Europarl_EN<\/a> <a href=\"https:\/\/twitter.com\/EmmanuelMacron?ref_src=twsrc%5Etfw\">@EmmanuelMacron<\/a> <a href=\"https:\/\/twitter.com\/KremlinRussia_E?ref_src=twsrc%5Etfw\">@KremlinRussia_E<\/a> <a href=\"https:\/\/twitter.com\/FrankPallone?ref_src=twsrc%5Etfw\">@FrankPallone<\/a> <a href=\"https:\/\/twitter.com\/RepAdamSchiff?ref_src=twsrc%5Etfw\">@RepAdamSchiff<\/a> <a href=\"https:\/\/twitter.com\/eucopresident?ref_src=twsrc%5Etfw\">@eucopresident<\/a> <a href=\"https:\/\/twitter.com\/UN?ref_src=twsrc%5Etfw\">@un<\/a> <a href=\"https:\/\/twitter.com\/POTUS?ref_src=twsrc%5Etfw\">@POTUS<\/a><\/p>&mdash; Edmon Marukyan (@edmarukyan) <a href=\"https:\/\/twitter.com\/edmarukyan\/status\/1430969862491459590?ref_src=twsrc%5Etfw\">August 26, 2021<\/a><\/blockquote><script async src=\"https:\/\/platform.twitter.com\/widgets.js\" charset=\"utf-8\"><\/script>\n<\/div><\/figure>\n\n\n\n<p>@edmarukyan adl\u0131 Twitter istifad\u00e7isi is\u0259 Az\u0259rbaycan q\u00fcvv\u0259l\u0259rinin Qafan-Gorus yolunu ba\u011flad\u0131\u011f\u0131n\u0131 xat\u0131rlad\u0131r v\u0259 yaz\u0131r ki, bu yol Erm\u0259nistan\u0131n t\u0259hl\u00fck\u0259sizliyi v\u0259 iqtisadiyyat\u0131 \u00fc\u00e7\u00fcn h\u0259yati \u0259h\u0259miyy\u0259tlidir.<\/p>\n\n\n\n<p>&#171;Az\u0259rbaycan\u0131n 50-75 \u0259sg\u0259rinin qanunsuz olaraq Erm\u0259nistan\u0131n S\u00fcnik \u0259yal\u0259tind\u0259ki Gorus-Qafan yolunu ba\u011flamas\u0131ndan art\u0131q 24 saat ke\u00e7ib. 09\/11\/2020 at\u0259\u015fk\u0259sind\u0259n sonra Bak\u0131 rus s\u0259rh\u0259d\u00e7il\u0259rinin yola v\u0259 Erm\u0259nistanla s\u0259rh\u0259d\u0259 n\u0259zar\u0259t ed\u0259c\u0259yin\u0259 raz\u0131l\u0131q verib, indi is\u0259 h\u0259mi\u015f\u0259ki kimi, onu pozur&#187;, @StyopaS bel\u0259 tvit edib.<\/p>\n\n\n\n<p>Qafan-Gorus avtomobil yolunun Karmrakar v\u0259 \u015eurnux k\u0259ndind\u0259n ke\u00e7\u0259n hiss\u0259l\u0259ri Az\u0259rbaycan \u0259razisin\u0259 d\u00fc\u015f\u00fcr v\u0259 h\u0259min b\u00f6lg\u0259d\u0259 yola Az\u0259rbaycan h\u0259rb\u00e7il\u0259ri n\u0259zar\u0259t edirl\u0259r.<\/p>\n\n\n\n<p>BBC-nin Erm\u0259nistandak\u0131 m\u00fcxbiri x\u0259b\u0259r verir ki, Qafan-GorUs yolunun ba\u011flanmas\u0131 il\u0259 Erm\u0259nistandan \u0130rana ged\u0259n yol da ba\u011flan\u0131b v\u0259 y\u00fczl\u0259rl\u0259 ma\u015f\u0131n yolun h\u0259r iki t\u0259r\u0259find\u0259 h\u0259r\u0259k\u0259tsiz qal\u0131b.<\/p>\n\n\n\n<p>M\u0259nb\u0259: BBC Az\u0259rbaycan<\/p>\n","protected":false},"excerpt":{"rendered":"<p>Erm\u0259nistan Milli T\u0259hl\u00fck\u0259sizlik Xidm\u0259tinin yayd\u0131\u011f\u0131 m\u0259lumatda Az\u0259rbaycan\u0131n Qafan-Gorus yolunun Karmrakar-\u015eurnux k\u0259ndl\u0259ri \u0259razisind\u0259 olan hiss\u0259sini ba\u011flad\u0131\u011f\u0131 bildirilir. Az\u0259rbaycan t\u0259r\u0259find\u0259n h\u0259l\u0259 ki, yolun ba\u011flanmas\u0131 il\u0259 ba\u011fl\u0131<\/p>\n","protected":false},"author":2,"featured_media":47014,"comment_status":"closed","ping_status":"closed","sticky":false,"template":"","format":"standard","meta":{"footnotes":""},"categories":[4],"tags":[],"class_list":["post-47013","post","type-post","status-publish","format-standard","has-post-thumbnail","hentry","category-qarabag"],"aioseo_notices":[],"_links":{"self":[{"href":"https:\/\/fedai.az\/index.php?rest_route=\/wp\/v2\/posts\/47013","targetHints":{"allow":["GET"]}}],"collection":[{"href":"https:\/\/fedai.az\/index.php?rest_route=\/wp\/v2\/posts"}],"about":[{"href":"https:\/\/fedai.az\/index.php?rest_route=\/wp\/v2\/types\/post"}],"author":[{"embeddable":true,"href":"https:\/\/fedai.az\/index.php?rest_route=\/wp\/v2\/users\/2"}],"replies":[{"embeddable":true,"href":"https:\/\/fedai.az\/index.php?rest_route=%2Fwp%2Fv2%2Fcomments&post=47013"}],"version-history":[{"count":2,"href":"https:\/\/fedai.az\/index.php?rest_route=\/wp\/v2\/posts\/47013\/revisions"}],"predecessor-version":[{"id":47099,"href":"https:\/\/fedai.az\/index.php?rest_route=\/wp\/v2\/posts\/47013\/revisions\/47099"}],"wp:featuredmedia":[{"embeddable":true,"href":"https:\/\/fedai.az\/index.php?rest_route=\/wp\/v2\/media\/47014"}],"wp:attachment":[{"href":"https:\/\/fedai.az\/index.php?rest_route=%2Fwp%2Fv2%2Fmedia&parent=47013"}],"wp:term":[{"taxonomy":"category","embeddable":true,"href":"https:\/\/fedai.az\/index.php?rest_route=%2Fwp%2Fv2%2Fcategories&post=47013"},{"taxonomy":"post_tag","embeddable":true,"href":"https:\/\/fedai.az\/index.php?rest_route=%2Fwp%2Fv2%2Ftags&post=47013"}],"curies":[{"name":"wp","href":"https:\/\/api.w.org\/{rel}","templated":true}]}}