{"id":47016,"date":"2021-08-31T02:03:25","date_gmt":"2021-08-30T22:03:25","guid":{"rendered":"https:\/\/fedai.az\/?p=47016"},"modified":"2021-08-31T23:35:58","modified_gmt":"2021-08-31T19:35:58","slug":"boyuk-az%c9%99rbaycan-sairi-%c9%99min-abid-gult%c9%99kin","status":"publish","type":"post","link":"https:\/\/fedai.az\/?p=47016","title":{"rendered":"B\u00d6Y\u00dcK AZ\u018fRBAYCAN \u015eA\u0130R\u0130 \u018fM\u0130N AB\u0130D G\u00dcLT\u018fK\u0130N"},"content":{"rendered":"\n<p><strong>Bu g\u00fcn h\u0259m d\u0259 onun g\u00fcn\u00fcd\u00fcr. M\u0259bud deyib tap\u0131nd\u0131\u011f\u0131 \u00fc\u00e7 r\u0259ngli bayraq namin\u0259 \u00f6z\u00fcn\u00fc f\u0259da etmi\u015f b\u00f6y\u00fck \u015fair v\u0259 b\u00f6y\u00fck alilm \u018fmin Abid G\u00fclt\u0259kinin-\u018fhm\u0259dov \u018fmin M\u00fct\u0259llib o\u011flunun (1898-1938) g\u00fcn\u00fc.<\/strong><\/p>\n\n\n\n<figure class=\"wp-block-image size-large is-resized\"><img loading=\"lazy\" decoding=\"async\" src=\"https:\/\/fedai.az\/wp-content\/uploads\/2021\/08\/4By023.jpg\" alt=\"\" class=\"wp-image-47017\" width=\"897\" height=\"1259\" srcset=\"https:\/\/fedai.az\/wp-content\/uploads\/2021\/08\/4By023.jpg 604w, https:\/\/fedai.az\/wp-content\/uploads\/2021\/08\/4By023-214x300.jpg 214w, https:\/\/fedai.az\/wp-content\/uploads\/2021\/08\/4By023-107x150.jpg 107w\" sizes=\"auto, (max-width: 897px) 100vw, 897px\" \/><\/figure>\n\n\n\n<p><strong>S\u0259n bizims\u0259n, bizims\u0259n durduqca b\u0259d\u0259nd\u0259 can,<br>Ya\u015fa &#8212; ya\u015fa \u00e7ox ya\u015fa, ey \u015fanl\u0131 Az\u0259rbaycan!<\/strong><\/p>\n\n\n\n<p>M\u0259h\u0259mm\u0259d \u018fmin R\u0259sulzad\u0259 Amerikan\u0131n S\u0259si radiosunda 28 may 1953-c\u00fc ild\u0259 \u0130stiqlaliyy\u0259t G\u00fcn\u00fc m\u00fcnasib\u0259til\u0259 bizim mill\u0259t\u0259 m\u00fcraci\u0259tind\u0259 bu s\u00f6zl\u0259ri s\u0259sl\u0259ndirmi\u015fdi. Amma onlar\u0131n m\u00fc\u0259llifi M\u0259h\u0259mm\u0259d \u018fmin deyil.<\/p>\n\n\n\n<figure class=\"wp-block-image size-large is-resized\"><img loading=\"lazy\" decoding=\"async\" src=\"https:\/\/fedai.az\/wp-content\/uploads\/2021\/08\/975V50.jpg\" alt=\"\" class=\"wp-image-47018\" width=\"889\" height=\"1514\" srcset=\"https:\/\/fedai.az\/wp-content\/uploads\/2021\/08\/975V50.jpg 320w, https:\/\/fedai.az\/wp-content\/uploads\/2021\/08\/975V50-176x300.jpg 176w, https:\/\/fedai.az\/wp-content\/uploads\/2021\/08\/975V50-88x150.jpg 88w\" sizes=\"auto, (max-width: 889px) 100vw, 889px\" \/><\/figure>\n\n\n\n<p> \u015eeir Stalin repressiylar\u0131n\u0131n qurbanI \u018fmin Abid G\u00fclt\u0259kin t\u0259r\u0259find\u0259n 28 may 1919-cu ild\u0259 yaz\u0131lm\u0131\u015fd\u0131r:<\/p>\n\n\n\n<p><strong>S\u0259n bizims\u0259n, bizims\u0259n durduqca b\u0259d\u0259nd\u0259 can&#8230;<\/strong><\/p>\n\n\n\n<p><br>\u018fv\u0259t k\u00f6n\u00fcll\u0259r co\u015fdu bir sevincin g\u00fcc\u00fcyl\u0259<br>\u0130stiqlal sevinciyl\u0259, istiqlal sevinciyl\u0259&#8230;<\/p>\n\n\n\n<p>\u0130stiqlal, o ya\u015fayan mill\u0259tin q\u0259lbind\u0259 can,<br>\u0130stiqlal, o s\u0259ad\u0259t, h\u0259yat, z\u0259f\u0259r, \u015f\u0259r\u0259f, \u015fan.<\/p>\n\n\n\n<p>\u0130stiqlal, o s\u00f6nm\u0259y\u0259n m\u00fc\u0259bb\u0259d bir m\u0259\u015fal\u0259<br>K\u00f6n\u00fcll\u0259rd\u0259 tutu\u015fur, g\u00f6zl\u0259rd\u0259 s\u00f6ns\u0259 bel\u0259!<\/p>\n\n\n\n<p>\u0130stiqlal, o v\u0259t\u0259n\u0131n k\u00f6ks\u00fcnd\u0259n y\u00fcks\u0259l\u0259n ay.<br>\u0130stiqlal, o s\u00fcm\u00fckd\u0259n, qandan yap\u0131lm\u0131\u015f saray.<\/p>\n\n\n\n<p>\u0130stiqlal, o mill\u0259tin par\u00e7alanan ba\u011fr\u0131ndan<br>G\u0259linl\u0259rin, q\u0131zlar\u0131n, axan g\u00f6z ya\u015flar\u0131ndan<\/p>\n\n\n\n<p>Do\u011fmu\u015f p\u0259k m\u00fcbar\u0259k, p\u0259k m\u00fcq\u0259dd\u0259s bir \u201c\u0130lah\u201dd\u0131r,<br>Hans\u0131 bir erk\u0259k onu d\u00fc\u015fm\u0259nl\u0259r\u0259 qapd\u0131r\u0131r?<\/p>\n\n\n\n<p>Analar\u0131n sa\u00e7\u0131ndan h\u00f6rd\u00fcy\u00fc bir bayra\u011f\u0131<br>Hans\u0131 erk\u0259k \u00e7\u0131x\u0131b ed\u0259c\u0259k ba\u015f a\u015fa\u011f\u0131?!<\/p>\n\n\n\n<p>S\u0259n bizims\u0259n, bizims\u0259n durduqca b\u0259d\u0259nd\u0259 can,<br>Ya\u015fa &#8212; ya\u015fa \u00e7ox ya\u015fa, ey \u015fanl\u0131 Az\u0259rbaycan!<\/p>\n\n\n\n<p><strong>P.S. Biz h\u0259l\u0259 d\u0259 istiqlal\u00e7\u0131 \u015fairl\u0259ri deyil, kommunizm\u0259 n\u00f6k\u0259r\u00e7ilik etmi\u015f kommunist \u015fairl\u0259rin zir-zibill\u0259rini d\u0259rslikl\u0259r\u0259 sal\u0131b t\u0259bli\u011f edirik.<\/strong><\/p>\n\n\n\n<figure class=\"wp-block-embed is-type-video is-provider-youtube wp-block-embed-youtube wp-embed-aspect-4-3 wp-has-aspect-ratio\"><div class=\"wp-block-embed__wrapper\">\n<iframe loading=\"lazy\" title=\"M\u0259h\u0259mm\u0259d \u018fmin R\u0259sulzad\u0259\ud83c\udde6\ud83c\uddff Ya\u015fa ya\u015fa cox ya\u015fa Ey \u015eanl\u0131 Az\u0259rbaycan!\" width=\"715\" height=\"536\" src=\"https:\/\/www.youtube.com\/embed\/qo6Dm_Edh80?feature=oembed\" frameborder=\"0\" allow=\"accelerometer; autoplay; clipboard-write; encrypted-media; gyroscope; picture-in-picture\" allowfullscreen><\/iframe>\n<\/div><\/figure>\n","protected":false},"excerpt":{"rendered":"<p>Bu g\u00fcn h\u0259m d\u0259 onun g\u00fcn\u00fcd\u00fcr. M\u0259bud deyib tap\u0131nd\u0131\u011f\u0131 \u00fc\u00e7 r\u0259ngli bayraq namin\u0259 \u00f6z\u00fcn\u00fc f\u0259da etmi\u015f b\u00f6y\u00fck \u015fair v\u0259 b\u00f6y\u00fck alilm \u018fmin Abid G\u00fclt\u0259kinin-\u018fhm\u0259dov<\/p>\n","protected":false},"author":2,"featured_media":47019,"comment_status":"closed","ping_status":"closed","sticky":false,"template":"","format":"standard","meta":{"footnotes":""},"categories":[7],"tags":[],"class_list":["post-47016","post","type-post","status-publish","format-standard","has-post-thumbnail","hentry","category-tarix"],"aioseo_notices":[],"_links":{"self":[{"href":"https:\/\/fedai.az\/index.php?rest_route=\/wp\/v2\/posts\/47016","targetHints":{"allow":["GET"]}}],"collection":[{"href":"https:\/\/fedai.az\/index.php?rest_route=\/wp\/v2\/posts"}],"about":[{"href":"https:\/\/fedai.az\/index.php?rest_route=\/wp\/v2\/types\/post"}],"author":[{"embeddable":true,"href":"https:\/\/fedai.az\/index.php?rest_route=\/wp\/v2\/users\/2"}],"replies":[{"embeddable":true,"href":"https:\/\/fedai.az\/index.php?rest_route=%2Fwp%2Fv2%2Fcomments&post=47016"}],"version-history":[{"count":2,"href":"https:\/\/fedai.az\/index.php?rest_route=\/wp\/v2\/posts\/47016\/revisions"}],"predecessor-version":[{"id":47102,"href":"https:\/\/fedai.az\/index.php?rest_route=\/wp\/v2\/posts\/47016\/revisions\/47102"}],"wp:featuredmedia":[{"embeddable":true,"href":"https:\/\/fedai.az\/index.php?rest_route=\/wp\/v2\/media\/47019"}],"wp:attachment":[{"href":"https:\/\/fedai.az\/index.php?rest_route=%2Fwp%2Fv2%2Fmedia&parent=47016"}],"wp:term":[{"taxonomy":"category","embeddable":true,"href":"https:\/\/fedai.az\/index.php?rest_route=%2Fwp%2Fv2%2Fcategories&post=47016"},{"taxonomy":"post_tag","embeddable":true,"href":"https:\/\/fedai.az\/index.php?rest_route=%2Fwp%2Fv2%2Ftags&post=47016"}],"curies":[{"name":"wp","href":"https:\/\/api.w.org\/{rel}","templated":true}]}}