{"id":47056,"date":"2021-08-31T03:48:17","date_gmt":"2021-08-30T23:48:17","guid":{"rendered":"https:\/\/fedai.az\/?p=47056"},"modified":"2021-08-31T12:35:43","modified_gmt":"2021-08-31T08:35:43","slug":"v%c9%99t%c9%99n-ugrunda-son-damla-qaninad%c9%99k-doyusdu","status":"publish","type":"post","link":"https:\/\/fedai.az\/?p=47056","title":{"rendered":"V\u0259t\u0259n u\u011frunda son damla qan\u0131nad\u0259k d\u00f6y\u00fc\u015fd\u00fc&#8230;"},"content":{"rendered":"\n<p><strong><em><u>\u015e\u0259hidl\u0259rimiz<\/u><\/em><\/strong><\/p>\n\n\n\n<p><strong>Az\u0259rbaycanda ya\u015fayan b\u00fct\u00fcn xalqlar\u0131n n\u00fcmay\u0259nd\u0259l\u0259ri d\u0259mir yumruq t\u0259k birl\u0259\u015f\u0259r\u0259k<\/strong><strong> <\/strong><strong>44 g\u00fcn davam ed\u0259n V\u0259t\u0259n m\u00fcharib\u0259sind\u0259 b\u00f6y\u00fck f\u0259dakarl\u0131q, v\u0259t\u0259np\u0259rv\u0259rlik n\u00fcmun\u0259si g\u00f6st\u0259rdil\u0259r. Az\u0259rbaycan Respublikas\u0131n\u0131n Prezidenti, Silahl\u0131 Q\u00fcvv\u0259l\u0259rin M\u00fcz\u0259ff\u0259r Ali Ba\u015f Komandan\u0131 c\u0259nab \u0130lham \u018fliyevin \u00e7\u0131x\u0131\u015flar\u0131n\u0131n birind\u0259 vur\u011fulad\u0131\u011f\u0131 kimi: \u201cQ\u0259l\u0259b\u0259mizin r\u0259mzi olan yumruq h\u0259m g\u00fcc, h\u0259m d\u0259 birlikdir. Az\u0259rbaycan bundan sonra daha da g\u00fccl\u00fc olacaq\u201d.<\/strong><\/p>\n\n\n\n<p><strong>\u201c\u015e\u0259hidl\u0259rimiz\u201d rubrikas\u0131n\u0131n bud\u0259f\u0259ki q\u0259hr\u0259man\u0131 milliyy\u0259tc\u0259 l\u0259zgi olan v\u0259 V\u0259t\u0259n m\u00fcharib\u0259sind\u0259 son damla qan\u0131nad\u0259k d\u00f6y\u00fc\u015f\u0259r\u0259k \u015f\u0259hidlik zirv\u0259sin\u0259 y\u00fcks\u0259l\u0259n igid istehkam\u00e7\u0131m\u0131z gizir S\u0259m\u0259dov Mayis \u015ead\u0131b\u0259y o\u011fludur.<\/strong><\/p>\n\n\n\n<p>Gizir Mayis S\u0259m\u0259dov 1977-ci il iyulun 28-d\u0259 Xa\u00e7maz rayonunun Qada\u015f-Oba k\u0259ndind\u0259 anadan olub. \u018fsl\u0259n Quba rayonunun K\u00fcsn\u0259t k\u0259ndind\u0259n olan \u015ead\u0131b\u0259y S\u0259m\u0259dovun (2010-cu ild\u0259 v\u0259fat edib) v\u0259 \u018fziz\u0259 S\u0259m\u0259dovan\u0131n b\u00f6y\u00fcy\u00fcb t\u0259rbiy\u0259 etdiyi 4 \u00f6vladdan (K\u0259mal\u0259, Mayis, Ceyhun v\u0259 V\u0259sil\u0259) biri, h\u0259m\u00e7inin, ail\u0259nin ikinci \u00f6vlad\u0131 idi&#8230;<\/p>\n\n\n\n<figure class=\"wp-block-image size-large\"><img loading=\"lazy\" decoding=\"async\" width=\"787\" height=\"1024\" src=\"https:\/\/fedai.az\/wp-content\/uploads\/2021\/08\/240980903_271679887835632_8411964908642203079_n-787x1024.jpg\" alt=\"\" class=\"wp-image-47084\" srcset=\"https:\/\/fedai.az\/wp-content\/uploads\/2021\/08\/240980903_271679887835632_8411964908642203079_n-787x1024.jpg 787w, https:\/\/fedai.az\/wp-content\/uploads\/2021\/08\/240980903_271679887835632_8411964908642203079_n-231x300.jpg 231w, https:\/\/fedai.az\/wp-content\/uploads\/2021\/08\/240980903_271679887835632_8411964908642203079_n-115x150.jpg 115w, https:\/\/fedai.az\/wp-content\/uploads\/2021\/08\/240980903_271679887835632_8411964908642203079_n-768x999.jpg 768w, https:\/\/fedai.az\/wp-content\/uploads\/2021\/08\/240980903_271679887835632_8411964908642203079_n.jpg 984w\" sizes=\"auto, (max-width: 787px) 100vw, 787px\" \/><\/figure>\n\n\n\n<p>Orta t\u0259hsilini do\u011fulub boya-ba\u015fa \u00e7atd\u0131\u011f\u0131 Qada\u015f-Oba k\u0259nd orta m\u0259kt\u0259bind\u0259 alan Mayis 1992-ci ild\u0259 h\u0259min t\u0259hsil oca\u011f\u0131n\u0131n 9-cu sinfini bitir\u0259r\u0259k, Xa\u00e7maz \u015f\u0259h\u0259rind\u0259ki 92 sayl\u0131 texniki-pe\u015f\u0259 m\u0259kt\u0259bin\u0259 q\u0259bul olunub. 1995-ci ild\u0259 t\u0259hsilini ba\u015fa vuraraq, \u201celektrik qaynaq\u00e7\u0131s\u0131\u201d ixtisas\u0131na yiy\u0259l\u0259nib. M\u00fcdd\u0259tli h\u0259qiqi h\u0259rbi xidm\u0259tini 1996-1999-cu ill\u0259rd\u0259 Daxili Qo\u015funlar\u0131n o zaman dislokasiya yeri F\u00fczuli rayonu-d\u00f6y\u00fc\u015f b\u00f6lg\u0259si olmu\u015f, haz\u0131rda Bak\u0131 \u015f\u0259h\u0259rind\u0259 yerl\u0259\u015f\u0259n \u201cN\u201d sayl\u0131 h\u0259rbi hiss\u0259sind\u0259 ke\u00e7ib. T\u0259rxis olunduqdan sonra bir m\u00fcdd\u0259t m\u00fclki pe\u015f\u0259 \u00fczr\u0259 \u00e7al\u0131\u015f\u0131b. 2004-c\u00fc ilin fevral ay\u0131ndan etibar\u0259n Mayis Daxili Qo\u015funlar\u0131n Quba rayonundak\u0131 \u201cN\u201d sayl\u0131 h\u0259rbi hiss\u0259sind\u0259 m\u00fcdd\u0259td\u0259n art\u0131q h\u0259qiqi h\u0259rbi xidm\u0259t\u0259 q\u0259bul olunub, t\u0259minat taq\u0131m\u0131nda anbar r\u0259isi v\u0259zif\u0259sin\u0259 t\u0259yin edilib.<\/p>\n\n\n\n<p>Xidm\u0259t etdiyi d\u00f6vrd\u0259 Az\u0259rbaycan Respublikas\u0131 \u018frazil\u0259rinin Minalardan T\u0259mizl\u0259nm\u0259si \u00fczr\u0259 Milli Agentliyinin (haz\u0131rda Az\u0259rbaycan Respublikas\u0131n\u0131n Minat\u0259mizl\u0259m\u0259 Agentliyi) G\u00f6yg\u00f6l rayonu \u0259razisind\u0259 t\u0259\u015fkil etdiyi istehkam\u00e7\u0131 ixtisas\u0131 \u00fczr\u0259 kursu m\u00fcv\u0259ff\u0259qiyy\u0259tl\u0259 bitirib v\u0259 ona m\u00fcvafiq sertifikat verilib. Bundan \u0259lav\u0259, Daxili Qo\u015funlar\u0131n Orta \u0130xtisas H\u0259rbi M\u0259kt\u0259bind\u0259 (haz\u0131rda Daxili Qo\u015funlar\u0131n Ali H\u0259rbi M\u0259kt\u0259bi) t\u0259\u015fkil olunan 6 ayl\u0131q \u201cGizir haz\u0131rl\u0131\u011f\u0131 kursu\u201dnu bitirib. \u201cGizir\u201d h\u0259rbi r\u00fctb\u0259sind\u0259 Qubadak\u0131 \u201cN\u201d sayl\u0131 h\u0259rbi hiss\u0259d\u0259 bir m\u00fcdd\u0259t yenid\u0259n anbar r\u0259isi kimi xidm\u0259t ed\u0259n M.S\u0259m\u0259dov 2011-ci ilin sentyabr ay\u0131ndan x\u00fcsusi t\u0259yinatl\u0131 d\u0259st\u0259d\u0259 at\u0131c\u0131-radiotelefon\u00e7u v\u0259zif\u0259sini yerin\u0259 yetirib. 2012-ci ilin sentyabr ay\u0131ndan etibar\u0259n qo\u015funlar\u0131n Sumqay\u0131t \u015f\u0259h\u0259rind\u0259 yerl\u0259\u015f\u0259n \u201cN\u201d sayl\u0131 h\u0259rbi hiss\u0259sinin x\u00fcsusi t\u0259yinatl\u0131 d\u0259st\u0259sind\u0259 m\u00fcxt\u0259lif v\u0259zif\u0259l\u0259rd\u0259 xidm\u0259tini davam etdir\u0259n silahda\u015f\u0131m\u0131z 2019-cu ilin mart ay\u0131ndan istehkam\u00e7\u0131 yar\u0131mqrupunda ba\u015f istehkam\u00e7\u0131-yar\u0131mqrup komandiri v\u0259zif\u0259sin\u0259 ir\u0259li \u00e7\u0259kilib. Bir komandir kimi bilik v\u0259 bacar\u0131\u011f\u0131, qay\u011f\u0131ke\u015fliyi say\u0259sind\u0259 b\u00f6y\u00fck r\u0259isl\u0259rin etimad\u0131n\u0131, h\u0259m\u00e7inin, tabeliyind\u0259 olan \u015f\u0259xsi hey\u0259tin h\u00f6rm\u0259tini qazan\u0131b. Y\u00fcks\u0259k d\u00f6y\u00fc\u015f haz\u0131rl\u0131\u011f\u0131 v\u0259 n\u00fcmun\u0259vi xidm\u0259til\u0259 f\u0259rql\u0259n\u0259n h\u0259rbi qulluq\u00e7u kimi \u201cAz\u0259rbaycan Respublikas\u0131 Silahl\u0131 Q\u00fcvv\u0259l\u0259rinin 90 illiyi (1918-2008)\u201d yubiley, 2-ci v\u0259 3-c\u00fc d\u0259r\u0259c\u0259li \u201cQ\u00fcsursuz xidm\u0259t\u0259 g\u00f6r\u0259\u201d medallar\u0131 il\u0259 t\u0259ltif edilib, el\u0259c\u0259 d\u0259 h\u0259rbi hiss\u0259 komandanl\u0131\u011f\u0131 t\u0259r\u0259find\u0259n d\u0259f\u0259l\u0259rl\u0259 m\u00fckafatland\u0131r\u0131l\u0131b. Bununla yana\u015f\u0131, c\u0259sur silahda\u015f\u0131m\u0131z 2017-ci ild\u0259 y\u00fcks\u0259k d\u00f6y\u00fc\u015f haz\u0131rl\u0131\u011f\u0131 v\u0259 \u0259zmkarl\u0131\u011f\u0131 say\u0259sind\u0259 qazand\u0131\u011f\u0131 \u201cZo\u011fal\u0131 beret\u201di d\u0259 q\u00fcrur hissi il\u0259 da\u015f\u0131y\u0131b.<\/p>\n\n\n\n<p>Gizir M.S\u0259m\u0259dov istehkam\u00e7\u0131 yar\u0131mqrupunun komandiri kimi tabeliyind\u0259 olan \u015f\u0259xsi hey\u0259tl\u0259 birg\u0259 qar\u015f\u0131ya qoyulmu\u015f tap\u015f\u0131r\u0131qlar\u0131 h\u0259r zaman layiqinc\u0259 yerin\u0259 yetirib. Bu bar\u0259d\u0259 m\u0259lumat ver\u0259n Daxili Qo\u015funlar\u0131n Ba\u015f \u0130dar\u0259sinin Q\u0259rargah\u0131nda m\u00fch\u0259ndis xidm\u0259tinin r\u0259isi polkovnik-leytenant Baba \u018fliyev c\u0259sur silahda\u015f\u0131m\u0131z\u0131 \u00f6z \u00fcz\u0259rind\u0259 \u00e7al\u0131\u015fan f\u0259al yar\u0131mqrup komandiri kimi xat\u0131rlad\u0131\u011f\u0131n\u0131 deyir: <strong>\u201cDaxili Qo\u015funlar\u0131n istehkam\u00e7\u0131 yar\u0131mqruplar\u0131n\u0131n \u015f\u0259xsi hey\u0259ti qar\u015f\u0131ya qoyulmu\u015f tap\u015f\u0131r\u0131qlar\u0131 h\u0259r zaman y\u00fcks\u0259k s\u0259viyy\u0259d\u0259 yerin\u0259 yetirib. H\u0259l\u0259 V\u0259t\u0259n m\u00fcharib\u0259sind\u0259n \u00f6nc\u0259 istehkam\u00e7\u0131lar\u0131m\u0131z ist\u0259r respublikam\u0131z\u0131n evsahibliyi etdiyi m\u00fcxt\u0259lif idman yar\u0131\u015flar\u0131, ist\u0259rs\u0259 d\u0259 \u00f6lk\u0259mizd\u0259 ke\u00e7iril\u0259n dig\u0259r m\u00fch\u00fcm d\u00f6vl\u0259t t\u0259dbirl\u0259ri zaman\u0131 ictimai qaydan\u0131n qorunmas\u0131 v\u0259 ictimai t\u0259hl\u00fck\u0259sizliyin t\u0259min olunmas\u0131nda x\u00fcsusil\u0259 f\u0259rql\u0259nibl\u0259r. Qo\u015funlar\u0131n V\u0259t\u0259n m\u00fcharib\u0259sind\u0259 \u015f\u0259hidlik zirv\u0259sin\u0259 y\u00fcks\u0259lmi\u015f 5 n\u0259f\u0259r c\u0259sur istehkam\u00e7\u0131s\u0131 &#8212; gizir S\u0259m\u0259dov Mayis \u015ead\u0131b\u0259y o\u011flu, ba\u015f \u00e7avu\u015flar Nadirov El\u00e7in Nadir o\u011flu, V\u0259lizad\u0259 Anar Af\u0259t o\u011flu, \u00e7avu\u015flar F\u0259t\u0259liyev Emil Mayis o\u011flu v\u0259 Orucov Af\u0259r Yaf\u0259t o\u011flunun, el\u0259c\u0259 d\u0259 v\u0259zif\u0259 borcunu yerin\u0259 yetir\u0259rk\u0259n yaralanm\u0131\u015f 16 n\u0259f\u0259r qazi istehkam\u00e7\u0131m\u0131z\u0131n h\u0259r birinin f\u0259aliyy\u0259tini m\u0259hz bu bax\u0131mdan m\u00fcsb\u0259t qiym\u0259tl\u0259ndirm\u0259k olar. V\u0259t\u0259np\u0259rv\u0259r istehkam\u00e7\u0131lar\u0131m\u0131z h\u0259r zaman oldu\u011fu kimi, \u00f6n c\u0259bh\u0259d\u0259 d\u0259 \u00f6z v\u0259zif\u0259 borclar\u0131n\u0131 <\/strong><strong>m\u0259suliyy\u0259t<\/strong><strong>&nbsp; v\u0259 \u015f\u0259r\u0259f hissi il\u0259 yerin\u0259 yetir\u0259r\u0259k, g\u0259ncl\u0259r\u0259 n\u00fcmun\u0259 olacaq \u0259sl q\u0259hr\u0259manl\u0131q g\u00f6st\u0259rdil\u0259r\u201d<\/strong>. &nbsp;&nbsp;<\/p>\n\n\n\n<p>\u201cN\u201d sayl\u0131 h\u0259rbi hiss\u0259d\u0259 \u201c\u018fqr\u0259b\u201d \u015f\u0259rti ad\u0131n\u0131 da\u015f\u0131yan x\u00fcsusi t\u0259yinatl\u0131 d\u0259st\u0259nin komandiri, \u201cQaraba\u011f\u201d ordeni v\u0259 \u201cC\u0259bray\u0131l\u0131n azad olunmas\u0131na g\u00f6r\u0259\u201d medal\u0131 il\u0259 t\u0259ltif edilmi\u015f mayor \u018fl\u0259sg\u0259r Muxtarov (V\u0259t\u0259n m\u00fcharib\u0259si zaman\u0131 Xocav\u0259nd rayonunun Q\u0131rm\u0131z\u0131 Bazar ya\u015fay\u0131\u015f m\u0259nt\u0259q\u0259si istiqam\u0259tind\u0259 ged\u0259n d\u00f6y\u00fc\u015fd\u0259 yaralan\u0131b) vaxtil\u0259 birg\u0259 xidm\u0259t etdiyi yar\u0131mqrup komandirinin \u0259zmkarl\u0131\u011f\u0131 v\u0259 c\u0259surlu\u011fundan bu g\u00fcn d\u0259 f\u0259xr hissi il\u0259 dan\u0131\u015f\u0131r:<strong> \u201cV\u0259t\u0259n m\u00fcharib\u0259sind\u0259 d\u0259st\u0259mizin q\u0259hr\u0259mancas\u0131na \u015f\u0259hid olmu\u015f h\u0259rbi qulluq\u00e7ular\u0131ndan biri d\u0259 istehkam\u00e7\u0131 yar\u0131mqrupunun komandiri gizir Mayis S\u0259m\u0259dovdur.&nbsp;<\/strong><\/p>\n\n\n\n<figure class=\"wp-block-image size-large is-resized\"><img loading=\"lazy\" decoding=\"async\" src=\"https:\/\/fedai.az\/wp-content\/uploads\/2021\/08\/240766056_874960926749520_6223918430839001581_n-421x1024.jpg\" alt=\"\" class=\"wp-image-47086\" width=\"884\" height=\"2151\" srcset=\"https:\/\/fedai.az\/wp-content\/uploads\/2021\/08\/240766056_874960926749520_6223918430839001581_n-421x1024.jpg 421w, https:\/\/fedai.az\/wp-content\/uploads\/2021\/08\/240766056_874960926749520_6223918430839001581_n-123x300.jpg 123w, https:\/\/fedai.az\/wp-content\/uploads\/2021\/08\/240766056_874960926749520_6223918430839001581_n-62x150.jpg 62w, https:\/\/fedai.az\/wp-content\/uploads\/2021\/08\/240766056_874960926749520_6223918430839001581_n.jpg 526w\" sizes=\"auto, (max-width: 884px) 100vw, 884px\" \/><\/figure>\n\n\n\n<p><strong>Onun bir komandir kimi f\u0259aliyy\u0259ti h\u0259rbi hiss\u0259 komandanl\u0131\u011f\u0131 t\u0259r\u0259find\u0259n d\u0259 h\u0259r zaman m\u00fcsb\u0259t qiym\u0259tl\u0259ndirilib. Yar\u0131mqrupda y\u00fcks\u0259k d\u00f6y\u00fc\u015f haz\u0131rl\u0131\u011f\u0131 v\u0259 intizam\u0131n qorunub saxlan\u0131lmas\u0131 \u00fc\u00e7\u00fcn tabeliyind\u0259kil\u0259r\u0259 qar\u015f\u0131 t\u0259l\u0259bkar olmaqla b\u0259rab\u0259r, v\u0259t\u0259np\u0259rv\u0259rliyi v\u0259 qay\u011f\u0131ke\u015fliyi il\u0259 \u015f\u0259xsi hey\u0259t\u0259 n\u00fcmun\u0259 olub.<\/strong><\/p>\n\n\n\n<p><strong>D\u00f6y\u00fc\u015fl\u0259r\u0259 qat\u0131ld\u0131\u011f\u0131 ilk g\u00fcnd\u0259n m\u00fcq\u0259dd\u0259s borcunu \u015f\u0259r\u0259fl\u0259 yerin\u0259 yetir\u0259n c\u0259sur komandir i\u00e7diyi h\u0259rbi anda sadiq \u0259sl h\u0259rb\u00e7i kimi V\u0259t\u0259n u\u011frunda can\u0131ndan ke\u00e7m\u0259kl\u0259, tabeliyind\u0259 olan \u015f\u0259xsi hey\u0259t\u0259 bir daha <\/strong><strong>\u00f6rn\u0259k<\/strong><strong> olma\u011f\u0131 bacard\u0131.<\/strong><\/p>\n\n\n\n<p><strong>5 oktyabr 2020-ci il tarixd\u0259 C\u0259bray\u0131l-F\u00fczuli<\/strong><strong> rayonlar\u0131<\/strong><strong> istiqam\u0259tind\u0259 ged\u0259n d\u00f6y\u00fc\u015f Mayisin son d\u00f6y\u00fc\u015f\u00fc oldu. 7 n\u0259f\u0259r silahda\u015f\u0131 il\u0259 birg\u0259 \u00f6n m\u00f6vqed\u0259ki \u0259sg\u0259rl\u0259rimiz\u0259 laz\u0131mi t\u0259minat \u00e7atd\u0131rmaq \u00fc\u00e7\u00fcn ged\u0259rk\u0259n yolda pusquda dayanan m\u0259nfur d\u00fc\u015fm\u0259nin m\u00fchasir\u0259sin\u0259 d\u00fc\u015f\u0259n igid h\u0259rbi qulluq\u00e7umuz \u00f6z\u00fcn\u00fc itirmir v\u0259 q\u0259fl\u0259t\u0259n ba\u015f vermi\u015f d\u00f6y\u00fc\u015fd\u0259 onlarla erm\u0259ni yaraql\u0131s\u0131n\u0131 m\u0259hv edir. Lakin \u00e7ox t\u0259\u0259ss\u00fcfl\u0259r olsun ki, bu qeyri-b\u0259rab\u0259r d\u00f6y\u00fc\u015fd\u0259 d\u0259st\u0259mizin c\u0259sur h\u0259rbi qulluq\u00e7ular\u0131 gizir S\u0259m\u0259dov Mayis \u015ead\u0131b\u0259y o\u011flu v\u0259 gizir H\u0259s\u0259nov Faiq H\u00fcseyn o\u011flu M\u00fcdafi\u0259 Nazirliyinin 6 n\u0259f\u0259r x\u00fcsusi t\u0259yinatl\u0131s\u0131 il\u0259 birg\u0259 son damla qanlar\u0131nad\u0259k vuru\u015faraq \u0259b\u0259di \u00f6l\u00fcms\u00fczl\u00fcy\u0259 &#8212; \u015f\u0259hidlik zirv\u0259sin\u0259 y\u00fcks\u0259ldil\u0259r\u201d.<\/strong><\/p>\n\n\n\n<p>Gizir M.S\u0259m\u0259dov 2020-ci il oktyabr\u0131n 6-da Xa\u00e7maz rayonunun Qada\u015f-Oba k\u0259nd q\u0259biristanl\u0131\u011f\u0131nda d\u0259fn olunub. Evli idi. M\u0259leyk\u0259 v\u0259 S\u00fcleyman adl\u0131 iki \u00f6vlad\u0131 yadigar qal\u0131b.&nbsp;<\/p>\n\n\n\n<p>Az\u0259rbaycan Respublikas\u0131 Prezidentinin 15 dekabr 2020-ci il tarixli v\u0259 22 dekabr 2020-ci il tarixli m\u00fcvafiq s\u0259r\u0259ncamlar\u0131 il\u0259 gizir S\u0259m\u0259dov Mayis \u015ead\u0131b\u0259y o\u011flu (\u00f6l\u00fcm\u00fcnd\u0259n sonra) \u201cV\u0259t\u0259n u\u011frunda\u201d v\u0259 \u201cC\u0259bray\u0131l\u0131n azad olunmas\u0131na g\u00f6r\u0259\u201d medallar\u0131 il\u0259 t\u0259ltif edilib.<strong><\/strong><\/p>\n\n\n\n<p>\u015eair M\u0259mm\u0259d Q\u0259dirin m\u00fc\u0259llifi oldu\u011fu, 2021-ci ild\u0259 Bak\u0131da \u201cM\u00fc\u0259llim\u201d n\u0259\u015friyyat\u0131nda i\u015f\u0131q \u00fcz\u00fc g\u00f6r\u0259n \u201cHaqq\u0131n\u0131z\u0131 halal edin\u201d adl\u0131 kitabda yer alan v\u0259 \u015f\u0259hid silahda\u015f\u0131m\u0131z\u0131n q\u0259hr\u0259manl\u0131\u011f\u0131n\u0131 t\u0259r\u0259nn\u00fcm ed\u0259n \u201cMayis \u015ead\u0131b\u0259y o\u011flu\u201d ba\u015fl\u0131ql\u0131 \u015feirin \u00fc\u00e7 b\u0259ndini sizl\u0259r\u0259 t\u0259qdim edir\u0259m:<\/p>\n\n\n\n<p><strong>Qada\u015f-Oba k\u0259ndind\u0259 boya-ba\u015fa yeti\u015fdin,<br>H\u0259rb\u0259 verdin k\u00f6nl\u00fcn\u00fc, odlar i\u00e7ind\u0259 bi\u015fdin,<br>S\u0259ni V\u0259t\u0259n \u00e7a\u011f\u0131rd\u0131, dar g\u00fcn\u00fcn\u0259 yeti\u015fdin,<br>C\u0259ngi \u00e7al\u0131nd\u0131, c\u0259ngi, Mayis \u015ead\u0131b\u0259y o\u011flu,<br>\u015eimal\u0131n m\u0259rd p\u0259l\u0259ngi, Mayis \u015ead\u0131b\u0259y o\u011flu.<\/strong><\/p>\n\n\n\n<p><strong>Yurda \u015f\u0259r\u0259f g\u0259tirdin, m\u0259rdliyin, qeyr\u0259tinl\u0259,<br>\u00d6l\u00fcms\u00fczl\u00fck qazand\u0131n haqqa \u015f\u0259had\u0259tinl\u0259.<br>Nizamland\u0131 dastana s\u0131\u011fmaz r\u0259\u015fad\u0259tinl\u0259,<br>Bu d\u00fcnyan\u0131n ah\u0259ngi, Mayis \u015ead\u0131b\u0259y o\u011flu,<br>\u015eimal\u0131n m\u0259rd p\u0259l\u0259ngi, Mayis \u015ead\u0131b\u0259y o\u011flu.<\/strong><\/p>\n\n\n\n<p><strong>S\u0259n can\u0131na can verdin can\u0131m Az\u0259rbaycan\u0131n,<br>S\u0259ninl\u0259 q\u00fcrur duyur, M\u0259leyk\u0259n, S\u00fcleyman\u0131n,<br>Tarix\u0259 h\u0259kk etdiyin ad\u0131n, Qada\u015f-Oban\u0131n,<br>\u018fb\u0259diyy\u0259t \u00e7\u0259l\u0259ngi, Mayis \u015ead\u0131b\u0259y o\u011flu,<br>\u015eimal\u0131n m\u0259rd p\u0259l\u0259ngi, Mayis \u015ead\u0131b\u0259y o\u011flu.<\/strong><\/p>\n\n\n\n<p>Bundan \u0259lav\u0259, \u018fl\u0259sg\u0259r G\u0259nc\u0259linin m\u00fc\u0259llifi oldu\u011fu v\u0259 \u201cXa\u00e7maz\u201d q\u0259zetinin 26 fevral 2021-ci il tarixli say\u0131nda i\u015f\u0131q \u00fcz\u00fc g\u00f6r\u0259n \u201cV\u0259t\u0259n \u00fc\u00e7\u00fcn yand\u0131 ki, V\u0259t\u0259n yanmas\u0131n\u201d ba\u015fl\u0131ql\u0131 m\u0259qal\u0259d\u0259 \u015f\u0259hid M.S\u0259m\u0259dovun h\u0259yat v\u0259 d\u00f6y\u00fc\u015f yolu geni\u015f i\u015f\u0131qland\u0131r\u0131l\u0131b.<\/p>\n\n\n\n<p><strong>Sonda yaln\u0131z onu dey\u0259 bil\u0259rik ki, V\u0259t\u0259n u\u011frunda canlar\u0131n\u0131 qurban ver\u0259r\u0259k, \u00f6z qanlar\u0131 bahas\u0131na h\u0259r birimiz\u0259 Q\u0259l\u0259b\u0259 sevincini ya\u015fadan \u015f\u0259hid o\u011fullar\u0131m\u0131z\u0131n \u0259ziz xatir\u0259si xalq\u0131m\u0131z\u0131n q\u0259lbind\u0259 \u0259b\u0259di olaraq ya\u015fayacaqd\u0131r.<\/strong><\/p>\n\n\n\n<p><strong>Allah r\u0259hm\u0259t el\u0259sin!<\/strong><\/p>\n\n\n\n<p><strong>Mayor Anar \u018fhm\u0259dov<\/strong><\/p>\n\n\n\n<p>D\u0130N-in Daxili Qo\u015funlar\u0131n\u0131n \u201c\u018fsg\u0259r\u201d q\u0259zetinin redaktoru<\/p>\n","protected":false},"excerpt":{"rendered":"<p>\u015e\u0259hidl\u0259rimiz Az\u0259rbaycanda ya\u015fayan b\u00fct\u00fcn xalqlar\u0131n n\u00fcmay\u0259nd\u0259l\u0259ri d\u0259mir yumruq t\u0259k birl\u0259\u015f\u0259r\u0259k 44 g\u00fcn davam ed\u0259n V\u0259t\u0259n m\u00fcharib\u0259sind\u0259 b\u00f6y\u00fck f\u0259dakarl\u0131q, v\u0259t\u0259np\u0259rv\u0259rlik n\u00fcmun\u0259si g\u00f6st\u0259rdil\u0259r. Az\u0259rbaycan Respublikas\u0131n\u0131n Prezidenti,<\/p>\n","protected":false},"author":2,"featured_media":47087,"comment_status":"closed","ping_status":"closed","sticky":false,"template":"","format":"standard","meta":{"footnotes":""},"categories":[4],"tags":[],"class_list":["post-47056","post","type-post","status-publish","format-standard","has-post-thumbnail","hentry","category-qarabag"],"aioseo_notices":[],"_links":{"self":[{"href":"https:\/\/fedai.az\/index.php?rest_route=\/wp\/v2\/posts\/47056","targetHints":{"allow":["GET"]}}],"collection":[{"href":"https:\/\/fedai.az\/index.php?rest_route=\/wp\/v2\/posts"}],"about":[{"href":"https:\/\/fedai.az\/index.php?rest_route=\/wp\/v2\/types\/post"}],"author":[{"embeddable":true,"href":"https:\/\/fedai.az\/index.php?rest_route=\/wp\/v2\/users\/2"}],"replies":[{"embeddable":true,"href":"https:\/\/fedai.az\/index.php?rest_route=%2Fwp%2Fv2%2Fcomments&post=47056"}],"version-history":[{"count":3,"href":"https:\/\/fedai.az\/index.php?rest_route=\/wp\/v2\/posts\/47056\/revisions"}],"predecessor-version":[{"id":47088,"href":"https:\/\/fedai.az\/index.php?rest_route=\/wp\/v2\/posts\/47056\/revisions\/47088"}],"wp:featuredmedia":[{"embeddable":true,"href":"https:\/\/fedai.az\/index.php?rest_route=\/wp\/v2\/media\/47087"}],"wp:attachment":[{"href":"https:\/\/fedai.az\/index.php?rest_route=%2Fwp%2Fv2%2Fmedia&parent=47056"}],"wp:term":[{"taxonomy":"category","embeddable":true,"href":"https:\/\/fedai.az\/index.php?rest_route=%2Fwp%2Fv2%2Fcategories&post=47056"},{"taxonomy":"post_tag","embeddable":true,"href":"https:\/\/fedai.az\/index.php?rest_route=%2Fwp%2Fv2%2Ftags&post=47056"}],"curies":[{"name":"wp","href":"https:\/\/api.w.org\/{rel}","templated":true}]}}