{"id":47079,"date":"2021-08-31T10:38:32","date_gmt":"2021-08-31T06:38:32","guid":{"rendered":"https:\/\/fedai.az\/?p=47079"},"modified":"2021-08-31T10:38:35","modified_gmt":"2021-08-31T06:38:35","slug":"soyqu-zelenskinin-krim-haqqinda-dedikl%c9%99rind%c9%99n-sonra-bir-l%c9%99tif%c9%99-danisib","status":"publish","type":"post","link":"https:\/\/fedai.az\/?p=47079","title":{"rendered":"\u015eoyqu Zelenskinin Kr\u0131m haqq\u0131nda dedikl\u0259rind\u0259n sonra bir l\u0259tif\u0259 dan\u0131\u015f\u0131b"},"content":{"rendered":"\n<p><strong>Rusiya m\u00fcdafi\u0259 naziri Sergey \u015eoyqu Ukrayna prezidenti Vladimir Zelenskinin a\u00e7\u0131qlamalar\u0131na m\u00fcnasib\u0259t bildir\u0259r\u0259k qeyd edib ki, Kr\u0131m h\u0259mi\u015f\u0259 ruslar\u0131n olub v\u0259 olacaq.<\/strong><\/p>\n\n\n\n<p>\u015eoyqu Zelenskinin Kr\u0131m haqq\u0131nda dedikl\u0259rind\u0259n sonra bir l\u0259tif\u0259 dan\u0131\u015f\u0131b: &#171;Bilirsiniz, bir ziyar\u0259t\u00e7inin i\u015fl\u0259m\u0259y\u0259n f\u0259vvar\u0259 haqq\u0131nda sor\u011fusuna dair k\u00f6hn\u0259 bir Odessa l\u0259tif\u0259si var:&#187; Burada bir f\u0259vvar\u0259 vard\u0131? &#187; Odessal\u0131 ona cavab verir: &#171;Niy\u0259 &#171;var idi&#187; deyirsiniz? Var idi, var v\u0259 olacaq &#171;- dey\u0259 TASS \u015eoyqudan sitat g\u0259tirib.<\/p>\n\n\n\n<p>O qeyd edib ki, Kr\u0131mda da v\u0259ziyy\u0259t bel\u0259dir.<\/p>\n\n\n\n<p>&#171;Kr\u0131mda da bel\u0259dir. Ukrayna liderl\u0259ri g\u0259lir v\u0259 gedir. Kr\u0131m is\u0259 h\u0259mi\u015f\u0259 ruslar\u0131n olub, olur v\u0259 olacaq&#187; &#8212; dey\u0259 rusiyal\u0131 nazir bildirib.<\/p>\n\n\n\n<p>Daha \u0259vv\u0259l Ukrayna prezidenti Vladimir Zelenski Kr\u0131m\u0131n &#171;he\u00e7 vaxt Rusiya \u0259razisi olmayaca\u011f\u0131n\u0131&#187; demi\u015fdi.<\/p>\n\n\n\n<p>O, Kr\u0131m yar\u0131madas\u0131 il\u0259 ba\u011fl\u0131 sual\u0131 cavabland\u0131rark\u0259n, Kr\u0131m \u015f\u0259h\u0259rl\u0259rinin yenid\u0259n \u00f6z &#171;evl\u0259rin\u0259 d\u00f6n\u0259c\u0259yin\u0259&#187; inand\u0131\u011f\u0131n\u0131 ifad\u0259 etmi\u015fdi.<\/p>\n\n\n\n<p>Rusiya prezidenti Vladimir Putin d\u0259f\u0259l\u0259rl\u0259 vur\u011fulay\u0131b ki, Kr\u0131m m\u0259s\u0259l\u0259si Rusiya \u00fc\u00e7\u00fcn ba\u011flan\u0131b v\u0259 yar\u0131mada il\u0259 ba\u011fl\u0131 referendum beyn\u0259lxalq h\u00fcquqa tam uy\u011fun \u015f\u0259kild\u0259 ke\u00e7irilib.<\/p>\n\n\n\n<p>2014 -c\u00fc ilin mart ay\u0131nda orada referendum ke\u00e7irildikd\u0259n sonra Kr\u0131m Rusiya b\u00f6lg\u0259sin\u0259 \u00e7evrildi &#8212; sakinl\u0259rin \u0259ks\u0259riyy\u0259ti Rusiyaya birl\u0259\u015fm\u0259k t\u0259r\u0259fdar\u0131 idi.<\/p>\n","protected":false},"excerpt":{"rendered":"<p>Rusiya m\u00fcdafi\u0259 naziri Sergey \u015eoyqu Ukrayna prezidenti Vladimir Zelenskinin a\u00e7\u0131qlamalar\u0131na m\u00fcnasib\u0259t bildir\u0259r\u0259k qeyd edib ki, Kr\u0131m h\u0259mi\u015f\u0259 ruslar\u0131n olub v\u0259 olacaq. \u015eoyqu Zelenskinin Kr\u0131m<\/p>\n","protected":false},"author":2,"featured_media":47080,"comment_status":"closed","ping_status":"closed","sticky":false,"template":"","format":"standard","meta":{"footnotes":""},"categories":[13],"tags":[],"class_list":["post-47079","post","type-post","status-publish","format-standard","has-post-thumbnail","hentry","category-xarici"],"aioseo_notices":[],"_links":{"self":[{"href":"https:\/\/fedai.az\/index.php?rest_route=\/wp\/v2\/posts\/47079","targetHints":{"allow":["GET"]}}],"collection":[{"href":"https:\/\/fedai.az\/index.php?rest_route=\/wp\/v2\/posts"}],"about":[{"href":"https:\/\/fedai.az\/index.php?rest_route=\/wp\/v2\/types\/post"}],"author":[{"embeddable":true,"href":"https:\/\/fedai.az\/index.php?rest_route=\/wp\/v2\/users\/2"}],"replies":[{"embeddable":true,"href":"https:\/\/fedai.az\/index.php?rest_route=%2Fwp%2Fv2%2Fcomments&post=47079"}],"version-history":[{"count":1,"href":"https:\/\/fedai.az\/index.php?rest_route=\/wp\/v2\/posts\/47079\/revisions"}],"predecessor-version":[{"id":47081,"href":"https:\/\/fedai.az\/index.php?rest_route=\/wp\/v2\/posts\/47079\/revisions\/47081"}],"wp:featuredmedia":[{"embeddable":true,"href":"https:\/\/fedai.az\/index.php?rest_route=\/wp\/v2\/media\/47080"}],"wp:attachment":[{"href":"https:\/\/fedai.az\/index.php?rest_route=%2Fwp%2Fv2%2Fmedia&parent=47079"}],"wp:term":[{"taxonomy":"category","embeddable":true,"href":"https:\/\/fedai.az\/index.php?rest_route=%2Fwp%2Fv2%2Fcategories&post=47079"},{"taxonomy":"post_tag","embeddable":true,"href":"https:\/\/fedai.az\/index.php?rest_route=%2Fwp%2Fv2%2Ftags&post=47079"}],"curies":[{"name":"wp","href":"https:\/\/api.w.org\/{rel}","templated":true}]}}