{"id":47090,"date":"2021-08-31T14:08:56","date_gmt":"2021-08-31T10:08:56","guid":{"rendered":"https:\/\/fedai.az\/?p=47090"},"modified":"2021-08-31T20:40:35","modified_gmt":"2021-08-31T16:40:35","slug":"daxild%c9%99-d%c9%99mir-yumruq-%c9%99m%c9%99liyyatina-ciddi-ehtiyac-var","status":"publish","type":"post","link":"https:\/\/fedai.az\/?p=47090","title":{"rendered":"Daxild\u0259 &#171;D\u0259mir yumruq&#187; \u0259m\u0259liyyat\u0131na ciddi ehtiyac var!"},"content":{"rendered":"\n<p><strong>Bu \u00f6lk\u0259d\u0259 m\u0259n\u015f\u0259l\u0259ri b\u0259lli olan &#8212; erm\u0259ni \u0259sillil\u0259r, PKK-\u00e7\u0131lar v\u0259 FET\u00d6-\u00e7\u00fcl\u0259r konkret olaraq \u015f\u0259hidl\u0259rimiz\u0259, v\u0259 qazil\u0259rimiz\u0259 qar\u015f\u0131 bir s\u0259lib y\u00fcr\u00fc\u015f\u00fc h\u0259yata ke\u00e7irm\u0259kd\u0259dirl\u0259r. H\u0259r k\u0259si adlar\u0131, v\u0259zif\u0259l\u0259ri v\u0259 m\u00f6vqel\u0259ri b\u0259lli olan bu \u00fcns\u00fcrl\u0259r\u0259 qar\u015f\u0131 m\u00fcbariz\u0259y\u0259 s\u0259sl\u0259yirik.<\/strong><\/p>\n\n\n\n<p><strong><br>\u00d6lk\u0259nin Ali Ba\u015f Komandan\u0131 c\u0259nab \u0130lham \u018fliyev v\u0259 Birinci Vitse prezident xan\u0131m Mehriban \u018fliyeva \u015f\u0259hidl\u0259r\u0259 olan m\u00fcnasib\u0259tini d\u00f6n\u0259-d\u00f6n\u0259 b\u0259yan edibl\u0259r. B\u0259s bu adamlar,, g\u00f6r\u0259s\u0259n kiml\u0259rin sifari\u015fl\u0259rini h\u0259yatta ke\u00e7irirl\u0259r?<\/strong><\/p>\n\n\n\n<figure class=\"wp-block-image size-large is-resized\"><img loading=\"lazy\" decoding=\"async\" src=\"https:\/\/fedai.az\/wp-content\/uploads\/2021\/08\/xc-1.jpg\" alt=\"\" class=\"wp-image-47096\" width=\"902\" height=\"449\" srcset=\"https:\/\/fedai.az\/wp-content\/uploads\/2021\/08\/xc-1.jpg 712w, https:\/\/fedai.az\/wp-content\/uploads\/2021\/08\/xc-1-300x150.jpg 300w, https:\/\/fedai.az\/wp-content\/uploads\/2021\/08\/xc-1-150x75.jpg 150w\" sizes=\"auto, (max-width: 902px) 100vw, 902px\" \/><\/figure>\n\n\n\n<p><br>Biri d\u00f6y\u00fc\u015f\u0259n \u0259sg\u0259rin \u0259m\u0259k haqq\u0131n\u0131 k\u0259sir, biri \u015f\u0259hid\u0259 II \u015e\u0259hidl\u0259r Xiyanban\u0131nda yer vermir, biri m\u00fcharib\u0259d\u0259n geri d\u00f6nm\u00fc\u015f \u0259sg\u0259rin veteranl\u0131\u011f\u0131n\u0131 vermir, biril\u0259ri 27 ildir ki, sosial s\u0131\u011fortan\u0131 (qan pulunu) d\u0259d\u0259 mallar\u0131 kimi f\u0131rlad\u0131r, biri qazil\u0259rin m\u00fcalic\u0259sind\u0259n imtina edir, biri m\u00fcharib\u0259 \u0259lill\u0259rinin \u0259lilliyini k\u0259sir, biri \u015f\u0259hid abid\u0259l\u0259rini, plakatlar\u0131n\u0131, da\u011f\u0131d\u0131r, biril\u0259ri qarda\u015f T\u00fcrkiy\u0259nin bayraqlar\u0131n\u0131 endirir, biri \u015f\u0259hid anas\u0131n\u0131 kabinetd\u0259n qovur, biri \u015f\u0259hid anas\u0131n\u0131 &#171;\u0259r\u0259 verm\u0259y\u0259&#187; \u00e7al\u0131\u015f\u0131r, biril\u0259ri q\u0259sd\u0259n xalq\u0131n s\u00fcni sur\u0259td\u0259 naraz\u0131l\u0131\u011f\u0131n\u0131 yaratma\u011fa \u00e7al\u0131\u015f\u0131r v\u0259 s. v\u0259 ilax\u0131r. Bunlar B\u00f6y\u00fck Z\u0259f\u0259rd\u0259n sonra xalq\u0131n sevgisini qazanmaq \u0259v\u0259zin\u0259, minl\u0259rl\u0259 d\u00fc\u015fm\u0259ni \u00f6l\u00fc v\u0259 z\u0259lil g\u00fcn\u0259 salan nifr\u0259tini qazanma\u011fa \u00e7al\u0131\u015f\u0131rlar. Kimdi bu \u00fcns\u00fcrl\u0259r? Bunlar zahird\u0259 \u00f6zl\u0259rini \u00f6lk\u0259 r\u0259hb\u0259rin\u0259 v\u0259 xalq\u0131m\u0131za dost, batind\u0259 is\u0259 d\u00fc\u015fm\u0259nl\u0259 i\u015f birliyi i\u00e7ind\u0259 olan m\u00fcnafiql\u0259rdir. Biz m\u00fcharib\u0259 veteranlar\u0131 olaraq, bu prosesl\u0259ri g\u00f6r\u00fcr v\u0259 narahat\u00e7\u0131l\u0131q ke\u00e7iririk. \u00d6lk\u0259mizin g\u0259l\u0259c\u0259yin\u0259, Komandan\u0131m\u0131z\u0131n b\u00f6y\u00fck siyasi v\u0259 h\u0259rbi d\u00fchasina y\u00f6n\u0259lmi\u015f bu h\u0259r\u0259k\u0259tl\u0259r\u0259 seyr\u00e7i qala bilm\u0259rik.<\/p>\n\n\n\n<p><br><strong>C\u0259nab Ali Ba\u015f Komandan! <\/strong><\/p>\n\n\n\n<p><strong>M\u00fcz\u0259ff\u0259r ordunun M\u00fcz\u0259ff\u0259r Ba\u015f Komandan\u0131!<\/strong><\/p>\n\n\n\n<figure class=\"wp-block-gallery columns-1 is-cropped wp-block-gallery-1 is-layout-flex wp-block-gallery-is-layout-flex\"><ul class=\"blocks-gallery-grid\"><li class=\"blocks-gallery-item\"><figure><img loading=\"lazy\" decoding=\"async\" width=\"637\" height=\"400\" src=\"https:\/\/fedai.az\/wp-content\/uploads\/2021\/08\/susa-xankendi.jpg\" alt=\"\" data-id=\"47093\" data-full-url=\"https:\/\/fedai.az\/wp-content\/uploads\/2021\/08\/susa-xankendi.jpg\" data-link=\"https:\/\/fedai.az\/?attachment_id=47093\" class=\"wp-image-47093\" srcset=\"https:\/\/fedai.az\/wp-content\/uploads\/2021\/08\/susa-xankendi.jpg 637w, https:\/\/fedai.az\/wp-content\/uploads\/2021\/08\/susa-xankendi-300x188.jpg 300w, https:\/\/fedai.az\/wp-content\/uploads\/2021\/08\/susa-xankendi-150x94.jpg 150w, https:\/\/fedai.az\/wp-content\/uploads\/2021\/08\/susa-xankendi-115x73.jpg 115w\" sizes=\"auto, (max-width: 637px) 100vw, 637px\" \/><\/figure><\/li><\/ul><\/figure>\n\n\n\n<p><br>Biz ara\u015fd\u0131rd\u0131q. Bu add\u0131m\u0131 atanlar\u0131n h\u0259r birinin erm\u0259ni \u0259silli, ya FET\u00d6 t\u00f6r-t\u00f6k\u00fcnt\u00fcs\u00fc, ya PKK-\u00e7\u0131, ya da 5-ci kolona k\u00f6p\u0259klik ed\u0259n birisi oldu\u011funu g\u00f6rd\u00fck.<\/p>\n\n\n\n<p><br>Qald\u0131r\u0131n o &#171;D\u0259mir yumru\u011fu&#187;, \u0259mrinizd\u0259yik v\u0259 i\u00e7imizd\u0259ki bu naqisl\u0259rd\u0259n t\u0259mizl\u0259nm\u0259s\u0259k d\u00fc\u015fm\u0259n yenid\u0259n milli h\u0259d\u0259fl\u0259rimizi \u00e7\u00f6kd\u00fcr\u0259c\u0259k. 90-c\u0131 ill\u0259rd\u0259ki ba\u015f\u0131pozuq y\u0131\u011fna\u011f\u0131n d\u00f6vr\u00fcnd\u0259ki kimi yen\u0259 \u00f6z xainlikl\u0259ri il\u0259 \u015f\u0259hid qan\u0131 bahas\u0131na qazan\u0131lm\u0131\u015f bu B\u00f6y\u00fck Z\u0259f\u0259r \u0259limizd\u0259n al\u0131nacaq. D\u00f6vl\u0259tin strateji qollar\u0131nad\u0259k \u00f6z\u00fcn\u00fc s\u0131r\u0131m\u0131\u015f bu adamc\u0131qlar m\u00fc\u0259yy\u0259n olunmal\u0131d\u0131r. Onlar \u00f6z layiqli c\u0259zalar\u0131n\u0131 almay\u0131nca d\u00fc\u015fm\u0259n dayanmayacaq. Onlar\u0131n h\u0259d\u0259find\u0259 bu g\u00fcn M\u00fcz\u0259ff\u0259r Ali Ba\u015f Komandan, Ordu v\u0259 daxili stabillik dayan\u0131b.<\/p>\n\n\n\n<p>\u0130\u015f\u011faldan azad edilm\u0259sinin ili \u00e7\u0131xmam\u0131\u015f K\u0259lb\u0259c\u0259r rayonunda \u015f\u0259hidl\u0259rin fotosu olan plakat vandalcas\u0131na da\u011f\u0131d\u0131l\u0131b. Bunun erm\u0259nil\u0259r t\u0259r\u0259find\u0259n edilm\u0259sini d\u00fc\u015f\u00fcn\u0259nl\u0259r bilm\u0259lidirl\u0259r ki, ordu \u00f6z missiyas\u0131n\u0131 l\u0259yaq\u0259tl\u0259 yerin\u0259 yetirir. Y\u0259ni \u0259raziy\u0259 (Com\u0259rd k\u0259ndi) erm\u0259ninin daxil olmas\u0131 m\u00fcmk\u00fcns\u00fczd\u00fcr. Amma hans\u0131sa dediyimiz daxilimizd\u0259 b\u0259sl\u0259diyimiz v\u0259 y\u00fcks\u0259k v\u0259zif\u0259l\u0259r\u0259 oturtdu\u011fumuz \u00fcns\u00fcr asanl\u0131qla bu i\u015fi g\u00f6r\u0259 bil\u0259r. \u018fn az\u0131 b\u00f6lg\u0259d\u0259 panika v\u0259 qar\u015f\u0131l\u0131ql\u0131 nifr\u0259t yaratma\u011fa xidm\u0259t ed\u0259n bu iyr\u0259nc add\u0131m\u0131 ata bil\u0259r. Qald\u0131 ki, eyni fakt bir ne\u00e7\u0259 rayonda ba\u015f verdiyin\u0259 g\u00f6r\u0259 bunun da m\u0259lum \u015f\u0259b\u0259k\u0259nin i\u015fi olmas\u0131n\u0131 daldalama\u011fa ehtiyac yoxdur.<\/p>\n\n\n\n<figure class=\"wp-block-embed is-type-video is-provider-youtube wp-block-embed-youtube wp-embed-aspect-16-9 wp-has-aspect-ratio\"><div class=\"wp-block-embed__wrapper\">\n<iframe loading=\"lazy\" title=\"K\u0259lb\u0259c\u0259r rayonunda \u015e\u018fH\u0130DL\u018fR\u0130N \u015f\u0259kili s\u0131nd\u0131r\u0131laraq d\u0259r\u0259y\u0259 at\u0131ld\u0131\" width=\"715\" height=\"402\" src=\"https:\/\/www.youtube.com\/embed\/9mGZ7WdEW4w?feature=oembed\" frameborder=\"0\" allow=\"accelerometer; autoplay; clipboard-write; encrypted-media; gyroscope; picture-in-picture\" allowfullscreen><\/iframe>\n<\/div><\/figure>\n\n\n\n<p><br>\u0130nanmaq ist\u0259yirik ki, \u00fczl\u0259ri d\u0259yi\u015fmi\u015f v\u0259 lakin izl\u0259ri d\u0259yi\u015fm\u0259y\u0259n bu adamlara qar\u015f\u0131 \u00fcmummilli bir m\u00fcbariz\u0259 ba\u015flanacaq. &#171;D\u0259mir yumruq&#187; bu d\u0259f\u0259 daha qorxunc v\u0259 daha ir\u0259li getmi\u015f d\u00fc\u015fm\u0259nl\u0259rin ba\u015f\u0131na en\u0259c\u0259kdir.<\/p>\n\n\n\n<p><br><strong>Biz Siz\u0259 inan\u0131r\u0131q!<\/strong><\/p>\n\n\n\n<p><strong>Az\u0259rbaycan V\u0259t\u0259n M\u00fcharib\u0259si Veteranlar\u0131 \u0130ctimai Birliyi (AVMV\u0130B) M\u0259tbuat Xidm\u0259ti<\/strong><\/p>\n","protected":false},"excerpt":{"rendered":"<p>Bu \u00f6lk\u0259d\u0259 m\u0259n\u015f\u0259l\u0259ri b\u0259lli olan &#8212; erm\u0259ni \u0259sillil\u0259r, PKK-\u00e7\u0131lar v\u0259 FET\u00d6-\u00e7\u00fcl\u0259r konkret olaraq \u015f\u0259hidl\u0259rimiz\u0259, v\u0259 qazil\u0259rimiz\u0259 qar\u015f\u0131 bir s\u0259lib y\u00fcr\u00fc\u015f\u00fc h\u0259yata ke\u00e7irm\u0259kd\u0259dirl\u0259r. H\u0259r k\u0259si<\/p>\n","protected":false},"author":2,"featured_media":47098,"comment_status":"closed","ping_status":"closed","sticky":false,"template":"","format":"standard","meta":{"footnotes":""},"categories":[3],"tags":[],"class_list":["post-47090","post","type-post","status-publish","format-standard","has-post-thumbnail","hentry","category-gundm"],"aioseo_notices":[],"_links":{"self":[{"href":"https:\/\/fedai.az\/index.php?rest_route=\/wp\/v2\/posts\/47090","targetHints":{"allow":["GET"]}}],"collection":[{"href":"https:\/\/fedai.az\/index.php?rest_route=\/wp\/v2\/posts"}],"about":[{"href":"https:\/\/fedai.az\/index.php?rest_route=\/wp\/v2\/types\/post"}],"author":[{"embeddable":true,"href":"https:\/\/fedai.az\/index.php?rest_route=\/wp\/v2\/users\/2"}],"replies":[{"embeddable":true,"href":"https:\/\/fedai.az\/index.php?rest_route=%2Fwp%2Fv2%2Fcomments&post=47090"}],"version-history":[{"count":2,"href":"https:\/\/fedai.az\/index.php?rest_route=\/wp\/v2\/posts\/47090\/revisions"}],"predecessor-version":[{"id":47101,"href":"https:\/\/fedai.az\/index.php?rest_route=\/wp\/v2\/posts\/47090\/revisions\/47101"}],"wp:featuredmedia":[{"embeddable":true,"href":"https:\/\/fedai.az\/index.php?rest_route=\/wp\/v2\/media\/47098"}],"wp:attachment":[{"href":"https:\/\/fedai.az\/index.php?rest_route=%2Fwp%2Fv2%2Fmedia&parent=47090"}],"wp:term":[{"taxonomy":"category","embeddable":true,"href":"https:\/\/fedai.az\/index.php?rest_route=%2Fwp%2Fv2%2Fcategories&post=47090"},{"taxonomy":"post_tag","embeddable":true,"href":"https:\/\/fedai.az\/index.php?rest_route=%2Fwp%2Fv2%2Ftags&post=47090"}],"curies":[{"name":"wp","href":"https:\/\/api.w.org\/{rel}","templated":true}]}}