{"id":47103,"date":"2021-09-01T00:03:34","date_gmt":"2021-08-31T20:03:34","guid":{"rendered":"https:\/\/fedai.az\/?p=47103"},"modified":"2021-09-01T00:03:36","modified_gmt":"2021-08-31T20:03:36","slug":"ilham-%c9%99liyev-ozb%c9%99kistan-prezidentini-t%c9%99brik-etdi","status":"publish","type":"post","link":"https:\/\/fedai.az\/?p=47103","title":{"rendered":"\u0130lham \u018fliyev \u00d6zb\u0259kistan Prezidentini t\u0259brik etdi"},"content":{"rendered":"\n<p><strong>Prezident \u0130lham \u018fliyev \u00d6zb\u0259kistan Respublikas\u0131n\u0131n Prezidenti \u015eavkat Mirziyoyev\u0259 t\u0259brik m\u0259ktubu \u00fcnvanlay\u0131b.<\/strong><\/p>\n\n\n\n<p>T\u0259brik m\u0259tnind\u0259 deyilir:<\/p>\n\n\n\n<p>\u201cH\u00f6rm\u0259tli c\u0259nab Prezident,<\/p>\n\n\n\n<p>Qarda\u015f \u00d6zb\u0259kistan Respublikas\u0131n\u0131n m\u00fcst\u0259qilliyinin 30-cu ild\u00f6n\u00fcm\u00fc m\u00fcnasib\u0259til\u0259 Siz\u0259 v\u0259 Sizin siman\u0131zda b\u00fct\u00fcn xalq\u0131n\u0131za \u00f6z ad\u0131mdan v\u0259 Az\u0259rbaycan xalq\u0131 ad\u0131ndan \u0259n s\u0259mimi t\u0259brikl\u0259rimi v\u0259 xo\u015f arzular\u0131m\u0131 yetirm\u0259kd\u0259n m\u0259mnunluq duyuram.<\/p>\n\n\n\n<p>\u00d6t\u0259n d\u00f6vr \u0259rzind\u0259 Sizin m\u00fcdrik r\u0259hb\u0259rliyiniz alt\u0131nda \u00d6zb\u0259kistanda sosial-iqtisadi t\u0259r\u0259qqi v\u0259 dig\u0259r sah\u0259l\u0259rd\u0259 m\u00fch\u00fcm nailiyy\u0259tl\u0259rin \u0259ld\u0259 edilm\u0259si qarda\u015f d\u00f6vl\u0259t olaraq bizi \u00e7ox sevindirir.<\/p>\n\n\n\n<p>Qar\u015f\u0131l\u0131ql\u0131 etimad v\u0259 d\u0259st\u0259y\u0259 \u0259saslanan Az\u0259rbaycan-\u00d6zb\u0259kistan m\u00fcnasib\u0259tl\u0259rinin m\u00f6vcud v\u0259ziyy\u0259ti m\u0259mnunluq do\u011furur. Bu m\u00fcnasib\u0259tl\u0259rimiz siyasi, iqtisadi v\u0259 m\u0259d\u0259ni \u0259laq\u0259l\u0259rimizin y\u00fcks\u0259k inki\u015faf s\u0259viyy\u0259si il\u0259 s\u0259ciyy\u0259l\u0259nir.<\/p>\n\n\n\n<p>\u018fmin\u0259m ki, ikit\u0259r\u0259fli v\u0259 \u00e7oxt\u0259r\u0259fli qaydada \u0259m\u0259kda\u015fl\u0131\u011f\u0131m\u0131z\u0131n daha da d\u0259rinl\u0259\u015fm\u0259si istiqam\u0259tind\u0259 atd\u0131\u011f\u0131m\u0131z birg\u0259 add\u0131mlar bundan sonra da xalqlar\u0131m\u0131z\u0131n rifah\u0131na xidm\u0259t ed\u0259c\u0259kdir.<\/p>\n\n\n\n<p>Bel\u0259 bir \u0259lam\u0259tdar g\u00fcnd\u0259 Sizi bir daha \u00fcr\u0259kd\u0259n t\u0259brik edir, qarda\u015f \u00d6zb\u0259kistan Respublikas\u0131na daim \u0259min-amanl\u0131q v\u0259 firavanl\u0131q dil\u0259yir\u0259m\u201d.<\/p>\n","protected":false},"excerpt":{"rendered":"<p>Prezident \u0130lham \u018fliyev \u00d6zb\u0259kistan Respublikas\u0131n\u0131n Prezidenti \u015eavkat Mirziyoyev\u0259 t\u0259brik m\u0259ktubu \u00fcnvanlay\u0131b. T\u0259brik m\u0259tnind\u0259 deyilir: \u201cH\u00f6rm\u0259tli c\u0259nab Prezident, Qarda\u015f \u00d6zb\u0259kistan Respublikas\u0131n\u0131n m\u00fcst\u0259qilliyinin 30-cu ild\u00f6n\u00fcm\u00fc m\u00fcnasib\u0259til\u0259<\/p>\n","protected":false},"author":2,"featured_media":0,"comment_status":"closed","ping_status":"closed","sticky":false,"template":"","format":"standard","meta":{"footnotes":""},"categories":[1],"tags":[],"class_list":["post-47103","post","type-post","status-publish","format-standard","hentry","category-siyast"],"aioseo_notices":[],"_links":{"self":[{"href":"https:\/\/fedai.az\/index.php?rest_route=\/wp\/v2\/posts\/47103","targetHints":{"allow":["GET"]}}],"collection":[{"href":"https:\/\/fedai.az\/index.php?rest_route=\/wp\/v2\/posts"}],"about":[{"href":"https:\/\/fedai.az\/index.php?rest_route=\/wp\/v2\/types\/post"}],"author":[{"embeddable":true,"href":"https:\/\/fedai.az\/index.php?rest_route=\/wp\/v2\/users\/2"}],"replies":[{"embeddable":true,"href":"https:\/\/fedai.az\/index.php?rest_route=%2Fwp%2Fv2%2Fcomments&post=47103"}],"version-history":[{"count":1,"href":"https:\/\/fedai.az\/index.php?rest_route=\/wp\/v2\/posts\/47103\/revisions"}],"predecessor-version":[{"id":47105,"href":"https:\/\/fedai.az\/index.php?rest_route=\/wp\/v2\/posts\/47103\/revisions\/47105"}],"wp:attachment":[{"href":"https:\/\/fedai.az\/index.php?rest_route=%2Fwp%2Fv2%2Fmedia&parent=47103"}],"wp:term":[{"taxonomy":"category","embeddable":true,"href":"https:\/\/fedai.az\/index.php?rest_route=%2Fwp%2Fv2%2Fcategories&post=47103"},{"taxonomy":"post_tag","embeddable":true,"href":"https:\/\/fedai.az\/index.php?rest_route=%2Fwp%2Fv2%2Ftags&post=47103"}],"curies":[{"name":"wp","href":"https:\/\/api.w.org\/{rel}","templated":true}]}}