{"id":47111,"date":"2021-09-01T00:30:28","date_gmt":"2021-08-31T20:30:28","guid":{"rendered":"https:\/\/fedai.az\/?p=47111"},"modified":"2021-09-01T02:29:56","modified_gmt":"2021-08-31T22:29:56","slug":"lavrov-n%c9%99qliyyat-%c9%99laq%c9%99l%c9%99rind%c9%99n-danisib","status":"publish","type":"post","link":"https:\/\/fedai.az\/?p=47111","title":{"rendered":"Lavrov n\u0259qliyyat \u0259laq\u0259l\u0259rind\u0259n dan\u0131\u015f\u0131b"},"content":{"rendered":"\n<p><strong>&#171;Erm\u0259nistan-Az\u0259rbaycan s\u0259rh\u0259dind\u0259 v\u0259ziyy\u0259t \u0259traf\u0131nda fikir m\u00fcbadil\u0259si apard\u0131q. Hesab edirik ki, b\u00fct\u00fcn m\u0259s\u0259l\u0259l\u0259ri istisnas\u0131z olaraq siyasi-diplomatik metodlarla nizamlamaq laz\u0131md\u0131r\u201d.<\/strong><\/p>\n\n\n\n<p>Bunu Rusiya xarici i\u015fl\u0259r naziri Sergey Lavrov erm\u0259ni h\u0259mkar\u0131 Ararat Mirzoyanla dan\u0131\u015f\u0131qlar\u0131n\u0131n yekunlar\u0131na dair birg\u0259 m\u0259tbuat konfrans\u0131nda bildirib.<\/p>\n\n\n\n<p>&#171;Uzunm\u00fcdd\u0259tli nizamlama is\u0259 ancaq s\u0259rh\u0259dl\u0259rin delimitasiyasi v\u0259 demarkasiyas\u0131 prosesinin apar\u0131lmas\u0131 il\u0259 m\u00fcmk\u00fcnd\u00fcr. Rusiya Prezidentinin bununla ba\u011fl\u0131 t\u0259\u015f\u0259bb\u00fcs\u00fc yax\u015f\u0131 m\u0259lumdur. Biz bu g\u00fcn bu t\u0259\u015f\u0259bb\u00fcs\u00fcn nec\u0259 tez h\u0259yata ke\u00e7irilm\u0259sinin m\u00fcmk\u00fcnl\u00fcy\u00fc bar\u0259d\u0259 dan\u0131\u015fd\u0131q. Bu proses\u0259 h\u0259rt\u0259r\u0259fli k\u00f6m\u0259k etm\u0259y\u0259 haz\u0131r oldu\u011fumuz t\u0259sdiql\u0259dik\u201d, dey\u0259 Rusiya X\u0130N ba\u015f\u00e7\u0131s\u0131 vur\u011fulay\u0131b.<\/p>\n\n\n\n<p>S. Lavrov C\u0259nubi Qafqazda iqtisadi v\u0259 n\u0259qliyyat \u0259laq\u0259l\u0259rinin a\u00e7\u0131lmas\u0131 il\u0259 ba\u011fl\u0131 \u00fc\u00e7t\u0259r\u0259fli i\u015f\u00e7i qrupun f\u0259aliyy\u0259tind\u0259n raz\u0131 olduqlar\u0131n\u0131 da s\u00f6yl\u0259yib: &#171;\u00dcmid edirik ki, bu mexanizmin f\u0259aliyy\u0259ti v\u0259 b\u00fct\u00fcn kommunikasiyalar\u0131n a\u00e7\u0131lmas\u0131 t\u0259kc\u0259 C\u0259nubi Qafqaz regionunun iqtisadi inki\u015faf\u0131na deyil, regionda siyasi nizamlanman\u0131n etibarl\u0131 \u0259saslarla t\u0259min olunmas\u0131na v\u0259 regionun \u00e7i\u00e7\u0259kl\u0259nm\u0259sin\u0259 k\u00f6m\u0259k ed\u0259c\u0259k\u201d.<\/p>\n\n\n\n<p><strong>Erm\u0259ni jurnalistin &#171;h\u0259rbi \u0259sirl\u0259rl\u0259&#187; ba\u011fl\u0131 sual\u0131na is\u0259 Lavrovun cavab\u0131 do\u011fru v\u0259 konkret olub. O, bildirib ki, birg\u0259 sazi\u015f\u0259d\u0259k olan \u0259sirl\u0259r burax\u0131l\u0131b. Saxlanan erm\u0259ni h\u0259rb\u00e7il\u0259ri is\u0259 noyabr\u0131n ax\u0131rlar\u0131nda \u0259sir g\u00f6t\u00fcr\u00fcl\u00fcbl\u0259r.<\/strong><\/p>\n\n\n\n<p>Erm\u0259nistan\u0131n Xarici \u0130\u015fl\u0259r naziri Ararat Mirzoyan is\u0259 yen\u0259 k\u00f6hn\u0259 ampulas\u0131nda olduqlar\u0131n\u0131 n\u00fcmayi\u015f etdir\u0259r\u0259k, Arsax v\u0259 bu kimi sarsaq fikirl\u0259rini a\u00e7\u0131qlay\u0131b. <\/p>\n\n\n\n<p> <strong>\u018ftrafl\u0131 videoda:<\/strong><\/p>\n\n\n\n<figure class=\"wp-block-embed is-type-video is-provider-youtube wp-block-embed-youtube wp-embed-aspect-16-9 wp-has-aspect-ratio\"><div class=\"wp-block-embed__wrapper\">\n<iframe loading=\"lazy\" title=\"\u0531\u0564\u0580\u0562\u0565\u057b\u0561\u0576\u056b \u0561\u0563\u0580\u0565\u057d\u056b\u057e \u0570\u057c\u0565\u057f\u0578\u0580\u0561\u0562\u0561\u0576\u0578\u0582\u0569\u0575\u0578\u0582\u0576\u0568 \u056d\u0561\u0569\u0561\u0580\u0578\u0582\u0574 \u0567 \u057f\u0561\u0580\u0561\u056e\u0561\u0577\u0580\u057b\u0561\u0576\u056b \u056d\u0561\u0572\u0561\u0572\u0578\u0582\u0569\u0575\u0578\u0582\u0576\u0568. \u0544\u056b\u0580\u0566\u0578\u0575\u0561\u0576\" width=\"715\" height=\"402\" src=\"https:\/\/www.youtube.com\/embed\/QeLG8Qi5MUo?feature=oembed\" frameborder=\"0\" allow=\"accelerometer; autoplay; clipboard-write; encrypted-media; gyroscope; picture-in-picture\" allowfullscreen><\/iframe>\n<\/div><\/figure>\n","protected":false},"excerpt":{"rendered":"<p>&#171;Erm\u0259nistan-Az\u0259rbaycan s\u0259rh\u0259dind\u0259 v\u0259ziyy\u0259t \u0259traf\u0131nda fikir m\u00fcbadil\u0259si apard\u0131q. Hesab edirik ki, b\u00fct\u00fcn m\u0259s\u0259l\u0259l\u0259ri istisnas\u0131z olaraq siyasi-diplomatik metodlarla nizamlamaq laz\u0131md\u0131r\u201d. Bunu Rusiya xarici i\u015fl\u0259r naziri Sergey<\/p>\n","protected":false},"author":2,"featured_media":0,"comment_status":"closed","ping_status":"closed","sticky":false,"template":"","format":"standard","meta":{"footnotes":""},"categories":[1],"tags":[],"class_list":["post-47111","post","type-post","status-publish","format-standard","hentry","category-siyast"],"aioseo_notices":[],"_links":{"self":[{"href":"https:\/\/fedai.az\/index.php?rest_route=\/wp\/v2\/posts\/47111","targetHints":{"allow":["GET"]}}],"collection":[{"href":"https:\/\/fedai.az\/index.php?rest_route=\/wp\/v2\/posts"}],"about":[{"href":"https:\/\/fedai.az\/index.php?rest_route=\/wp\/v2\/types\/post"}],"author":[{"embeddable":true,"href":"https:\/\/fedai.az\/index.php?rest_route=\/wp\/v2\/users\/2"}],"replies":[{"embeddable":true,"href":"https:\/\/fedai.az\/index.php?rest_route=%2Fwp%2Fv2%2Fcomments&post=47111"}],"version-history":[{"count":2,"href":"https:\/\/fedai.az\/index.php?rest_route=\/wp\/v2\/posts\/47111\/revisions"}],"predecessor-version":[{"id":47163,"href":"https:\/\/fedai.az\/index.php?rest_route=\/wp\/v2\/posts\/47111\/revisions\/47163"}],"wp:attachment":[{"href":"https:\/\/fedai.az\/index.php?rest_route=%2Fwp%2Fv2%2Fmedia&parent=47111"}],"wp:term":[{"taxonomy":"category","embeddable":true,"href":"https:\/\/fedai.az\/index.php?rest_route=%2Fwp%2Fv2%2Fcategories&post=47111"},{"taxonomy":"post_tag","embeddable":true,"href":"https:\/\/fedai.az\/index.php?rest_route=%2Fwp%2Fv2%2Ftags&post=47111"}],"curies":[{"name":"wp","href":"https:\/\/api.w.org\/{rel}","templated":true}]}}