{"id":47115,"date":"2021-09-01T00:59:43","date_gmt":"2021-08-31T20:59:43","guid":{"rendered":"https:\/\/fedai.az\/?p=47115"},"modified":"2021-09-01T00:59:52","modified_gmt":"2021-08-31T20:59:52","slug":"mehriban-%c9%99liyeva-susada-goz-yaslarina-hakim-ola-bilm%c9%99di","status":"publish","type":"post","link":"https:\/\/fedai.az\/?p=47115","title":{"rendered":"Mehriban \u018fliyeva \u015eu\u015fada g\u00f6z ya\u015flar\u0131na hakim ola bilm\u0259di"},"content":{"rendered":"\n<p><strong>X\u0259b\u0259r verdiyimiz kimi, \u00f6t\u0259n g\u00fcn \u015eu\u015fada Prezident \u0130lham \u018fliyev v\u0259 Birinci vitse-prezident Mehriban \u018fliyeva Vaqif Poeziya G\u00fcnl\u0259rinin r\u0259smi a\u00e7\u0131l\u0131\u015f\u0131nda i\u015ftirak edib.\u00a0<\/strong><\/p>\n\n\n\n<p>A\u00e7\u0131l\u0131\u015f m\u0259rasimind\u0259 \u0259vv\u0259lc\u0259 i\u015ftirak\u00e7\u0131lara video\u00e7arx t\u0259qdim olunub. H\u0259min g\u00f6r\u00fcnt\u00fcl\u0259rd\u0259 ulu \u00f6nd\u0259r Heyd\u0259r \u018fliyevin \u015eu\u015faya getm\u0259kl\u0259 ba\u011fl\u0131 arzusunu dinl\u0259y\u0259n birinci xan\u0131m Mehriban \u018fliyeva k\u00f6vr\u0259lib.\u00a0<\/p>\n\n\n\n<p>A\u00e7\u0131l\u0131\u015f m\u0259rasimi bitdikd\u0259n sonra is\u0259 d\u00f6vl\u0259t ba\u015f\u00e7\u0131s\u0131 v\u0259 xan\u0131m\u0131 ziyal\u0131larla, ictimaiyy\u0259t n\u00fcmay\u0259nd\u0259l\u0259ri il\u0259 s\u00f6hb\u0259tl\u0259\u015fib.<\/p>\n\n\n\n<p>M\u0259nb\u0259: EDNews.net\u00a0<\/p>\n\n\n\n<figure class=\"wp-block-embed is-type-video is-provider-youtube wp-block-embed-youtube wp-embed-aspect-16-9 wp-has-aspect-ratio\"><div class=\"wp-block-embed__wrapper\">\n<iframe loading=\"lazy\" title=\"Prezident v\u0259 birinci xan\u0131m\u0131n \u015eu\u015fada ziyal\u0131larla, ictimaiyy\u0259t n\u00fcmay\u0259nd\u0259l\u0259ri il\u0259 s\u0259mimi s\u00f6hb\u0259ti\" width=\"715\" height=\"402\" src=\"https:\/\/www.youtube.com\/embed\/EQysw2wHfXk?feature=oembed\" frameborder=\"0\" allow=\"accelerometer; autoplay; clipboard-write; encrypted-media; gyroscope; picture-in-picture\" allowfullscreen><\/iframe>\n<\/div><\/figure>\n","protected":false},"excerpt":{"rendered":"<p>X\u0259b\u0259r verdiyimiz kimi, \u00f6t\u0259n g\u00fcn \u015eu\u015fada Prezident \u0130lham \u018fliyev v\u0259 Birinci vitse-prezident Mehriban \u018fliyeva Vaqif Poeziya G\u00fcnl\u0259rinin r\u0259smi a\u00e7\u0131l\u0131\u015f\u0131nda i\u015ftirak edib.\u00a0 A\u00e7\u0131l\u0131\u015f m\u0259rasimind\u0259 \u0259vv\u0259lc\u0259<\/p>\n","protected":false},"author":2,"featured_media":0,"comment_status":"closed","ping_status":"closed","sticky":false,"template":"","format":"standard","meta":{"footnotes":""},"categories":[4],"tags":[],"class_list":["post-47115","post","type-post","status-publish","format-standard","hentry","category-qarabag"],"aioseo_notices":[],"_links":{"self":[{"href":"https:\/\/fedai.az\/index.php?rest_route=\/wp\/v2\/posts\/47115","targetHints":{"allow":["GET"]}}],"collection":[{"href":"https:\/\/fedai.az\/index.php?rest_route=\/wp\/v2\/posts"}],"about":[{"href":"https:\/\/fedai.az\/index.php?rest_route=\/wp\/v2\/types\/post"}],"author":[{"embeddable":true,"href":"https:\/\/fedai.az\/index.php?rest_route=\/wp\/v2\/users\/2"}],"replies":[{"embeddable":true,"href":"https:\/\/fedai.az\/index.php?rest_route=%2Fwp%2Fv2%2Fcomments&post=47115"}],"version-history":[{"count":1,"href":"https:\/\/fedai.az\/index.php?rest_route=\/wp\/v2\/posts\/47115\/revisions"}],"predecessor-version":[{"id":47117,"href":"https:\/\/fedai.az\/index.php?rest_route=\/wp\/v2\/posts\/47115\/revisions\/47117"}],"wp:attachment":[{"href":"https:\/\/fedai.az\/index.php?rest_route=%2Fwp%2Fv2%2Fmedia&parent=47115"}],"wp:term":[{"taxonomy":"category","embeddable":true,"href":"https:\/\/fedai.az\/index.php?rest_route=%2Fwp%2Fv2%2Fcategories&post=47115"},{"taxonomy":"post_tag","embeddable":true,"href":"https:\/\/fedai.az\/index.php?rest_route=%2Fwp%2Fv2%2Ftags&post=47115"}],"curies":[{"name":"wp","href":"https:\/\/api.w.org\/{rel}","templated":true}]}}