{"id":47118,"date":"2021-09-01T01:24:08","date_gmt":"2021-08-31T21:24:08","guid":{"rendered":"https:\/\/fedai.az\/?p=47118"},"modified":"2021-09-01T01:24:14","modified_gmt":"2021-08-31T21:24:14","slug":"t%c9%99brik-murs%c9%99lov-murad-aga-oglu-73","status":"publish","type":"post","link":"https:\/\/fedai.az\/?p=47118","title":{"rendered":"T\u018fBR\u0130K: M\u00dcRS\u018fLOV MURAD A\u011eA \u00d6\u011eLU &#8212; 73"},"content":{"rendered":"\n<p><strong>\u00a0\u00a0\u00a0\u00a0 AVMV\u0130B r\u0259hb\u0259rliyi F\u0259dai. az.\u00a0kollektivi v\u0259 Az\u0259rbaycan V\u0259t\u0259n M\u00fcharib\u0259si Veteranlar\u0131 \u0130ctimai Birliyinin s\u0259dr m\u00fcavini polkovnik Salman Musayev ehtiyyatda olan polkovnik- leytenant M\u00fcrs\u0259lov Murad A\u011fa o\u011flunu do\u011fum g\u00fcn\u00fc m\u00fcnasib\u0259til\u0259 s\u0259mimi q\u0259lbd\u0259n t\u0259brik edir,h\u0259yatda insan \u00fc\u00e7\u00fcn \u0259n \u015firin nem\u0259t olan m\u00f6hk\u0259m can sa\u011fl\u0131\u011f\u0131 v\u0259 h\u0259yat yollar\u0131nda bitib- t\u00fck\u0259nm\u0259y\u0259n nailiyy\u0259tl\u0259r arzulay\u0131r.<\/strong><\/p>\n\n\n\n<p><strong>&nbsp;&nbsp;&nbsp;&nbsp;&nbsp; Qoy ya\u015f\u0131n\u0131n \u00fcst\u0259 g\u0259l\u0259n bu ya\u015f ona sevinc dolu g\u00fcnl\u0259r b\u0259x\u015f etsin, h\u0259r yeni g\u00fcn\u00fc is\u0259 \u00f6t\u0259n g\u00fcnl\u0259rd\u0259n daha g\u00f6z\u0259l ist\u0259kl\u0259rin\u0259 uy\u011fun onu xo\u015fb\u0259xt ed\u0259c\u0259k \u015f\u0259kild\u0259 ke\u00e7sin, Amin!<\/strong><\/p>\n\n\n\n<figure class=\"wp-block-gallery columns-2 is-cropped wp-block-gallery-1 is-layout-flex wp-block-gallery-is-layout-flex\"><ul class=\"blocks-gallery-grid\"><li class=\"blocks-gallery-item\"><figure><img decoding=\"async\" src=\"https:\/\/fedai.az\/wp-content\/uploads\/2021\/09\/240829733_408103947325470_5037876693511043419_n-654x1024.jpg\" alt=\"\" data-id=\"47119\" data-link=\"https:\/\/fedai.az\/?attachment_id=47119\" class=\"wp-image-47119\"\/><\/figure><\/li><li class=\"blocks-gallery-item\"><figure><img decoding=\"async\" src=\"https:\/\/fedai.az\/wp-content\/uploads\/2021\/09\/241030250_958551411543075_7026486424147688291_n-673x1024.jpg\" alt=\"\" data-id=\"47122\" data-full-url=\"https:\/\/fedai.az\/wp-content\/uploads\/2021\/09\/241030250_958551411543075_7026486424147688291_n.jpg\" data-link=\"https:\/\/fedai.az\/?attachment_id=47122\" class=\"wp-image-47122\"\/><\/figure><\/li><\/ul><\/figure>\n\n\n\n<p>\u00a0\u00a0\u00a0\u00a0\u00a0 M\u00fcharib\u0259 v\u0259 Silahl\u0131 Q\u00fcvv\u0259l\u0259r Veteran\u0131, ehtiyyatda olan polkovnik-leytenant M\u00fcrs\u0259lov Murad A\u011fa o\u011flu 01 sentyabr 1948-ci ild\u0259 \u0130smay\u0131ll\u0131 rayonun\u00a0 H\u0259ft\u0259sov k\u0259ndind\u0259 anadan olub.<\/p>\n\n\n\n<p>&nbsp;&nbsp;&nbsp;&nbsp;&nbsp;&nbsp; M\u00fcrs\u0259lov Murad A\u011fa o\u011flu 1955- ci ild\u0259 \u0130smay\u0131ll\u0131 rayonun H\u0259ft\u0259sov k\u0259ndind\u0259 birinci sinif\u0259 getmi\u015f, 1965-ci ild\u0259 h\u0259min m\u0259kt\u0259bi bitirdikd\u0259n sonra 1965-ci ild\u0259 T\u00fcrkm\u0259nistan Respublikas\u0131n\u0131n Krasnovod \u015f\u0259h\u0259rind\u0259 Neft emal\u0131 texnikomuna daxil olmu\u015f, 1967-ci ild\u0259&nbsp; h\u0259m\u0131n texnikomu bitirmi\u015fdir.<\/p>\n\n\n\n<p>&nbsp;&nbsp;&nbsp;&nbsp; O,1967-1969 -cu il\u0259rd\u0259&nbsp; Ural vilay\u0259tinin Kurqan \u015f\u0259h\u0259rind\u0259 yerl\u0259\u015f\u0259n h\u0259rbi hiss\u0259d\u0259 m\u00fcddd\u0259tli h\u0259qqi h\u0259rbi xidm\u0259td\u0259 olmu\u015fdur.<\/p>\n\n\n\n<p>&nbsp;&nbsp;&nbsp;&nbsp; Polkovnik- leytenant Murad M\u00fcrs\u0259lov&nbsp; 1977-ci ild\u0259 SSR\u0130 Daxili \u0130\u015fl\u0259r Nazirliyinin Daxili Qo\u015funlar\u0131n\u0131n Oryol \u015f\u0259h\u0259rind\u0259 yerl\u0259\u015f\u0259n gizirl\u0259r m\u0259kt\u0259bini, 1982-ci ild\u0259 is\u0259 SSR\u0130&nbsp; Daxili \u0130\u015fl\u0259r Nazirliyinin Daxili Qo\u015funlar\u0131n&nbsp; LKC\u0130- nin 60 illiyi ad\u0131na Leninqrad Ali h\u0259rbi m\u0259kt\u0259bini bitirmi\u015fdir.<\/p>\n\n\n\n<figure class=\"wp-block-image size-large\"><img decoding=\"async\" src=\"https:\/\/fedai.az\/wp-content\/uploads\/2021\/09\/240934974_856675575212416_7734207399551790286_n-1024x676.jpg\" alt=\"\" class=\"wp-image-47121\"\/><\/figure>\n\n\n\n<p>&nbsp;&nbsp;&nbsp;&nbsp;&nbsp; O,1969 &#8212; 1991ci ill\u0259rd\u0259 SSR\u0130&nbsp; Daxili \u0130\u015fl\u0259r Nazirliyinin Daxili Qo\u015funlar\u0131n\u0131n Tiflis v\u0259 Baki \u015f\u0259h\u0259rind\u0259 yerl\u0259\u015f\u0259n Divizyalar\u0131n Nizami, Qarada\u011f v\u0259 N\u0259rimanov rayonlar\u0131nda yerl\u0259\u015f\u0259n (Konvoy) M\u00fchaf\u0131z\u0259&nbsp; alay\u0131nda b\u00f6l\u00fcy\u00fcn ba\u015f cavu\u015fu, taq\u0131m v\u0259 b\u00f6luk komandiri,&nbsp; M\u00fchafiz\u0259 taborunun q\u0259rargah r\u0259isinin n\u0259zar\u0259tci (kontralyor) xidm\u0259ti \u00fczr\u0259&nbsp;&nbsp; m\u00fcavini, M\u00fchafiz\u0259 (Konvoy) taborunun q\u0259rargah r\u0259isi v\u0259zif\u0259sind\u0259 olmu\u015fdur.<\/p>\n\n\n\n<figure class=\"wp-block-image size-large\"><img decoding=\"async\" src=\"https:\/\/fedai.az\/wp-content\/uploads\/2021\/09\/241024103_4528800277196362_7048629072174631927_n.jpg\" alt=\"\" class=\"wp-image-47123\"\/><\/figure>\n\n\n\n<p>&nbsp;&nbsp;&nbsp;&nbsp;&nbsp; 1992 -2003-c\u00fc ill\u0259rd\u0259 &nbsp;Murad M\u00fcrs\u0259lov Az\u0259rbaycan Respublikas\u0131n\u0131n Daxili \u0130\u015fl\u0259r Nazirliyinin Daxili Qo\u015funlar\u0131n\u0131n Bas \u0130dar\u0259sinin Quba rayonunda (Yalama q\u0259s\u0259b\u0259sind\u0259), G\u0259nc\u0259 \u015f\u0259h\u0259rind\u0259 yerl\u0259\u015f\u0259n h\u0259rbi hiss\u0259l\u0259rd\u0259 h\u0259rbi hiss\u0259 komandirinin m\u00fcavini-q\u0259rargah r\u0259isi, h\u0259rbi hiss\u0259 komandirinin arxa xidm\u0259t (arxa c\u0259bh\u0259 xidm\u0259tl\u0259ri ) \u00fczr\u0259 m\u00fcavini,&nbsp; Daxili Qo\u015funlar\u0131n Bas \u0130dar\u0259sinin D\u00f6y\u00fc\u015f Haz\u0131rl\u0131\u011f\u0131 idar\u0259sind\u0259 ba\u015f zabit, \u018fm\u0259liyyat&nbsp; v\u0259 D\u00f6y\u00fc\u015f haz\u0131rl\u0131\u011f\u0131 \u0130dar\u0259sinin d\u00f6y\u00fc\u015f haz\u0131rl\u0131\u011f\u0131 \u015f\u00f6b\u0259 r\u0259isinin m\u00fcavini v\u0259zif\u0259l\u0259rind\u0259 xidm\u0259t etmi\u015fdir.<\/p>\n\n\n\n<p>&nbsp; &nbsp;&nbsp;&nbsp;&nbsp;&nbsp;Ehtiyyatda olan polkovnik- leytenant M\u00fcrs\u0259lov Murad A\u011fa o\u011flu Az\u0259rbaycan Respublikas\u0131 Konstitusiyas\u0131na v\u0259 qanunlar\u0131na, h\u0259rbi and\u0131n, h\u0259rbi nizamnam\u0259l\u0259rin, Daxili Qo\u015funlar\u0131n Veteranlar\u0131 haqq\u0131nda \u0259sasnam\u0259nin&nbsp; t\u0259l\u0259bl\u0259rin\u0259 v\u0259 v\u0259zif\u0259 borcuna \u0259m\u0259l etm\u0259kd\u0259&nbsp;&nbsp; tabeliyind\u0259kil\u0259r&nbsp; v\u0259 veteranlar \u00fc\u00e7\u00fcn n\u00fcmun\u0259 olmu\u015fdur.<\/p>\n\n\n\n<figure class=\"wp-block-gallery columns-1 is-cropped wp-block-gallery-2 is-layout-flex wp-block-gallery-is-layout-flex\"><ul class=\"blocks-gallery-grid\"><li class=\"blocks-gallery-item\"><figure><img decoding=\"async\" src=\"https:\/\/fedai.az\/wp-content\/uploads\/2021\/09\/241002756_1715538695310603_6574363306069961432_n-1024x977.jpg\" alt=\"\" data-id=\"47124\" data-link=\"https:\/\/fedai.az\/?attachment_id=47124\" class=\"wp-image-47124\"\/><\/figure><\/li><\/ul><\/figure>\n\n\n\n<p><strong>&nbsp;&nbsp;&nbsp; M\u00fcharib\u0259 v\u0259 Silahl\u0131 q\u00fcvv\u0259l\u0259r Veteran\u0131 ehtiyyatda olan polkovnik- leytenant Murad M\u00fcrs\u0259lov&nbsp; 36- ild\u0259n cox \u015f\u0259r\u0259fli xidm\u0259ti yolunu&nbsp; h\u0259rbi xidm\u0259td\u0259 kecir\u0259r\u0259k, V\u0259t\u0259n\u0259, D\u00f6vl\u0259t\u0259 v\u0259 Xalqa s\u0259daq\u0259tl\u0259 xidm\u0259t etmi\u015fdir.<\/strong><\/p>\n\n\n\n<p>&nbsp;&nbsp;&nbsp;&nbsp; O,Daxili Qo\u015funlara, xidm\u0259t etdiyi idar\u0259, \u015f\u00f6b\u0259 , h\u0259rbi hiss\u0259 v\u0259 b\u00f6lm\u0259l\u0259r\u0259 h\u0259val\u0259 edilmi\u015f v\u0259zif\u0259l\u0259rin v\u0259 tap\u015f\u0131r\u0131qlar\u0131n\u0131n yerin\u0259 yetirilm\u0259sind\u0259, cinay\u0259tgarl\u0131\u011fa qar\u015f\u0131 m\u00fcbariz\u0259d\u0259, ictimai t\u0259hl\u00fck\u0259sizliyin t\u0259min edilm\u0259sind\u0259,ya\u015fay\u0131\u015f m\u0259nt\u0259q\u0259l\u0259rind\u0259 v\u0259 c\u0259za\u00e7\u0259km\u0259 m\u00fc\u0259ssis\u0259l\u0259rind\u0259 ba\u015f vermi\u015f ixti\u015fa\u015flar\u0131n qar\u015f\u0131s\u0131n\u0131n al\u0131nmas\u0131nda, Az\u0259rbaycan\u0131n \u0259razi b\u00fct\u00f6vl\u00fcy\u00fc u\u011frunda ged\u0259n d\u00f6y\u00fc\u015f v\u0259 x\u00fcsusi \u0259m\u0259liyyatlar zaman\u0131 \u00fcz\u0259rin\u0259 d\u00fcs\u0259n v\u0259zif\u0259l\u0259rin yerin\u0259 yetirilm\u0259sin\u0259 m\u0259suliyy\u0259tl\u0259 yana\u015fm\u0131\u015fd\u0131r.<\/p>\n\n\n\n<figure class=\"wp-block-image size-large\"><img decoding=\"async\" src=\"https:\/\/fedai.az\/wp-content\/uploads\/2021\/09\/241041601_362545211989246_5660031715575512611_n-1024x820.jpg\" alt=\"\" class=\"wp-image-47128\"\/><\/figure>\n\n\n\n<p>&nbsp;&nbsp;&nbsp;&nbsp;&nbsp; M\u00fcharib\u0259 v\u0259 Silahl\u0131 Q\u00fcvv\u0259l\u0259r Veteran\u0131 ehtiyyatda olan polkovnik- leytenant M\u00fcrs\u0259lov Murad A\u011fa o\u011flu Daxili \u0130\u015fl\u0259r Nazirliyinin Daxili Qo\u015funlar\u0131n\u0131n Ba\u015f \u0130dar\u0259sind\u0259 m\u00fcxt\u0259lif v\u0259zif\u0259l\u0259rd\u0259 xidm\u0259t ed\u0259rk\u0259n, Daxili Qo\u015funlar\u0131n Bas \u0130dar\u0259sind\u0259 Zabitl\u0259rl\u0259, gizir v\u0259 m\u00fcdd\u0259td\u0259n art\u0131q xidm\u0259t ed\u0259n h\u0259rbi qulluq\u00e7ularla komandir haz\u0131rl\u0131\u011f\u0131 m\u0259\u015f\u011f\u0259l\u0259l\u0259rin, h\u0259rbi hiss\u0259 komandiri v\u0259 onlar\u0131n m\u00fcavinl\u0259ri il\u0259 h\u0259rbi hiss\u0259l\u0259rin d\u00f6y\u00fc\u015f haz\u0131rl\u0131\u011f\u0131 b\u00f6lm\u0259l\u0259rinin r\u0259isl\u0259ri v\u0259 zabitl\u0259ri il\u0259, h\u0259rbi hiss\u0259l\u0259rin idman v\u0259 fiziki haz\u0131rl\u0131q r\u0259isl\u0259ri il\u0259, b\u00f6luk komandirl\u0259ri il\u0259 ilkin leytenant r\u00fctb\u0259si alm\u0131\u015f g\u0259nc zabitl\u0259rl\u0259 v\u0259 h\u0259rbi hiss\u0259l\u0259rin t\u0259dris&nbsp; m\u0259rk\u0259zinin (poliqon) r\u0259isl\u0259ri il\u0259 metodiki t\u0259lim- toplan\u0131\u015flar\u0131n\u0131n v\u0259 n\u00fcmn\u0259vi m\u0259\u015f\u011f\u0259l\u0259l\u0259rin ke\u00e7irilm\u0259sind\u0259 \u00fcz\u0259rin\u0259 d\u00fc\u015f\u0259n tap\u015f\u0131r\u0131qlar\u0131n yerin\u0259 yetirilm\u0259sin\u0259 m\u0259suliyy\u0259tl\u0259 yana\u015fm\u0131\u015fd\u0131r.<\/p>\n\n\n\n<p><strong>\u00a0\u00a0\u00a0\u00a0 O, 1999-2001-ci ill\u0259rd\u0259 Silahl\u0131 Q\u00fcvv\u0259l\u0259r v\u0259 H\u00fcq\u00fcq m\u00fchafiz\u0259 orqanlar\u0131nin\u00a0( MN,\u00a0D\u0130N, \u018fN, MTN, XDMX v\u0259 DSX)\u00a0 \u0259m\u0259kdalar\u0131 v\u0259 h\u0259rbi qulluq\u00e7ular\u0131 aras\u0131nda kecirl\u0259n\u00a0 &#171;At\u0131cl\u0131q &#187; \u00fczr\u0259 idman yar\u0131\u015flar\u0131nda 12 (on iki) komanda aras\u0131nda y\u00fcks\u0259k n\u0259tic\u0259l\u0259r g\u00f6st\u0259r\u0259r\u0259k\u00a0 1-ci v\u0259\u00a0 2-ci yerl\u0259r\u0259 layiq g\u00f6r\u00fclm\u00fc\u015f Daxili \u0130\u015fl\u0259r Nazirliyinin y\u0131\u011fma komandas\u0131n\u0131n q\u0259l\u0259b\u0259sin\u0259 \u00f6z lay\u0131qli t\u00f6vh\u0259sini vermi\u015fdir.<\/strong><\/p>\n\n\n\n<p>&nbsp;&nbsp;&nbsp; Murad M\u00fcrs\u0259lov 1998-ci ild\u0259 Daxili Qo\u015funlar\u0131n Ba\u015f \u0130dar\u0259sinin D\u00f6y\u00fc\u015f Haz\u0131rl\u0131\u011f\u0131 idar\u0259sind\u0259&nbsp; ba\u015f zabit v\u0259zif\u0259sind\u0259 olark\u0259n, g\u0259nc \u0259sg\u0259rl\u0259rin q\u0259bulu,yerl\u0259\u015fdirilm\u0259si,&nbsp; s\u0131raya daxil edilm\u0259si&nbsp; v\u0259 onlar\u0131n d\u00f6y\u00fc\u015f v\u0259 ictimai s\u0131yas\u0131 haz\u0131rl\u0131\u011f\u0131 il\u0259 \u0259laq\u0259dar bir ne\u00e7\u0259 d\u0259f\u0259 Daxili Qo\u015funlar\u0131n Hac\u0131qabul rayonunda yerl\u0259\u015f\u0259n h\u0259rbi hiss\u0259d\u0259 g\u0259nc \u0259s\u011f\u0259rl\u0259rin haz\u0131rl\u0131\u011f\u0131 il\u0259 \u0259laq\u0259dar&nbsp; toplan\u0131\u015f\u0131n r\u0259isi oldu\u011fu m\u00fcdd\u0259td\u0259 \u00fcz\u0259rin\u0259 d\u00fc\u015f\u0259n v\u0259zif\u0259 borcunu l\u0259yaq\u0259tl\u0259 yerin\u0259 yetirmi\u015fdir.<\/p>\n\n\n\n<figure class=\"wp-block-image size-large\"><img decoding=\"async\" src=\"https:\/\/fedai.az\/wp-content\/uploads\/2021\/09\/241029811_604412043919230_8905874563768812610_n-1-1024x766.jpg\" alt=\"\" class=\"wp-image-47126\"\/><\/figure>\n\n\n\n<p>&nbsp;&nbsp;&nbsp;&nbsp; Polkovnik- leytenant Murad M\u00fcrs\u0259lov Daxili Qo\u015funlar\u0131n Bas \u0130dar\u0259sind\u0259n ehtiyata burax\u0131landan sonra 2009-ci ild\u0259n- 2017-ci&nbsp;&nbsp; il\u0131n son ay\u0131na kimi Daxili Qo\u015funlar\u0131n Veteranlar \u015furas\u0131n\u0131n s\u0259dri oldu\u011fu m\u00fcdd\u0259td\u0259 \u00fcz\u0259rin\u0259 d\u00fcs\u0259n v\u0259zif\u0259l\u0259rin yerin\u0259 yetirilm\u0259sin\u0259 m\u0259suliyy\u0259tl\u0259 yana\u015fm\u0131\u015fd\u0131r. Hal hazirda o, Az\u0259rbaycan Respublikas\u0131n\u0131n Ba\u015f Prokurorlu\u011funun at\u0131c\u0131l\u0131q tirinin r\u0259isi v\u0259zif\u0259sind\u0259 i\u015fl\u0259yir.<\/p>\n\n\n\n<p>&nbsp;&nbsp;&nbsp;&nbsp;&nbsp; M\u00fcrs\u0259lov Murad A\u011fa o\u011flu Daxili \u0130\u015fl\u0259r Nazirliyinin Daxili Qo\u015funlar\u0131nda m\u00fcxt\u0259lif v\u0259zif\u0259l\u0259rd\u0259 xidm\u0259t etdiyi ill\u0259r \u0259rzind\u0259, Xidm\u0259td\u0259 f\u0259riql\u0259ndiyin\u0259 g\u00f6r\u0259 O, SSR\u0130 v\u0259 Az\u0259rbaycan Respublikas\u0131n\u0131n Daxili \u0130\u015fl\u0259r Nazirin&nbsp; v\u0259 onun m\u00fcavinl\u0259rinin, Daxili Qo\u015funlar\u0131n komandan\u0131n v\u0259 onun&nbsp; m\u00fcavinl\u0259rinin h\u0259rbi t\u0259hsil ald\u0131\u011f\u0131&nbsp; m\u0259kt\u0259bl\u0259rin r\u0259isl\u0259rinin,xidm\u0259t etdiyi Diviziyan\u0131n v\u0259 h\u0259rbi hiss\u0259nin komdirl\u0259rinin m\u00fcvafiq \u0259mrl\u0259ri il\u0259 bir s\u0131ra medallarla, \u0259la xidm\u0259tl\u0259r\u0259 g\u00f6r\u0259 d\u00f6\u015f v\u0259 yubiley nisanlar\u0131 il\u0259, f\u0259xri f\u0259rmanlarla, pul m\u00fckafatlar\u0131 il\u0259, qiym\u0259tli h\u0259diyy\u0259l\u0259rl\u0259 m\u00fckafatland\u0131rl\u0131b v\u0259 ona t\u0259\u015f\u0259kk\u00fcr elan edilib.<\/p>\n\n\n\n<p><strong>DO\u011eUM G\u00dcN\u00dcN M\u00dcBAR\u018fK OLSUN<\/strong>, <strong>MURAD B\u018fY!<\/strong><\/p>\n\n\n\n<p><strong>ALLAH S\u018fN\u0130 B\u00dcT\u00dcN ARZULARINA \u00c7ATDIRSIN!..<\/strong><\/p>\n\n\n\n<p><strong>\u00d6MR\u00dcN UZUN OLSUN, 100 YA\u015eA!<\/strong><\/p>\n\n\n\n<p><strong>D\u0259rin h\u00f6rm\u0259tl\u0259, Az\u0259rbaycan V\u0259t\u0259n M\u00fcharib\u0259si Veteranlar\u0131 \u0130ctimai Birliyinin s\u0259dr m\u00fcavini polkovnik Salman Musayev<\/strong><\/p>\n\n\n\n<figure class=\"wp-block-gallery columns-2 is-cropped wp-block-gallery-3 is-layout-flex wp-block-gallery-is-layout-flex\"><ul class=\"blocks-gallery-grid\"><li class=\"blocks-gallery-item\"><figure><img decoding=\"async\" src=\"https:\/\/fedai.az\/wp-content\/uploads\/2021\/09\/8265a327389da9fe4fdc2714b309120e-2.jpg\" alt=\"\" data-id=\"47129\" data-full-url=\"https:\/\/fedai.az\/wp-content\/uploads\/2021\/09\/8265a327389da9fe4fdc2714b309120e-2.jpg\" data-link=\"https:\/\/fedai.az\/?attachment_id=47129\" class=\"wp-image-47129\"\/><\/figure><\/li><li class=\"blocks-gallery-item\"><figure><img decoding=\"async\" src=\"https:\/\/fedai.az\/wp-content\/uploads\/2021\/09\/240844713_260125372460073_756349563336122624_n-1-766x1024.jpg\" alt=\"\" data-id=\"47127\" data-link=\"https:\/\/fedai.az\/?attachment_id=47127\" class=\"wp-image-47127\"\/><\/figure><\/li><\/ul><\/figure>\n","protected":false},"excerpt":{"rendered":"<p>\u00a0\u00a0\u00a0\u00a0 AVMV\u0130B r\u0259hb\u0259rliyi F\u0259dai. az.\u00a0kollektivi v\u0259 Az\u0259rbaycan V\u0259t\u0259n M\u00fcharib\u0259si Veteranlar\u0131 \u0130ctimai Birliyinin s\u0259dr m\u00fcavini polkovnik Salman Musayev ehtiyyatda olan polkovnik- leytenant M\u00fcrs\u0259lov Murad A\u011fa<\/p>\n","protected":false},"author":2,"featured_media":0,"comment_status":"closed","ping_status":"closed","sticky":false,"template":"","format":"standard","meta":{"footnotes":""},"categories":[5],"tags":[],"class_list":["post-47118","post","type-post","status-publish","format-standard","hentry","category-veteran"],"aioseo_notices":[],"_links":{"self":[{"href":"https:\/\/fedai.az\/index.php?rest_route=\/wp\/v2\/posts\/47118","targetHints":{"allow":["GET"]}}],"collection":[{"href":"https:\/\/fedai.az\/index.php?rest_route=\/wp\/v2\/posts"}],"about":[{"href":"https:\/\/fedai.az\/index.php?rest_route=\/wp\/v2\/types\/post"}],"author":[{"embeddable":true,"href":"https:\/\/fedai.az\/index.php?rest_route=\/wp\/v2\/users\/2"}],"replies":[{"embeddable":true,"href":"https:\/\/fedai.az\/index.php?rest_route=%2Fwp%2Fv2%2Fcomments&post=47118"}],"version-history":[{"count":1,"href":"https:\/\/fedai.az\/index.php?rest_route=\/wp\/v2\/posts\/47118\/revisions"}],"predecessor-version":[{"id":47131,"href":"https:\/\/fedai.az\/index.php?rest_route=\/wp\/v2\/posts\/47118\/revisions\/47131"}],"wp:attachment":[{"href":"https:\/\/fedai.az\/index.php?rest_route=%2Fwp%2Fv2%2Fmedia&parent=47118"}],"wp:term":[{"taxonomy":"category","embeddable":true,"href":"https:\/\/fedai.az\/index.php?rest_route=%2Fwp%2Fv2%2Fcategories&post=47118"},{"taxonomy":"post_tag","embeddable":true,"href":"https:\/\/fedai.az\/index.php?rest_route=%2Fwp%2Fv2%2Ftags&post=47118"}],"curies":[{"name":"wp","href":"https:\/\/api.w.org\/{rel}","templated":true}]}}