{"id":47132,"date":"2021-09-01T01:37:51","date_gmt":"2021-08-31T21:37:51","guid":{"rendered":"https:\/\/fedai.az\/?p=47132"},"modified":"2021-09-01T01:38:41","modified_gmt":"2021-08-31T21:38:41","slug":"erm%c9%99nistan-prezidenti-itkin-dusub-n%c9%99-%c9%99c%c9%99b-erm%c9%99nil%c9%99r-bu-isd%c9%99-d%c9%99-bizi-gunahlandirmirlar","status":"publish","type":"post","link":"https:\/\/fedai.az\/?p=47132","title":{"rendered":"Erm\u0259nistan prezidenti &#171;itkin&#187; d\u00fc\u015f\u00fcb, n\u0259 \u0259c\u0259b erm\u0259nil\u0259r bu i\u015fd\u0259 d\u0259 bizi g\u00fcnahland\u0131rm\u0131rlar?"},"content":{"rendered":"\n<p><strong>\u201cErm\u0259nistan prezidenti Armen Sarkisyan\u0131n 9 avqust 2021 -ci ild\u0259 t\u0259til\u0259 getdiyini a\u00e7\u0131qlay\u0131b. 22 g\u00fcn ke\u00e7ib, amma xaricd\u0259 istirah\u0259t ed\u0259n respublika prezidenti h\u0259l\u0259 d\u0259 ondan x\u0259b\u0259r yoxdur, Erm\u0259nistana qay\u0131tmay\u0131b\u201d.<\/strong><\/p>\n\n\n\n<p><br>Bu bar\u0259d\u0259 Konstitusiya M\u0259hk\u0259m\u0259sinin ke\u00e7mi\u015f Aparat r\u0259hb\u0259ri Edqar Qazaryan \u00f6z Facebook s\u0259hif\u0259sind\u0259 x\u0259b\u0259r payla\u015f\u0131b. O bildirib ki, \u201cBu m\u00fcdd\u0259t \u0259rzind\u0259 onun ad\u0131ndan f\u0259rmanlar, t\u0259brikl\u0259r v\u0259 ba\u015fsa\u011fl\u0131\u011f\u0131 verilib, ancaq fiziki olaraq i\u015ftirak etdiyi g\u00f6r\u00fc\u015fl\u0259r qeyd\u0259 al\u0131nmay\u0131b&#187;.<\/p>\n\n\n\n<figure class=\"wp-block-image size-large\"><img decoding=\"async\" src=\"https:\/\/fedai.az\/wp-content\/uploads\/2021\/09\/original.jpg\" alt=\"\" class=\"wp-image-47135\"\/><\/figure>\n\n\n\n<p><br>\u201cXarici s\u0259yah\u0259tl\u0259ri sev\u0259n respublika prezidenti h\u0259l\u0259 d\u0259 Erm\u0259nistanda \u00f6z\u00fcn\u00fc rahat hiss etmir\u201d, \u2013 dey\u0259n Edqar Kazaryan\u0131n yazd\u0131\u011f\u0131na g\u00f6r\u0259, Armen Sarkisyan bu \u00f6lk\u0259d\u0259n \u201cqa\u00e7maq\u201d v\u0259 geri d\u00f6nm\u0259m\u0259k \u00fc\u00e7\u00fcn daim bir f\u00fcrs\u0259t axtar\u0131r\u201d.<\/p>\n\n\n\n<p><br>Xat\u0131rladaq ki, Erm\u0259nistan\u0131n &#171;portfelsiz&#187; prezidenti Armen Sarkisyan\u0131n Erm\u0259nistan Respublikas\u0131 v\u0259t\u0259nda\u015f\u0131 deyil. \u0130ngilt\u0259r\u0259 v\u0259t\u0259nda\u015f\u0131 olan erm\u0259nil\u0259rin prezidentini h\u0259l\u0259lik &#171;g\u00f6rd\u00fcm&#187; dey\u0259n yoxdu.<\/p>\n\n\n\n<figure class=\"wp-block-gallery columns-1 is-cropped wp-block-gallery-1 is-layout-flex wp-block-gallery-is-layout-flex\"><ul class=\"blocks-gallery-grid\"><li class=\"blocks-gallery-item\"><figure><img decoding=\"async\" src=\"https:\/\/fedai.az\/wp-content\/uploads\/2021\/09\/19500514-7555289-image-a-26_1570638265451.jpg\" alt=\"\" data-id=\"47133\" data-link=\"https:\/\/fedai.az\/?attachment_id=47133\" class=\"wp-image-47133\"\/><\/figure><\/li><\/ul><\/figure>\n\n\n\n<p><br><strong>G\u00f6r\u0259s\u0259n, b\u00fct\u00fcn erm\u0259nil\u0259rin prezidenti Armen Sarkisyan &#171;b\u00fct\u00fcn erm\u0259nil\u0259rin anas\u0131&#187; Qarda\u015fyangil\u0259 getm\u0259yib ki?!<\/strong><\/p>\n\n\n\n<p><br><strong>\u018fli N\u0259sib Z\u0259rdabi<\/strong><\/p>\n","protected":false},"excerpt":{"rendered":"<p>\u201cErm\u0259nistan prezidenti Armen Sarkisyan\u0131n 9 avqust 2021 -ci ild\u0259 t\u0259til\u0259 getdiyini a\u00e7\u0131qlay\u0131b. 22 g\u00fcn ke\u00e7ib, amma xaricd\u0259 istirah\u0259t ed\u0259n respublika prezidenti h\u0259l\u0259 d\u0259 ondan<\/p>\n","protected":false},"author":2,"featured_media":0,"comment_status":"closed","ping_status":"closed","sticky":false,"template":"","format":"standard","meta":{"footnotes":""},"categories":[15],"tags":[],"class_list":["post-47132","post","type-post","status-publish","format-standard","hentry","category-atmaca"],"aioseo_notices":[],"_links":{"self":[{"href":"https:\/\/fedai.az\/index.php?rest_route=\/wp\/v2\/posts\/47132","targetHints":{"allow":["GET"]}}],"collection":[{"href":"https:\/\/fedai.az\/index.php?rest_route=\/wp\/v2\/posts"}],"about":[{"href":"https:\/\/fedai.az\/index.php?rest_route=\/wp\/v2\/types\/post"}],"author":[{"embeddable":true,"href":"https:\/\/fedai.az\/index.php?rest_route=\/wp\/v2\/users\/2"}],"replies":[{"embeddable":true,"href":"https:\/\/fedai.az\/index.php?rest_route=%2Fwp%2Fv2%2Fcomments&post=47132"}],"version-history":[{"count":1,"href":"https:\/\/fedai.az\/index.php?rest_route=\/wp\/v2\/posts\/47132\/revisions"}],"predecessor-version":[{"id":47137,"href":"https:\/\/fedai.az\/index.php?rest_route=\/wp\/v2\/posts\/47132\/revisions\/47137"}],"wp:attachment":[{"href":"https:\/\/fedai.az\/index.php?rest_route=%2Fwp%2Fv2%2Fmedia&parent=47132"}],"wp:term":[{"taxonomy":"category","embeddable":true,"href":"https:\/\/fedai.az\/index.php?rest_route=%2Fwp%2Fv2%2Fcategories&post=47132"},{"taxonomy":"post_tag","embeddable":true,"href":"https:\/\/fedai.az\/index.php?rest_route=%2Fwp%2Fv2%2Ftags&post=47132"}],"curies":[{"name":"wp","href":"https:\/\/api.w.org\/{rel}","templated":true}]}}