{"id":47141,"date":"2021-09-01T01:51:17","date_gmt":"2021-08-31T21:51:17","guid":{"rendered":"https:\/\/fedai.az\/?p=47141"},"modified":"2021-09-01T01:51:22","modified_gmt":"2021-08-31T21:51:22","slug":"ur%c9%99yi-v%c9%99t%c9%99n-sevgisi-il%c9%99-doyun%c9%99n-doyus-sinagindan-m%c9%99rdlikl%c9%99-kec%c9%99n-leytenant","status":"publish","type":"post","link":"https:\/\/fedai.az\/?p=47141","title":{"rendered":"\u00dcR\u018fY\u0130 V\u018fT\u018fN SEVG\u0130S\u0130 \u0130L\u018f D\u00d6Y\u00dcN\u018fN, D\u00d6Y\u00dc\u015e SINA\u011eINDAN M\u018fRDL\u0130KL\u018f KE\u00c7\u018fN LEYTENANT&#8230;"},"content":{"rendered":"\n<p><strong><em><u>\u015e\u0259hidl\u0259rimiz<\/u><\/em><\/strong><\/p>\n\n\n\n<p><strong>2020-ci ilin 27 sentyabr &#8212; 9 noyabr tarixl\u0259rini \u0259hat\u0259 ed\u0259n v\u0259 torpaqlar\u0131m\u0131z\u0131n i\u015f\u011fal\u0131na son qoyulmas\u0131 il\u0259 ba\u015fa \u00e7atan V\u0259t\u0259n m\u00fcharib\u0259sind\u0259 Az\u0259rbaycan\u0131n yeni n\u0259sil zabitl\u0259ri d\u0259 \u015f\u0259r\u0259fli d\u00f6y\u00fc\u015f yolu ke\u00e7\u0259r\u0259k, \u00f6z \u015f\u00fcca\u0259tl\u0259ri, pe\u015f\u0259karl\u0131qlar\u0131 il\u0259 unudulmayacaq bir tarix yazd\u0131lar. H\u0259min zabitl\u0259rin s\u0131ralar\u0131nda Daxili \u0130\u015fl\u0259r Nazirliyi Daxili Qo\u015funlar\u0131n\u0131n yetirm\u0259l\u0259rinin olmas\u0131 da q\u00fcrurverici faktd\u0131r.<\/strong><\/p>\n\n\n\n<p>Leytenant M\u0259mm\u0259dov Q\u0259z\u0259nf\u0259r Habil o\u011flu V\u0259t\u0259n m\u00fcharib\u0259sind\u0259 Daxili Qo\u015funlar\u0131n \u015f\u0259hid olan zabitl\u0259rind\u0259n \u0259n ki\u00e7ik r\u00fctb\u0259lisidir. O, 23 avqust 1996-c\u0131 ild\u0259 G\u0259nc\u0259 \u015f\u0259h\u0259rind\u0259 anadan olub. Habil M\u0259mm\u0259dov v\u0259 Yegan\u0259 M\u0259mm\u0259dovan\u0131n qurdu\u011fu ail\u0259nin iki o\u011ful \u00f6vlad\u0131ndan biri v\u0259 ki\u00e7ik qarda\u015f\u0131 \u018flid\u0259n bir ya\u015f b\u00f6y\u00fck olan Q\u0259z\u0259nf\u0259rin orta m\u0259kt\u0259b ill\u0259rinin m\u00fc\u0259yy\u0259n hiss\u0259si Rusiya Federasiyas\u0131n\u0131n paytaxt\u0131 Moskva \u015f\u0259h\u0259rind\u0259 ke\u00e7ib. Moskvadak\u0131 363 sayl\u0131 tam orta m\u0259kt\u0259bd\u0259 5-ci sinf\u0259 q\u0259d\u0259r oxuyub. Sonra G\u0259nc\u0259 \u015f\u0259h\u0259rind\u0259ki Mikay\u0131l M\u00fc\u015ffiq ad\u0131na 14 sayl\u0131 tam orta m\u0259kt\u0259bd\u0259 t\u0259hsilini davam etdirib. Ail\u0259sinin verdiyi m\u0259lumata g\u00f6r\u0259, Q\u0259z\u0259nf\u0259r h\u0259r iki m\u0259kt\u0259bd\u0259 t\u0259dris olunan f\u0259nl\u0259r \u00fczr\u0259 \u0259la qiym\u0259tl\u0259r al\u0131b. Riyaziyyat v\u0259 tarix f\u0259nl\u0259rin\u0259 daha \u00e7ox maraq g\u00f6st\u0259rib. \u00d6z d\u00fcnyag\u00f6r\u00fc\u015f\u00fcn\u00fcn art\u0131r\u0131lmas\u0131 y\u00f6n\u00fcnd\u0259 daim \u00e7al\u0131\u015f\u0131b. M\u00fcxt\u0259lif m\u00f6vzularda kitablar\u0131n m\u00fctali\u0259sin\u0259 x\u00fcsusi diqq\u0259t yetirib. Orta m\u0259kt\u0259bin ictimai h\u0259yat\u0131nda da f\u0259al olub. M\u00fc\u0259lliml\u0259rinin v\u0259 yolda\u015flar\u0131n\u0131n h\u00f6rm\u0259tini qazan\u0131b.<\/p>\n\n\n\n<figure class=\"wp-block-image size-large\"><img decoding=\"async\" src=\"https:\/\/fedai.az\/wp-content\/uploads\/2021\/09\/240900694_841933416499562_539692879368244161_n-750x1024.jpg\" alt=\"\" class=\"wp-image-47142\"\/><\/figure>\n\n\n\n<p>Q\u0259z\u0259nf\u0259r yeniyetm\u0259lik ya\u015flar\u0131ndan idman\u0131n basketbol n\u00f6v\u00fc il\u0259 m\u0259\u015f\u011ful olub, yar\u0131\u015flarda u\u011furla i\u015ftirak ed\u0259r\u0259k medal, f\u0259xri f\u0259rman v\u0259 diplomlarla m\u00fckafatland\u0131r\u0131l\u0131b. \u00dcmumilikd\u0259, Q\u0259z\u0259nf\u0259rin xarakterinin formala\u015fmas\u0131nda sa\u011flam h\u0259yat t\u0259rzi, idman v\u0259 t\u0259hsil kimi amill\u0259r vacib rol oynay\u0131b. Hans\u0131 kollektivin \u00fczv\u00fc olubsa, orada onun t\u0259\u015fkilat\u00e7\u0131l\u0131q, liderlik, etibarl\u0131 yolda\u015fl\u0131q, d\u00fcr\u00fcstl\u00fck, xeyirxahl\u0131q c\u0259h\u0259tl\u0259ri \u00f6z\u00fcn\u00fc b\u00fcruz\u0259 verib.<\/p>\n\n\n\n<p>V\u0259t\u0259np\u0259rv\u0259rlik \u0259qid\u0259sinin da\u015f\u0131y\u0131c\u0131 olmas\u0131, h\u0259rbi qulluq\u00e7ulara r\u0259\u011fb\u0259t b\u0259sl\u0259m\u0259si Q\u0259z\u0259nf\u0259rin pe\u015f\u0259 se\u00e7imin\u0259 t\u0259sirsiz qala bilm\u0259zdi. O, Az\u0259rbaycan Respublikas\u0131n\u0131n Milli Q\u0259hr\u0259man\u0131 M\u00fcbariz \u0130brahimovun \u015f\u0259r\u0259fli \u00f6m\u00fcr yolunu V\u0259t\u0259n namin\u0259 f\u0259dakarl\u0131\u011f\u0131n t\u0259zah\u00fcr\u00fc kimi \u00f6z\u00fcn\u0259 \u00f6rn\u0259k bilirdi.<\/p>\n\n\n\n<p>2014-2018-ci ill\u0259rd\u0259 Q\u0259z\u0259nf\u0259r Daxili Qo\u015funlar\u0131n Ali H\u0259rbi M\u0259kt\u0259bind\u0259 h\u0259rbi t\u0259hsil al\u0131b. 4 il kursant olaraq h\u0259rbi pe\u015f\u0259nin sirl\u0259rin\u0259, zabit \u00fc\u00e7\u00fcn g\u0259r\u0259k olan bilikl\u0259r\u0259 v\u0259 praktiki bacar\u0131qlara yiy\u0259l\u0259nib. Ali H\u0259rbi M\u0259kt\u0259bd\u0259 d\u0259 t\u0259dris v\u0259 t\u0259limd\u0259 f\u0259all\u0131\u011f\u0131na g\u00f6r\u0259 m\u00fcsb\u0259t xarakteriz\u0259 olunub. Onun Ali H\u0259rbi M\u0259kt\u0259bin m\u0259zunu olaraq leytenant poqonlar\u0131 taxd\u0131\u011f\u0131 g\u00fcn h\u0259yat\u0131n\u0131n \u0259n sevincli g\u00fcnl\u0259rind\u0259n biri idi. \u00d6z\u00fc d\u0259 Q\u0259z\u0259nf\u0259rin ad\u0131 Ali H\u0259rbi M\u0259kt\u0259bin ilk burax\u0131l\u0131\u015f hey\u0259ti m\u0259zunlar\u0131n\u0131n siyah\u0131s\u0131ndad\u0131r. Daxili Qo\u015funlar\u0131n layiqli yetirm\u0259si kimi h\u0259rbi xidm\u0259ti d\u00f6vr\u00fcnd\u0259 bu etimad\u0131 do\u011fruldub.<\/p>\n\n\n\n<figure class=\"wp-block-image size-large\"><img decoding=\"async\" src=\"https:\/\/fedai.az\/wp-content\/uploads\/2021\/09\/240903073_2999217090335646_3241494125892200874_n-885x1024.jpg\" alt=\"\" class=\"wp-image-47143\"\/><\/figure>\n\n\n\n<p>2018-ci ilin iyun ay\u0131ndan etibar\u0259n leytenant Q.M\u0259mm\u0259dov qo\u015funlar\u0131n Bak\u0131n\u0131n Bil\u0259c\u0259ri q\u0259s\u0259b\u0259sind\u0259 yerl\u0259\u015f\u0259n \u201cN\u201d sayl\u0131 h\u0259rbi hiss\u0259sin\u0259 g\u00f6nd\u0259rilib, burada x\u00fcsusi vasit\u0259l\u0259rin t\u0259tbiqi d\u0259st\u0259sinin x\u00fcsusi vasit\u0259l\u0259rin t\u0259tbiqi b\u00f6lm\u0259sind\u0259 qrup komandiri v\u0259zif\u0259sin\u0259 t\u0259yin edilib. Komandiri oldu\u011fu qrupun \u015f\u0259xsi hey\u0259tinin d\u00f6y\u00fc\u015f haz\u0131rl\u0131\u011f\u0131n\u0131n y\u00fcks\u0259ldilm\u0259si istiqam\u0259tind\u0259 \u00f6z z\u0259hm\u0259tini \u0259sirg\u0259m\u0259yib. Tabeliyind\u0259ki h\u0259rbi qulluq\u00e7ular\u0131n t\u0259lim-t\u0259rbiy\u0259si prosesind\u0259 t\u0259cr\u00fcb\u0259li komandirl\u0259rin t\u00f6vsiy\u0259l\u0259rin\u0259 diqq\u0259tl\u0259 yana\u015f\u0131b. O, bir komandir kimi \u015f\u0259xsi hey\u0259t\u0259 h\u0259mi\u015f\u0259 qay\u011f\u0131 g\u00f6st\u0259rib, h\u0259rbi kollektivd\u0259 birliyin qorunub saxlan\u0131lmas\u0131nda \u00f6z m\u0259suliyy\u0259tini d\u00fczg\u00fcn d\u0259rk edib. Bununla yana\u015f\u0131, Q\u0259z\u0259nf\u0259r komandiri oldu\u011fu h\u0259rbi qulluq\u00e7ulara f\u0259rdi s\u00f6hb\u0259tl\u0259r zaman\u0131, n\u0259z\u0259ri v\u0259 praktiki m\u0259\u015f\u011f\u0259l\u0259l\u0259rd\u0259 v\u0259t\u0259np\u0259rv\u0259rlik \u0259qid\u0259si a\u015f\u0131lay\u0131b. Onlar\u0131 qar\u015f\u0131ya qoyula bil\u0259c\u0259k ist\u0259nil\u0259n d\u00f6y\u00fc\u015f tap\u015f\u0131r\u0131\u011f\u0131n\u0131n yerin\u0259 yetirilm\u0259sin\u0259 haz\u0131rlay\u0131b.<\/p>\n\n\n\n<p>V\u0259t\u0259n m\u00fcharib\u0259sinin ba\u015flamas\u0131 xalq\u0131m\u0131z v\u0259 d\u00f6vl\u0259timiz \u00fc\u00e7\u00fcn \u00e7\u0259tin bir s\u0131naq olsa da, v\u0259t\u0259nda\u015flar\u0131m\u0131z Respublika Prezidenti, Ali Ba\u015f Komandan c\u0259nab \u0130lham \u018fliyevin r\u0259hb\u0259rliyi alt\u0131nda V\u0259t\u0259nin m\u00fcdafi\u0259si, i\u015f\u011fal edilmi\u015f \u0259razil\u0259rimizin qurtulu\u015fu namin\u0259 birl\u0259\u015f\u0259r\u0259k s\u0259f\u0259rb\u0259r olundular.<\/p>\n\n\n\n<p>D\u00f6y\u00fc\u015fl\u0259rin getdiyi ilk g\u00fcnl\u0259rd\u0259n Daxili Qo\u015funlar\u0131n \u015f\u0259xsi hey\u0259ti d\u0259 \u00f6n c\u0259bh\u0259d\u0259 d\u00fc\u015fm\u0259n\u0259 qar\u015f\u0131 q\u0259tiyy\u0259tl\u0259 vuru\u015fub.<\/p>\n\n\n\n<p>Leytenant Q.M\u0259mm\u0259dov \u201cN\u201d sayl\u0131 h\u0259rbi hiss\u0259d\u0259n d\u00f6y\u00fc\u015f b\u00f6lg\u0259sin\u0259 ezam edil\u0259n h\u0259rbi qulluq\u00e7ulardan biri kimi tabeliyind\u0259ki d\u00f6y\u00fc\u015f\u00e7\u00fcl\u0259rl\u0259 birg\u0259 ayr\u0131-ayr\u0131 istiqam\u0259tl\u0259rd\u0259 t\u0259cav\u00fczkarlara tutarl\u0131 z\u0259rb\u0259l\u0259rl\u0259 cavab verib. F\u00fczuli, Xocav\u0259nd rayonlar\u0131n\u0131n \u0259razil\u0259rind\u0259 v\u0259 \u015eu\u015fa \u0259traf\u0131nda d\u00f6y\u00fc\u015fl\u0259r zaman\u0131 Q\u0259z\u0259nf\u0259r qorxmaz zabit, yenilm\u0259z irad\u0259y\u0259 malik komandir kimi h\u0259rbi qulluq\u00e7ulara inamla r\u0259hb\u0259rlik edib.<\/p>\n\n\n\n<p>Zabitl\u0259 birg\u0259 d\u00f6y\u00fc\u015f yolu ke\u00e7mi\u015f \u201cN\u201d sayl\u0131 h\u0259rbi hiss\u0259nin m\u00fcdd\u0259td\u0259n art\u0131q h\u0259qiqi h\u0259rbi xidm\u0259t h\u0259rbi qulluq\u00e7ular\u0131 \u00e7avu\u015f X\u0259yal Ya\u015f\u0131lov, ba\u015f \u0259sg\u0259r B\u0259xtiyar H\u0259s\u0259nov v\u0259 \u0259sg\u0259r Elvin Qurban\u0259liyevl\u0259 telefonla \u0259trafl\u0131 s\u00f6hb\u0259timiz oldu. Onlar Q\u0259z\u0259nf\u0259r haqq\u0131nda k\u0259d\u0259r hissi il\u0259 dan\u0131\u015fd\u0131lar, onun h\u0259r bir d\u00f6y\u00fc\u015f\u00e7\u00fcy\u0259 komandird\u0259n \u00e7ox qarda\u015f m\u00fcnasib\u0259ti g\u00f6st\u0259rdiyini s\u00f6yl\u0259dil\u0259r. Qeyd etdil\u0259r ki, zabit d\u00f6y\u00fc\u015f tap\u015f\u0131r\u0131qlar\u0131n\u0131 pe\u015f\u0259karcas\u0131na yerin\u0259 yetirm\u0259kl\u0259 yana\u015f\u0131, d\u00f6y\u00fc\u015f\u00e7\u00fcl\u0259rin h\u0259yat\u0131n\u0131 m\u00fcmk\u00fcn oldu\u011fu d\u0259r\u0259c\u0259d\u0259 qorumaq bar\u0259d\u0259 d\u0259 d\u00fc\u015f\u00fcn\u00fcrd\u00fc. T\u0259hl\u00fck\u0259li anlarda ruh d\u00fc\u015fk\u00fcnl\u00fcy\u00fcn\u0259 yol verilm\u0259m\u0259si \u00fc\u00e7\u00fcn silahda\u015flar\u0131n\u0131 \u00f6z g\u00fccl\u0259rin\u0259 inanma\u011fa \u00e7a\u011f\u0131r\u0131rd\u0131. C\u0259surlu\u011fu, d\u00f6y\u00fc\u015f \u015f\u0259raitinin ortaya \u00e7\u0131xard\u0131\u011f\u0131 \u00e7\u0259tinlikl\u0259r\u0259 sin\u0259 g\u0259rm\u0259si il\u0259 dig\u0259rl\u0259rini d\u0259 ir\u0259li getm\u0259y\u0259 ruhland\u0131r\u0131rd\u0131. M\u0259lumat verildi ki, \u015eu\u015faya do\u011fru h\u0259r\u0259k\u0259t ed\u0259rk\u0259n da\u011fl\u0131q-me\u015f\u0259lik \u0259razi il\u0259 uzun m\u0259saf\u0259li yol q\u0259t edilib, d\u00fc\u015fm\u0259nin b\u0259zi postlar\u0131ndan yan ke\u00e7m\u0259yi bacarsalar da, bir ne\u00e7\u0259 d\u0259f\u0259 pusquya da d\u00fc\u015f\u00fcbl\u0259r. Ancaq d\u00fc\u015fm\u0259nin at\u0259\u015f n\u00f6qt\u0259l\u0259rini susduraraq pusqudan \u00e7\u0131x\u0131blar. \u015eu\u015fa u\u011frunda d\u00f6y\u00fc\u015fl\u0259rd\u0259 \u015f\u0259h\u0259rin \u0259traf\u0131ndak\u0131 m\u00fch\u00fcm m\u00f6vqel\u0259rin \u0259l\u0259 ke\u00e7irilm\u0259si \u0259sas h\u0259d\u0259fl\u0259r olub. La\u00e7\u0131n-\u015eu\u015fa yolunu n\u0259zar\u0259t\u0259 g\u00f6t\u00fcrm\u0259y\u0259, bununla d\u00fc\u015fm\u0259nin bu istiqam\u0259td\u0259n h\u0259r\u0259k\u0259tini k\u0259sm\u0259y\u0259 imkan ver\u0259n \u0259lveri\u015fli y\u00fcks\u0259kliyin al\u0131nmas\u0131 v\u0259 saxlanmas\u0131nda leytenant Q.M\u0259mm\u0259dovun komandiri oldu\u011fu qrupun \u015f\u0259xsi hey\u0259ti d\u0259 f\u0259rql\u0259nib. D\u00fc\u015fm\u0259nin h\u0259min y\u00fcks\u0259kliyi geri almaq v\u0259 yolu a\u00e7maq c\u0259hdl\u0259rinin qar\u015f\u0131s\u0131 al\u0131n\u0131b, o, h\u0259min h\u0259ml\u0259l\u0259r zaman\u0131 geri oturdulub.<\/p>\n\n\n\n<p>Silahda\u015flar\u0131n\u0131n bildirdikl\u0259rin\u0259 g\u00f6r\u0259, yuxar\u0131da qeyd edil\u0259n y\u00fcks\u0259klik erm\u0259ni i\u015f\u011fal\u00e7\u0131lar\u0131 t\u0259r\u0259find\u0259n bir ne\u00e7\u0259 g\u00fcn tank, top v\u0259 minaatanlardan \u015fidd\u0259tli at\u0259\u015f\u0259 m\u0259ruz qal\u0131b. <a>N<\/a>oyabr\u0131n 6-dan 7-n\u0259 ke\u00e7\u0259n gec\u0259 leytenant Q.M\u0259mm\u0259dov yax\u0131nl\u0131\u011f\u0131nda partlayan m\u0259rminin q\u0259lp\u0259l\u0259rind\u0259n a\u011f\u0131r yaralanaraq \u015f\u0259hid olub. Noyabr\u0131n 9-d\u0259k \u015f\u0259hidin c\u0259s\u0259di d\u00f6y\u00fc\u015f zonas\u0131ndan \u00e7\u0131xar\u0131l\u0131b.<\/p>\n\n\n\n<p>3 sayl\u0131 Bak\u0131 \u201cASAN xidm\u0259t\u201d m\u0259rk\u0259zi t\u0259r\u0259find\u0259n \u015f\u0259hidin ail\u0259sin\u0259 veril\u0259n \u00f6l\u00fcm haqq\u0131nda \u015f\u0259had\u0259tnam\u0259d\u0259 leytenant Q.M\u0259mm\u0259dovun d\u00f6y\u00fc\u015fd\u0259 h\u0259lak oldu\u011fu tarix 09.11.2020-ci il g\u00f6st\u0259rilib.<\/p>\n\n\n\n<figure class=\"wp-block-image size-large is-resized\"><img loading=\"lazy\" decoding=\"async\" src=\"https:\/\/fedai.az\/wp-content\/uploads\/2021\/09\/240855811_559299955119640_2257242823079604393_n-770x1024.jpg\" alt=\"\" class=\"wp-image-47144\" width=\"891\" height=\"1185\"\/><\/figure>\n\n\n\n<p>\u015e\u0259hid h\u0259rbi qulluq\u00e7umuz 12.11.2020-ci ild\u0259 G\u0259nc\u0259 \u015f\u0259h\u0259rind\u0259ki \u015e\u0259hidl\u0259r xiyaban\u0131nda d\u0259fn olunub.<\/p>\n\n\n\n<p>M\u0259lum oldu\u011fu kimi, noyabr\u0131n 8-d\u0259 \u015eu\u015fan\u0131n i\u015f\u011fal\u0131na son qoyulub, noyabr\u0131n 10-da is\u0259 d\u00f6y\u00fc\u015fl\u0259rin dayand\u0131r\u0131lmas\u0131 bar\u0259d\u0259 \u00fc\u00e7t\u0259r\u0259fli b\u0259yanat q\u00fcvv\u0259y\u0259 minib. Azad \u015eu\u015faya q\u0259d\u0259m basmaq v\u0259 m\u00fcharib\u0259nin ba\u015fa \u00e7atmas\u0131n\u0131n \u015fahidi olmaq Q\u0259z\u0259nf\u0259rin qism\u0259tin\u0259 yaz\u0131lmay\u0131b.<\/p>\n\n\n\n<p>Az\u0259rbaycan Respublikas\u0131 Prezidentinin 15 dekabr 2020-ci il, 25 dekabr 2020-ci il v\u0259 29 dekabr 2020-ci il tarixli s\u0259r\u0259ncamlar\u0131 il\u0259 leytenant Q.M\u0259mm\u0259dov \u00f6l\u00fcm\u00fcnd\u0259n sonra 3-c\u00fc d\u0259r\u0259c\u0259li \u201cR\u0259\u015fad\u0259t\u201d ordeni, \u201cV\u0259t\u0259n u\u011frunda\u201d, \u201cF\u00fczulinin azad olunmas\u0131na g\u00f6r\u0259\u201d v\u0259 \u201c\u015eu\u015fan\u0131n azad olunmas\u0131na g\u00f6r\u0259\u201d medallar\u0131 il\u0259 t\u0259ltif edilib.<\/p>\n\n\n\n<p>G\u0259nc\u0259d\u0259 f\u0259aliyy\u0259t g\u00f6st\u0259r\u0259n \u201cK\u0259p\u0259z\u201d televiziya kanal\u0131 t\u0259r\u0259find\u0259n \u015f\u0259hid zabitimiz\u0259 h\u0259sr olunan s\u00fcjet haz\u0131rlan\u0131b.<\/p>\n\n\n\n<p>Q\u0259z\u0259nf\u0259rin m\u0259zunu oldu\u011fu G\u0259nc\u0259d\u0259ki 14 sayl\u0131 tam orta m\u0259kt\u0259bin kollektivi onun ad\u0131n\u0131n \u0259b\u0259dil\u0259\u015fdirilm\u0259si t\u0259\u015f\u0259bb\u00fcs\u00fcn\u00fc ir\u0259li s\u00fcr\u00fcb.<\/p>\n\n\n\n<p>D\u00f6y\u00fc\u015f\u00e7\u00fc yolda\u015f\u0131n\u0131n mobil telefonla \u00f6n c\u0259bh\u0259d\u0259 \u00e7\u0259kdiyi videoda Q\u0259z\u0259nf\u0259r nikbin ovqatla m\u00fcharib\u0259d\u0259n sa\u011f-salamat v\u0259 ba\u015f\u0131 uca qay\u0131tmaq arzusunu s\u00f6yl\u0259yir. H\u0259min videoda d\u00f6y\u00fc\u015f\u00e7\u00fcl\u0259r \u201cAllah xalq\u0131m\u0131z\u0131 qorusun! Qaraba\u011f Az\u0259rbaycand\u0131r!\u201d- dey\u0259 s\u0259sl\u0259nirl\u0259r. Bu videoya, habel\u0259 d\u00f6y\u00fc\u015f\u00e7\u00fcl\u0259rin \u015f\u0259kill\u0259rin\u0259 baxaraq d\u00fc\u015f\u00fcn\u00fcr\u0259m ki, Q\u0259z\u0259nf\u0259r kimi igidl\u0259rin m\u00fcharib\u0259d\u0259 ke\u00e7dikl\u0259ri s\u0131naqlar\u0131 jurnalistikam\u0131z, b\u0259dii \u0259d\u0259biyyat\u0131m\u0131z, kinematoqrafiyam\u0131z dol\u011fun i\u015f\u0131qland\u0131racaq, qeyd edil\u0259n m\u00f6vzu tarixl\u0259\u015fdirm\u0259k bax\u0131m\u0131ndan daha d\u0259rind\u0259n t\u0259dqiq olunacaqd\u0131r.<\/p>\n\n\n\n<p>V\u0259t\u0259n m\u00fcharib\u0259si zaman\u0131 az\u011f\u0131n i\u015f\u011fal\u00e7\u0131n\u0131n raketl\u0259rl\u0259 at\u0259\u015f\u0259 m\u0259ruz qoydu\u011fu v\u0259 dinc sakinl\u0259rini q\u0259tl\u0259 yetirdiyi G\u0259nc\u0259 \u015f\u0259h\u0259rind\u0259 Q\u0259z\u0259nf\u0259r kimi o\u011fullar daim yeti\u015f\u0259c\u0259k, V\u0259t\u0259nin m\u00fcdafi\u0259sind\u0259 onlar da m\u0259tin dayanacaqlar.&nbsp;&nbsp;&nbsp;&nbsp;&nbsp;&nbsp;&nbsp;<\/p>\n\n\n\n<p><strong>Allah r\u0259hm\u0259t el\u0259sin<\/strong><strong>!<\/strong><\/p>\n\n\n\n<p>\u00a0\u00a0<strong>Yal\u00e7\u0131n Abbasov<\/strong><\/p>\n\n\n\n<p><strong><em>D\u0130N-in Daxili Qo\u015funlar\u0131n\u0131n veteran\u0131, t\u0259dqiqat\u00e7\u0131-jurnalist<\/em><\/strong><\/p>\n","protected":false},"excerpt":{"rendered":"<p>\u015e\u0259hidl\u0259rimiz 2020-ci ilin 27 sentyabr &#8212; 9 noyabr tarixl\u0259rini \u0259hat\u0259 ed\u0259n v\u0259 torpaqlar\u0131m\u0131z\u0131n i\u015f\u011fal\u0131na son qoyulmas\u0131 il\u0259 ba\u015fa \u00e7atan V\u0259t\u0259n m\u00fcharib\u0259sind\u0259 Az\u0259rbaycan\u0131n yeni n\u0259sil<\/p>\n","protected":false},"author":2,"featured_media":0,"comment_status":"closed","ping_status":"closed","sticky":false,"template":"","format":"standard","meta":{"footnotes":""},"categories":[4],"tags":[],"class_list":["post-47141","post","type-post","status-publish","format-standard","hentry","category-qarabag"],"aioseo_notices":[],"_links":{"self":[{"href":"https:\/\/fedai.az\/index.php?rest_route=\/wp\/v2\/posts\/47141","targetHints":{"allow":["GET"]}}],"collection":[{"href":"https:\/\/fedai.az\/index.php?rest_route=\/wp\/v2\/posts"}],"about":[{"href":"https:\/\/fedai.az\/index.php?rest_route=\/wp\/v2\/types\/post"}],"author":[{"embeddable":true,"href":"https:\/\/fedai.az\/index.php?rest_route=\/wp\/v2\/users\/2"}],"replies":[{"embeddable":true,"href":"https:\/\/fedai.az\/index.php?rest_route=%2Fwp%2Fv2%2Fcomments&post=47141"}],"version-history":[{"count":1,"href":"https:\/\/fedai.az\/index.php?rest_route=\/wp\/v2\/posts\/47141\/revisions"}],"predecessor-version":[{"id":47146,"href":"https:\/\/fedai.az\/index.php?rest_route=\/wp\/v2\/posts\/47141\/revisions\/47146"}],"wp:attachment":[{"href":"https:\/\/fedai.az\/index.php?rest_route=%2Fwp%2Fv2%2Fmedia&parent=47141"}],"wp:term":[{"taxonomy":"category","embeddable":true,"href":"https:\/\/fedai.az\/index.php?rest_route=%2Fwp%2Fv2%2Fcategories&post=47141"},{"taxonomy":"post_tag","embeddable":true,"href":"https:\/\/fedai.az\/index.php?rest_route=%2Fwp%2Fv2%2Ftags&post=47141"}],"curies":[{"name":"wp","href":"https:\/\/api.w.org\/{rel}","templated":true}]}}