{"id":47147,"date":"2021-09-01T01:58:16","date_gmt":"2021-08-31T21:58:16","guid":{"rendered":"https:\/\/fedai.az\/?p=47147"},"modified":"2021-09-01T01:58:20","modified_gmt":"2021-08-31T21:58:20","slug":"erm%c9%99nistan-xin-h%c9%99l%c9%99-d%c9%99-dagliq-qarabagin-statusundan-danisir-moskva-gorusu","status":"publish","type":"post","link":"https:\/\/fedai.az\/?p=47147","title":{"rendered":"Erm\u0259nistan X\u0130N h\u0259l\u0259 d\u0259 &#171;Da\u011fl\u0131q Qaraba\u011f\u0131n&#187; statusundan dan\u0131\u015f\u0131r &#8212; Moskva g\u00f6r\u00fc\u015f\u00fc"},"content":{"rendered":"\n<p><em><strong>Erm\u0259nistan\u0131n yeni X\u0130N r\u0259hb\u0259ri Ararat Mirzoyan bu g\u00fcn rusiyal\u0131 h\u0259mkar\u0131 Sergey Lavrovla Qaraba\u011f \u0259traf\u0131ndak\u0131 m\u0259s\u0259l\u0259l\u0259ri m\u00fczakir\u0259 edib.<\/strong><\/em><\/p>\n\n\n\n<p>Bu m\u0259rh\u0259l\u0259d\u0259 Erm\u0259nistanla Az\u0259rbaycan aras\u0131nda s\u00fclh raz\u0131la\u015fmas\u0131 \u00fczr\u0259 h\u0259r hans\u0131 dan\u0131\u015f\u0131qlar apar\u0131lm\u0131r, Erm\u0259nistan\u0131n yeni xarici i\u015fl\u0259r naziri Ararat Mirzoyan deyib.<\/p>\n\n\n\n<p>O, \u00e7\u0259r\u015f\u0259nb\u0259 ax\u015fam\u0131 g\u00fcn\u00fc Moskvada rusiyal\u0131 h\u0259mkar\u0131 Sergey Lavrovla g\u00f6r\u00fc\u015fd\u0259 deyib ki, bu dan\u0131\u015f\u0131qlardan \u00f6nc\u0259 &#171;m\u00fctl\u0259q Da\u011fl\u0131q Qaraba\u011f\u0131n statusu m\u00fc\u0259yy\u0259nl\u0259\u015fdirilm\u0259lidir&#187;.<\/p>\n\n\n\n<p>&#171;Erm\u0259nistanla Az\u0259rbaycan aras\u0131nda ehtimal olunan s\u00fclh m\u00fcqavil\u0259sin\u0259 g\u0259linc\u0259, Az\u0259rbaycan h\u00f6kum\u0259tinin yerin\u0259 olsayd\u0131m, 9 noyabr 2020 v\u0259 11 yanvar 2021 -ci il tarixli \u00fc\u00e7t\u0259r\u0259fli b\u0259yanatlar \u00e7\u0259r\u00e7iv\u0259sind\u0259 art\u0131q \u0259ld\u0259 edilmi\u015f raz\u0131la\u015fmalar\u0131n icras\u0131na diqq\u0259timi c\u0259ml\u0259\u015fdir\u0259rdim. Bu m\u0259rh\u0259l\u0259d\u0259 s\u00fclh m\u00fcqavil\u0259si il\u0259 ba\u011fl\u0131 he\u00e7 bir dan\u0131\u015f\u0131qlar apar\u0131lm\u0131r. \u018fg\u0259r bel\u0259 dan\u0131\u015f\u0131qlar ba\u015flasa, m\u00fctl\u0259q Da\u011fl\u0131q Qaraba\u011f\u0131n statusu m\u0259s\u0259l\u0259si olmal\u0131d\u0131r [daxil edilm\u0259lidir]&#187;, &#8212; TASS Ararat Mirzoyana istinad\u0259n yaz\u0131r.<\/p>\n\n\n\n<p>Erm\u0259nistan X\u0130N r\u0259hb\u0259ri Az\u0259rbaycan\u0131 10 noyabr b\u0259yanat\u0131n\u0131n t\u0259l\u0259bl\u0259rin\u0259 \u0259m\u0259l etm\u0259m\u0259kd\u0259 ittiham edib.<\/p>\n\n\n\n<p>Az\u0259rbaycan\u0131n bu ittihamlara reaksiyas\u0131 h\u0259l\u0259lik m\u0259lum olmasa da, daha \u00f6nc\u0259ki \u00e7\u0131x\u0131\u015flar\u0131nda Az\u0259rbaycan hakimiyy\u0259ti &#171;\u00fc\u00e7t\u0259r\u0259fli raz\u0131la\u015fmaya sadiq qald\u0131\u011f\u0131n\u0131&#187; bildirib.<\/p>\n\n\n\n<p>O s\u00f6yl\u0259yib ki, Erm\u0259nistan regionda sabitliyin qorunmas\u0131 istiqam\u0259tind\u0259 &#171;aktiv dialoqa haz\u0131rd\u0131r&#187;, lakin Az\u0259rbaycan\u0131n &#171;destruktiv siyas\u0259tin\u0259 g\u00f6r\u0259 g\u0259rgin v\u0259ziyy\u0259t qalmaqdad\u0131r&#187;.<\/p>\n\n\n\n<p>Ararat Mirzoyan\u0131n s\u00f6zl\u0259rin\u0259 g\u00f6r\u0259, Az\u0259rbaycan &#171;Erm\u0259nistan\u0131n suveren \u0259razisin\u0259 birba\u015fa m\u00fcdaxil\u0259 olan aktiv t\u0259xribat\u00e7\u0131 add\u0131mlar at\u0131r&#187;.<\/p>\n\n\n\n<p>Rusiya xarici i\u015fl\u0259r naziri Sergey Lavrov h\u0259r iki t\u0259r\u0259fin bir-birin\u0259 qar\u015f\u0131 ritorikan\u0131 &#171;yum\u015faltmal\u0131&#187; oldu\u011funu s\u00f6yl\u0259yib.<\/p>\n\n\n\n<p>&#171;\u018flb\u0259tt\u0259 ki, h\u0259r iki t\u0259r\u0259fd\u0259ki ritorikan\u0131 ciddi, \u0259h\u0259miyy\u0259tli d\u0259r\u0259c\u0259d\u0259 yum\u015faltmaq laz\u0131md\u0131r. Bu, yekun, tamh\u00fcquqlu h\u0259ll \u00fc\u00e7\u00fcn \u015f\u0259rait yaradacaq, buna \u015f\u00fcbh\u0259m yoxdur&#187;, &#8212; o deyib.<\/p>\n\n\n\n<p>Rusiya r\u0259smisi bildirib ki, h\u0259r \u015feyd\u0259n \u0259vv\u0259l &#171;etibarl\u0131 t\u0259hl\u00fck\u0259sizliyin t\u0259min edilm\u0259si v\u0259 etibar\u0131n b\u0259rpas\u0131na&#187; ba\u015flan\u0131lmal\u0131d\u0131r.<\/p>\n\n\n\n<p>Onun s\u00f6zl\u0259rin\u0259 g\u00f6r\u0259, bu i\u015fd\u0259 \u00fc\u00e7 \u00f6lk\u0259nin Ba\u015f nazirl\u0259ri s\u0259viyy\u0259sind\u0259 formala\u015fd\u0131r\u0131lan i\u015f\u00e7i qrupun rolu b\u00f6y\u00fck olacaq.<\/p>\n\n\n\n<p>Sergey Lavrov Ararat Mirzoyanla Az\u0259rbayandak\u0131 &#171;erm\u0259ni \u0259sirl\u0259rin azad edilm\u0259si m\u0259s\u0259l\u0259sinin son h\u0259lli, minalanm\u0131\u015f \u0259razil\u0259rin x\u0259rit\u0259l\u0259rinin verilm\u0259si v\u0259 AT\u018fT-in Minsk qrupu h\u0259ms\u0259drl\u0259rinin g\u0259l\u0259c\u0259k f\u0259aliyy\u0259ti&#187; bar\u0259d\u0259 m\u00fczakir\u0259l\u0259r apard\u0131qlar\u0131n\u0131 deyib.<\/p>\n\n\n\n<p>C\u0259nab Lavrov deyib ki, Rusiya Az\u0259rbaycan\u0131 &#171;erm\u0259ni h\u0259rbi \u0259sirl\u0259ri qeyd-\u015f\u0259rtsiz azad etm\u0259y\u0259&#187; \u00e7a\u011f\u0131r\u0131r.<\/p>\n\n\n\n<p>&#171;Biz bu siqnal\u0131 [ham\u0131n\u0131n ham\u0131ya m\u00fcbadil\u0259si \u00fczr\u0259] az\u0259rbaycanl\u0131 h\u0259mkarlar\u0131m\u0131za g\u00f6nd\u0259ririk, onlar\u0131 h\u0259r k\u0259si he\u00e7 bir \u015f\u0259rt olmadan azad etm\u0259y\u0259 \u00e7a\u011f\u0131r\u0131r\u0131q&#187;, &#8212; Rusiya X\u0130N r\u0259hb\u0259ri s\u00f6yl\u0259yib.<\/p>\n\n\n\n<p>O s\u00f6yl\u0259yib ki, Az\u0259rbaycan t\u0259r\u0259finin bu h\u0259r\u0259k\u0259ti &#171;haz\u0131rda \u00e7at\u0131\u015fmayan etimad\u0131n simvolik add\u0131m\u0131&#187; olard\u0131.<\/p>\n\n\n\n<p>M\u0259nb\u0259: BBC<\/p>\n","protected":false},"excerpt":{"rendered":"<p>Erm\u0259nistan\u0131n yeni X\u0130N r\u0259hb\u0259ri Ararat Mirzoyan bu g\u00fcn rusiyal\u0131 h\u0259mkar\u0131 Sergey Lavrovla Qaraba\u011f \u0259traf\u0131ndak\u0131 m\u0259s\u0259l\u0259l\u0259ri m\u00fczakir\u0259 edib. Bu m\u0259rh\u0259l\u0259d\u0259 Erm\u0259nistanla Az\u0259rbaycan aras\u0131nda s\u00fclh raz\u0131la\u015fmas\u0131<\/p>\n","protected":false},"author":2,"featured_media":0,"comment_status":"closed","ping_status":"closed","sticky":false,"template":"","format":"standard","meta":{"footnotes":""},"categories":[1],"tags":[],"class_list":["post-47147","post","type-post","status-publish","format-standard","hentry","category-siyast"],"aioseo_notices":[],"_links":{"self":[{"href":"https:\/\/fedai.az\/index.php?rest_route=\/wp\/v2\/posts\/47147","targetHints":{"allow":["GET"]}}],"collection":[{"href":"https:\/\/fedai.az\/index.php?rest_route=\/wp\/v2\/posts"}],"about":[{"href":"https:\/\/fedai.az\/index.php?rest_route=\/wp\/v2\/types\/post"}],"author":[{"embeddable":true,"href":"https:\/\/fedai.az\/index.php?rest_route=\/wp\/v2\/users\/2"}],"replies":[{"embeddable":true,"href":"https:\/\/fedai.az\/index.php?rest_route=%2Fwp%2Fv2%2Fcomments&post=47147"}],"version-history":[{"count":1,"href":"https:\/\/fedai.az\/index.php?rest_route=\/wp\/v2\/posts\/47147\/revisions"}],"predecessor-version":[{"id":47149,"href":"https:\/\/fedai.az\/index.php?rest_route=\/wp\/v2\/posts\/47147\/revisions\/47149"}],"wp:attachment":[{"href":"https:\/\/fedai.az\/index.php?rest_route=%2Fwp%2Fv2%2Fmedia&parent=47147"}],"wp:term":[{"taxonomy":"category","embeddable":true,"href":"https:\/\/fedai.az\/index.php?rest_route=%2Fwp%2Fv2%2Fcategories&post=47147"},{"taxonomy":"post_tag","embeddable":true,"href":"https:\/\/fedai.az\/index.php?rest_route=%2Fwp%2Fv2%2Ftags&post=47147"}],"curies":[{"name":"wp","href":"https:\/\/api.w.org\/{rel}","templated":true}]}}