{"id":47153,"date":"2021-09-01T02:06:01","date_gmt":"2021-08-31T22:06:01","guid":{"rendered":"https:\/\/fedai.az\/?p=47153"},"modified":"2021-09-01T02:06:04","modified_gmt":"2021-08-31T22:06:04","slug":"armen-qriqoryan-basqa-suveren-olk%c9%99nin-d%c9%99hlizi-ola-bilm%c9%99z","status":"publish","type":"post","link":"https:\/\/fedai.az\/?p=47153","title":{"rendered":"Armen Qriqoryan: &#171;Ba\u015fqa suveren \u00f6lk\u0259nin d\u0259hlizi ola bilm\u0259z&#187;"},"content":{"rendered":"\n<p><strong>Erm\u0259nistan\u0131n T\u0259hl\u00fck\u0259sizlik \u015euras\u0131n\u0131n katibi Armen Qriqoryan deyib ki, respublikan\u0131n suveren \u0259razisind\u0259 <span class=\"has-inline-color has-vivid-red-color\">&#171;ba\u015fqa suveren \u00f6lk\u0259nin d\u0259hlizi ola bilm\u0259z&#187;.<\/span><\/strong><\/p>\n\n\n\n<p>O, bazar g\u00fcn\u00fc Azadl\u0131q Radiosunun Erm\u0259nistan xidm\u0259tin\u0259 m\u00fcsahib\u0259sind\u0259 bildirib ki, d\u0259hlizd\u0259n dan\u0131\u015fmaq &#171;m\u0259ntiqsizdir&#187;.<\/p>\n\n\n\n<p>Bu ilin aprel ay\u0131nda Az\u0259rbaycan Prezidenti \u0130lham \u018fliyev AzTV-y\u0259 m\u00fcsahib\u0259sind\u0259 deyib ki, onlar Z\u0259ng\u0259zur d\u0259hlizini &#171;icra ed\u0259c\u0259kl\u0259r&#187;. &#171;Erm\u0259nistan bunu ist\u0259s\u0259 d\u0259, ist\u0259m\u0259s\u0259 d\u0259. \u0130st\u0259s\u0259, daha asan h\u0259ll ed\u0259c\u0259yik, ist\u0259m\u0259s\u0259 d\u0259 zorla h\u0259ll ed\u0259c\u0259yik,&#187;- \u0130lham \u018fliyev vur\u011fulam\u0131\u015fd\u0131.<\/p>\n\n\n\n<p>Erm\u0259nistan\u0131n T\u0259hl\u00fck\u0259sizlik \u015euras\u0131n\u0131n katibi Armen Qriqoryana g\u00f6r\u0259, Az\u0259rbaycan, Erm\u0259nistan v\u0259 Rusiya liderl\u0259ri aras\u0131nda imzalanan 10 noyabr b\u0259yanat\u0131 regionda m\u00fc\u0259yy\u0259n sabitl\u0259\u015fm\u0259y\u0259 \u0259sas olsa da, probleml\u0259ri &#171;tam h\u0259ll ed\u0259 bilm\u0259yib&#187;.<\/p>\n\n\n\n<p>O qeyd edib ki, n\u0259 10 noyabr, n\u0259 d\u0259 11 yanvar b\u0259yanat\u0131nda d\u0259hlizd\u0259n b\u0259hs edilib, buna g\u00f6r\u0259 d\u0259 &#171;bu m\u00fczakir\u0259l\u0259r yersizdir&#187;.<\/p>\n\n\n\n<p>Erm\u0259nistan\u0131n T\u0259hl\u00fck\u0259sizlik \u015euras\u0131n\u0131n katibi bildirib ki, blokadan\u0131n a\u00e7\u0131lmas\u0131n\u0131n &#171;o halda m\u0259nas\u0131 olar ki, b\u00fct\u00fcn yollar a\u00e7\u0131ls\u0131n v\u0259 regionun blokadadan \u00e7\u0131xmas\u0131na imkan yarad\u0131ls\u0131n&#187;.<\/p>\n\n\n\n<p>&#171;Yeri g\u0259lmi\u015fk\u0259n, biz d\u0259 Rusiya il\u0259 \u00fcnsiyy\u0259t \u00fc\u00e7\u00fcn Az\u0259rbaycan \u0259razisind\u0259n istifad\u0259 ed\u0259c\u0259yik v\u0259 burada d\u0259hlizd\u0259n dan\u0131\u015fmaq m\u0259ntiqsizdir. \u018fg\u0259r Az\u0259rbaycan d\u0259hliz m\u0259ntiqind\u0259n dan\u0131\u015f\u0131rsa, d\u0259hliz m\u0259s\u0259l\u0259sinin bel\u0259 bir m\u00fczakir\u0259si olarsa, bizim d\u0259 d\u0259hlizimizin olaca\u011f\u0131 ayd\u0131nd\u0131r,&#187;- o, m\u00fcsahib\u0259sind\u0259 deyib.<\/p>\n\n\n\n<p><span class=\"has-inline-color has-vivid-red-color\"><strong>P.S. <\/strong><\/span><strong>D\u00fc\u015fm\u0259n d\u0259 olsa haqq\u0131 deyir. La\u00e7\u0131n d\u0259hlizini el\u0259 bu a\u00e7\u0131qlamadan sonra ba\u011flamal\u0131y\u0131q&#8230;<\/strong><\/p>\n","protected":false},"excerpt":{"rendered":"<p>Erm\u0259nistan\u0131n T\u0259hl\u00fck\u0259sizlik \u015euras\u0131n\u0131n katibi Armen Qriqoryan deyib ki, respublikan\u0131n suveren \u0259razisind\u0259 &#171;ba\u015fqa suveren \u00f6lk\u0259nin d\u0259hlizi ola bilm\u0259z&#187;. O, bazar g\u00fcn\u00fc Azadl\u0131q Radiosunun Erm\u0259nistan xidm\u0259tin\u0259<\/p>\n","protected":false},"author":2,"featured_media":0,"comment_status":"closed","ping_status":"closed","sticky":false,"template":"","format":"standard","meta":{"footnotes":""},"categories":[4],"tags":[],"class_list":["post-47153","post","type-post","status-publish","format-standard","hentry","category-qarabag"],"aioseo_notices":[],"_links":{"self":[{"href":"https:\/\/fedai.az\/index.php?rest_route=\/wp\/v2\/posts\/47153","targetHints":{"allow":["GET"]}}],"collection":[{"href":"https:\/\/fedai.az\/index.php?rest_route=\/wp\/v2\/posts"}],"about":[{"href":"https:\/\/fedai.az\/index.php?rest_route=\/wp\/v2\/types\/post"}],"author":[{"embeddable":true,"href":"https:\/\/fedai.az\/index.php?rest_route=\/wp\/v2\/users\/2"}],"replies":[{"embeddable":true,"href":"https:\/\/fedai.az\/index.php?rest_route=%2Fwp%2Fv2%2Fcomments&post=47153"}],"version-history":[{"count":1,"href":"https:\/\/fedai.az\/index.php?rest_route=\/wp\/v2\/posts\/47153\/revisions"}],"predecessor-version":[{"id":47155,"href":"https:\/\/fedai.az\/index.php?rest_route=\/wp\/v2\/posts\/47153\/revisions\/47155"}],"wp:attachment":[{"href":"https:\/\/fedai.az\/index.php?rest_route=%2Fwp%2Fv2%2Fmedia&parent=47153"}],"wp:term":[{"taxonomy":"category","embeddable":true,"href":"https:\/\/fedai.az\/index.php?rest_route=%2Fwp%2Fv2%2Fcategories&post=47153"},{"taxonomy":"post_tag","embeddable":true,"href":"https:\/\/fedai.az\/index.php?rest_route=%2Fwp%2Fv2%2Ftags&post=47153"}],"curies":[{"name":"wp","href":"https:\/\/api.w.org\/{rel}","templated":true}]}}