{"id":47164,"date":"2021-09-01T02:39:09","date_gmt":"2021-08-31T22:39:09","guid":{"rendered":"https:\/\/fedai.az\/?p=47164"},"modified":"2021-09-01T02:39:13","modified_gmt":"2021-08-31T22:39:13","slug":"unutmayaq-yad-ed%c9%99k","status":"publish","type":"post","link":"https:\/\/fedai.az\/?p=47164","title":{"rendered":"UNUTMAYAQ&#8230;YAD ED\u018fK !"},"content":{"rendered":"\n<p><strong>\u015e\u0259kild\u0259 g\u00f6rd\u00fcy\u00fcn\u00fcz \u015f\u0259xs G\u00fcney Az\u0259rbaycanl\u0131 Ruhulla Dada\u015f Nicatd\u0131r. <\/strong><\/p>\n\n\n\n<p>Birinci Qaraba\u011f sava\u015f\u0131nda o, erm\u0259ni i\u015f\u011fal\u0131na bigan\u0259 qalmayaraq gizli \u015f\u0259kild\u0259 Araz \u00e7ay\u0131n\u0131 ke\u00e7ir, v\u0259t\u0259ni Az\u0259rbaycan u\u011frunda d\u00f6y\u00fc\u015fl\u0259r\u0259 qat\u0131l\u0131r v\u0259 yaln\u0131z at\u0259\u015fk\u0259s sazi\u015fi imzaland\u0131qdan sonra geri d\u00f6n\u00fcr. <\/p>\n\n\n\n<p>Lakin geri d\u00f6nd\u00fckd\u0259n sonra, Qaraba\u011f sava\u015flar\u0131nda i\u015ftirak etm\u0259si s\u0259b\u0259bi il\u0259 \u0130randa h\u0259bs edilir, t\u0259zyiq v\u0259 t\u0259qibl\u0259r\u0259 m\u0259ruz qal\u0131r. <\/p>\n\n\n\n<p>Q\u0259hr\u0259man\u0131m\u0131z 2018-ci ilin dekabr\u0131nda v\u0259fat edir v\u0259 2019-cu ilin yanvar\u0131nda gizli \u015f\u0259kild\u0259 d\u0259fn edilir. <\/p>\n\n\n\n<p><strong>Allah r\u0259hm\u0259t el\u0259sin, ruhu \u015fad olsun!<\/strong><\/p>\n\n\n\n<p><strong>Leyla H\u0259s\u0259nova<\/strong><\/p>\n\n\n\n<figure class=\"wp-block-image size-large is-resized\"><img loading=\"lazy\" decoding=\"async\" src=\"https:\/\/fedai.az\/wp-content\/uploads\/2021\/09\/241024108_6077467582324683_1824238343521207957_n.jpg\" alt=\"\" class=\"wp-image-47165\" width=\"869\" height=\"1286\" srcset=\"https:\/\/fedai.az\/wp-content\/uploads\/2021\/09\/241024108_6077467582324683_1824238343521207957_n.jpg 552w, https:\/\/fedai.az\/wp-content\/uploads\/2021\/09\/241024108_6077467582324683_1824238343521207957_n-203x300.jpg 203w, https:\/\/fedai.az\/wp-content\/uploads\/2021\/09\/241024108_6077467582324683_1824238343521207957_n-101x150.jpg 101w\" sizes=\"auto, (max-width: 869px) 100vw, 869px\" \/><\/figure>\n","protected":false},"excerpt":{"rendered":"<p>\u015e\u0259kild\u0259 g\u00f6rd\u00fcy\u00fcn\u00fcz \u015f\u0259xs G\u00fcney Az\u0259rbaycanl\u0131 Ruhulla Dada\u015f Nicatd\u0131r. Birinci Qaraba\u011f sava\u015f\u0131nda o, erm\u0259ni i\u015f\u011fal\u0131na bigan\u0259 qalmayaraq gizli \u015f\u0259kild\u0259 Araz \u00e7ay\u0131n\u0131 ke\u00e7ir, v\u0259t\u0259ni Az\u0259rbaycan u\u011frunda<\/p>\n","protected":false},"author":2,"featured_media":47166,"comment_status":"closed","ping_status":"closed","sticky":false,"template":"","format":"standard","meta":{"footnotes":""},"categories":[4],"tags":[],"class_list":["post-47164","post","type-post","status-publish","format-standard","has-post-thumbnail","hentry","category-qarabag"],"aioseo_notices":[],"_links":{"self":[{"href":"https:\/\/fedai.az\/index.php?rest_route=\/wp\/v2\/posts\/47164","targetHints":{"allow":["GET"]}}],"collection":[{"href":"https:\/\/fedai.az\/index.php?rest_route=\/wp\/v2\/posts"}],"about":[{"href":"https:\/\/fedai.az\/index.php?rest_route=\/wp\/v2\/types\/post"}],"author":[{"embeddable":true,"href":"https:\/\/fedai.az\/index.php?rest_route=\/wp\/v2\/users\/2"}],"replies":[{"embeddable":true,"href":"https:\/\/fedai.az\/index.php?rest_route=%2Fwp%2Fv2%2Fcomments&post=47164"}],"version-history":[{"count":1,"href":"https:\/\/fedai.az\/index.php?rest_route=\/wp\/v2\/posts\/47164\/revisions"}],"predecessor-version":[{"id":47167,"href":"https:\/\/fedai.az\/index.php?rest_route=\/wp\/v2\/posts\/47164\/revisions\/47167"}],"wp:featuredmedia":[{"embeddable":true,"href":"https:\/\/fedai.az\/index.php?rest_route=\/wp\/v2\/media\/47166"}],"wp:attachment":[{"href":"https:\/\/fedai.az\/index.php?rest_route=%2Fwp%2Fv2%2Fmedia&parent=47164"}],"wp:term":[{"taxonomy":"category","embeddable":true,"href":"https:\/\/fedai.az\/index.php?rest_route=%2Fwp%2Fv2%2Fcategories&post=47164"},{"taxonomy":"post_tag","embeddable":true,"href":"https:\/\/fedai.az\/index.php?rest_route=%2Fwp%2Fv2%2Ftags&post=47164"}],"curies":[{"name":"wp","href":"https:\/\/api.w.org\/{rel}","templated":true}]}}