{"id":47172,"date":"2021-09-01T13:46:48","date_gmt":"2021-09-01T09:46:48","guid":{"rendered":"https:\/\/fedai.az\/?p=47172"},"modified":"2021-09-01T13:46:51","modified_gmt":"2021-09-01T09:46:51","slug":"rus-sulhm%c9%99ramlilari-qarabagdan-getm%c9%99lidirl%c9%99r-stepan-danielyan","status":"publish","type":"post","link":"https:\/\/fedai.az\/?p=47172","title":{"rendered":"\u201cRus s\u00fclhm\u0259raml\u0131lar\u0131 Qaraba\u011fdan getm\u0259lidirl\u0259r\u201d \u2013 Stepan Danielyan"},"content":{"rendered":"\n<p><strong>Erm\u0259ni politoloq Stepan Danielyana g\u00f6r\u0259, Az\u0259rbaycan\u0131n indi bir ne\u00e7\u0259 h\u0259d\u0259fi var.<\/strong><\/p>\n\n\n\n<p>Danielyan bu fikirl\u0259ri yerli saytlara verdiyi a\u00e7\u0131qlamas\u0131nda s\u0259sl\u0259ndirib:<\/p>\n\n\n\n<p>\u201cAz\u0259rbaycan anklavlar v\u0259 yollar m\u0259s\u0259l\u0259sini h\u0259ll etm\u0259y\u0259 \u00e7al\u0131\u015f\u0131r. &nbsp;\u0130kincisi, \u0259razi b\u00fct\u00f6vl\u00fcy\u00fcn\u00fcn tan\u0131nmas\u0131 t\u0259l\u0259bini ir\u0259li s\u00fcr\u00fcr. T\u00fcrkiy\u0259 is\u0259 tarixi probleml\u0259rin m\u00fcnasib\u0259tl\u0259r kontekstind\u0259 m\u00fczakir\u0259 edilm\u0259m\u0259sinin t\u0259r\u0259fdar\u0131d\u0131r. Burada s\u00f6hb\u0259t &nbsp;\u201cerm\u0259ni soyq\u0131r\u0131m\u0131\u201dn\u0131n tan\u0131nmas\u0131ndan gedir. &nbsp;Az\u0259rbaycan v\u0259 T\u00fcrkiy\u0259 h\u0259r \u015feyi \u0259ld\u0259 etm\u0259k ist\u0259yir\u201d \u2013 Danielyan vur\u011fulay\u0131b.<\/p>\n\n\n\n<p>\u201cRusiya vasit\u0259\u00e7ilik funksiyas\u0131na malik oldu\u011fundan, a\u00e7\u0131q \u015f\u0259kild\u0259 Erm\u0259nistan-Az\u0259rbaycan aras\u0131nda debata girm\u0259k ist\u0259mir. Daxili m\u00fczakir\u0259l\u0259rd\u0259 is\u0259 Rusiyan\u0131n \u00f6z mara\u011f\u0131 var. \u00c7\u00fcnki Erm\u0259nistan Qaraba\u011f\u0131 Az\u0259rbaycan\u0131n bir hiss\u0259si kimi tan\u0131sa, o zaman \u201cruslar orada n\u0259 etm\u0259lidir\u201d sual\u0131 yaranacaq. \u018flb\u0259tt\u0259 ki, bel\u0259 halda &nbsp;ruslar getm\u0259lidirl\u0259r, \u00e7\u00fcnki Az\u0259rbaycan s\u00fclhm\u0259raml\u0131lar\u0131n statusunu tan\u0131may\u0131b\u201d \u2013 erm\u0259ni politoloq bildirib.<\/p>\n\n\n\n<p>Stepan Danielyana g\u00f6r\u0259 n\u00f6vb\u0259ti sual ortaya \u00e7\u0131xa bil\u0259r: B\u00fct\u00fcn bunlar\u0131n fonunda Rusiya C\u0259nubi Qafqazda n\u0259 edir? T\u00fcrkiy\u0259nin Orta Asiyada t\u00fcrkdilli \u00f6lk\u0259l\u0259rin konfederasiyas\u0131 m\u0259s\u0259l\u0259sini t\u0259bli\u011f ed\u0259c\u0259yini n\u0259z\u0259r\u0259 alsaq, Rusiya n\u0259 etm\u0259lidir? Lakin suallar a\u00e7\u0131q qal\u0131r. Anlad\u0131\u011f\u0131m q\u0259d\u0259ril\u0259 Rusiya indi Az\u0259rbaycanla konflikt\u0259 girm\u0259m\u0259y\u0259 \u00e7al\u0131\u015f\u0131r. Bu v\u0259 ya dig\u0259r formada vaxt qazanmaq ist\u0259yir. Ancaq tez ya gec, bu toqqu\u015fma ba\u015f verm\u0259lidir. \u00c7\u00fcnki maraqlar 180 d\u0259r\u0259c\u0259 toqqu\u015fur\u201d- dey\u0259 danielyan fikirl\u0259rini tamamlay\u0131b.<\/p>\n\n\n\n<p><strong>M\u00fc\u015fviq Tofiqo\u011flu<\/strong><\/p>\n\n\n\n<p>M\u0259nb\u0259: KONKRET.az<\/p>\n","protected":false},"excerpt":{"rendered":"<p>Erm\u0259ni politoloq Stepan Danielyana g\u00f6r\u0259, Az\u0259rbaycan\u0131n indi bir ne\u00e7\u0259 h\u0259d\u0259fi var. Danielyan bu fikirl\u0259ri yerli saytlara verdiyi a\u00e7\u0131qlamas\u0131nda s\u0259sl\u0259ndirib: \u201cAz\u0259rbaycan anklavlar v\u0259 yollar m\u0259s\u0259l\u0259sini<\/p>\n","protected":false},"author":2,"featured_media":0,"comment_status":"closed","ping_status":"closed","sticky":false,"template":"","format":"standard","meta":{"footnotes":""},"categories":[4],"tags":[],"class_list":["post-47172","post","type-post","status-publish","format-standard","hentry","category-qarabag"],"aioseo_notices":[],"_links":{"self":[{"href":"https:\/\/fedai.az\/index.php?rest_route=\/wp\/v2\/posts\/47172","targetHints":{"allow":["GET"]}}],"collection":[{"href":"https:\/\/fedai.az\/index.php?rest_route=\/wp\/v2\/posts"}],"about":[{"href":"https:\/\/fedai.az\/index.php?rest_route=\/wp\/v2\/types\/post"}],"author":[{"embeddable":true,"href":"https:\/\/fedai.az\/index.php?rest_route=\/wp\/v2\/users\/2"}],"replies":[{"embeddable":true,"href":"https:\/\/fedai.az\/index.php?rest_route=%2Fwp%2Fv2%2Fcomments&post=47172"}],"version-history":[{"count":1,"href":"https:\/\/fedai.az\/index.php?rest_route=\/wp\/v2\/posts\/47172\/revisions"}],"predecessor-version":[{"id":47174,"href":"https:\/\/fedai.az\/index.php?rest_route=\/wp\/v2\/posts\/47172\/revisions\/47174"}],"wp:attachment":[{"href":"https:\/\/fedai.az\/index.php?rest_route=%2Fwp%2Fv2%2Fmedia&parent=47172"}],"wp:term":[{"taxonomy":"category","embeddable":true,"href":"https:\/\/fedai.az\/index.php?rest_route=%2Fwp%2Fv2%2Fcategories&post=47172"},{"taxonomy":"post_tag","embeddable":true,"href":"https:\/\/fedai.az\/index.php?rest_route=%2Fwp%2Fv2%2Ftags&post=47172"}],"curies":[{"name":"wp","href":"https:\/\/api.w.org\/{rel}","templated":true}]}}