{"id":47178,"date":"2021-09-01T15:11:04","date_gmt":"2021-09-01T11:11:04","guid":{"rendered":"https:\/\/fedai.az\/?p=47178"},"modified":"2021-09-01T15:11:05","modified_gmt":"2021-09-01T11:11:05","slug":"sentyabrin-15-i-d%c9%99rsl%c9%99r-%c9%99vv%c9%99lki-qaydada-baslayacaqmi-aciqlama","status":"publish","type":"post","link":"https:\/\/fedai.az\/?p=47178","title":{"rendered":"Sentyabr\u0131n 15-i d\u0259rsl\u0259r \u0259vv\u0259lki qaydada ba\u015flayacaqm\u0131? &#8212; A\u00c7IQLAMA"},"content":{"rendered":"\n<p><strong>\u00dcmumd\u00fcnya S\u0259hiyy\u0259 T\u0259\u015fkilat\u0131 (\u00dcST) v\u0259 UNICEF-in Az\u0259rbaycandak\u0131 N\u00fcmay\u0259nd\u0259liyi sentyabr\u0131n 15-d\u0259n \u0259n\u0259n\u0259vi t\u0259hsil\u0259 qay\u0131d\u0131\u015fla ba\u011fl\u0131 m\u00fcraci\u0259t edib. H\u0259r iki qurum t\u0259r\u0259find\u0259n &#171;M\u0259kt\u0259b\u0259 qay\u0131d\u0131\u015f&#187; kampaniyas\u0131 \u00fc\u00e7\u00fcn T\u0259hsil Nazirliyin\u0259, el\u0259c\u0259 d\u0259 yerli s\u0259hiyy\u0259 qurumlar\u0131na birg\u0259 d\u0259st\u0259k veril\u0259c\u0259yi bildirilib.<\/strong><\/p>\n\n\n\n<p>Maraql\u0131d\u0131r, sentyabr\u0131n 15-i m\u0259kt\u0259bl\u0259rin a\u00e7\u0131lmas\u0131 real g\u00f6r\u00fcn\u00fcrm\u00fc? \u018fn\u0259n\u0259vi t\u0259hsil\u0259 qay\u0131d\u0131\u015f \u00fc\u00e7\u00fcn hans\u0131 add\u0131mlar at\u0131lmal\u0131d\u0131r?<\/p>\n\n\n\n<p>M\u0259s\u0259l\u0259 il\u0259 ba\u011fl\u0131 Sfera.az-a dan\u0131\u015fan t\u0259hsil eksperti Elvin B\u0259dirli \u0259n\u0259n\u0259vi t\u0259hsil\u0259 qay\u0131d\u0131\u015f \u00fc\u00e7\u00fcn t\u0259dris m\u00fc\u0259ssis\u0259l\u0259rind\u0259 laz\u0131m\u0131 t\u0259dbirl\u0259rin g\u00f6r\u00fclm\u0259li oldu\u011funu bildirib:<\/p>\n\n\n\n<p>&#171;T\u0259dris ili ist\u0259nil\u0259n \u015f\u0259raitd\u0259 x\u00fcsusil\u0259 a\u015fa\u011f\u0131 sinifl\u0259r \u00fc\u00e7\u00fcn \u0259n\u0259n\u0259vi qaydada b\u0259rpa olunmal\u0131d\u0131r. \u00c7\u00fcnki orta m\u0259kt\u0259bl\u0259rd\u0259 \u0259n\u0259n\u0259vi t\u0259hsil b\u0259rpa edilm\u0259d\u0259n onlar\u0131n t\u0259hsilin\u0259 vurulmu\u015f z\u0259r\u0259ri n\u00f6vb\u0259ti ill\u0259r \u0259rzind\u0259 aradan qald\u0131rmaq m\u00fcmk\u00fcn olmayacaq. Art\u0131q g\u00fcn \u0259rzind\u0259 100 mind\u0259n \u00e7ox \u015f\u0259xs vaksin olunur, xeyli sayda \u015f\u0259xs h\u0259r iki doza \u00fczr\u0259 vaksin olunub. B\u00fct\u00fcn bu n\u0259tic\u0259l\u0259r\u0259 baxanda m\u0259kt\u0259bl\u0259rd\u0259 v\u0259 univeristetl\u0259rd\u0259 t\u0259drisin \u0259n\u0259n\u0259vi formas\u0131n\u0131n t\u0259tbiqini g\u00f6r\u0259c\u0259yik. Sad\u0259c\u0259 ictimaiyy\u0259td\u0259 sual do\u011furan m\u0259qam \u0259n\u0259n\u0259vi formaya ke\u00e7idd\u0259n sonra t\u0259krar hibrid t\u0259hsil\u0259 qay\u0131d\u0131\u015f v\u0259 qapanma il\u0259 ba\u011fl\u0131d\u0131r. D\u00fc\u015f\u00fcn\u00fcr\u0259m ki, t\u0259hsil m\u00fc\u0259ssis\u0259l\u0259rind\u0259 z\u0259ruri t\u0259dbirl\u0259r g\u00f6r\u00fcl\u0259rs\u0259 v\u0259 vaksinl\u0259m\u0259 bu templ\u0259 davam ed\u0259rs\u0259, art\u0131q sentyabr\u0131n 15-i d\u0259rsl\u0259r \u0259vv\u0259lki qaydada ba\u015flayacaq&#187;.<\/p>\n\n\n\n<p>Ekspert I-IX sinif \u015fagirdl\u0259ri \u00fc\u00e7\u00fcn \u0259n\u0259nvi t\u0259hsil\u0259 qay\u0131d\u0131\u015f\u0131n x\u00fcsusil\u0259 \u0259h\u0259miyy\u0259tli oldu\u011funu deyib:<\/p>\n\n\n\n<p>&#171;X\u00fcsusil\u0259 d\u0259 1-9-cu sinifl\u0259rd\u0259 t\u0259hsilin b\u0259rpa edilm\u0259si daha real g\u00f6r\u00fcn\u00fcr Onsuz da yuxar\u0131 sinif \u015fagirdl\u0259ri \u00fc\u00e7\u00fcn m\u0259kt\u0259b\u0259 gedib-getm\u0259m\u0259k bir o q\u0259d\u0259r d\u0259 \u0259h\u0259miyy\u0259t da\u015f\u0131m\u0131r. \u00c7\u00fcnki onlar ali m\u0259kt\u0259b\u0259 haz\u0131rla\u015fd\u0131qlar\u0131 \u00fc\u00e7\u00fcn m\u0259kt\u0259b\u0259 getm\u0259yi zaman itkisi kimi d\u0259y\u0259rl\u0259ndirir. Bu bax\u0131mdan a\u015fa\u011f\u0131 sinif \u015fagirdl\u0259ri \u00fc\u00e7\u00fcn m\u00fctl\u0259q t\u0259dbirl\u0259r g\u00f6r\u00fclm\u0259lidir ki, \u0259n az\u0131ndan hibrid qaydada da olsa, t\u0259dris b\u0259rpa edilsin&#187;.<\/p>\n","protected":false},"excerpt":{"rendered":"<p>\u00dcmumd\u00fcnya S\u0259hiyy\u0259 T\u0259\u015fkilat\u0131 (\u00dcST) v\u0259 UNICEF-in Az\u0259rbaycandak\u0131 N\u00fcmay\u0259nd\u0259liyi sentyabr\u0131n 15-d\u0259n \u0259n\u0259n\u0259vi t\u0259hsil\u0259 qay\u0131d\u0131\u015fla ba\u011fl\u0131 m\u00fcraci\u0259t edib. H\u0259r iki qurum t\u0259r\u0259find\u0259n &#171;M\u0259kt\u0259b\u0259 qay\u0131d\u0131\u015f&#187; kampaniyas\u0131 \u00fc\u00e7\u00fcn<\/p>\n","protected":false},"author":2,"featured_media":0,"comment_status":"closed","ping_status":"closed","sticky":false,"template":"","format":"standard","meta":{"footnotes":""},"categories":[8],"tags":[],"class_list":["post-47178","post","type-post","status-publish","format-standard","hentry","category-thsil"],"aioseo_notices":[],"_links":{"self":[{"href":"https:\/\/fedai.az\/index.php?rest_route=\/wp\/v2\/posts\/47178","targetHints":{"allow":["GET"]}}],"collection":[{"href":"https:\/\/fedai.az\/index.php?rest_route=\/wp\/v2\/posts"}],"about":[{"href":"https:\/\/fedai.az\/index.php?rest_route=\/wp\/v2\/types\/post"}],"author":[{"embeddable":true,"href":"https:\/\/fedai.az\/index.php?rest_route=\/wp\/v2\/users\/2"}],"replies":[{"embeddable":true,"href":"https:\/\/fedai.az\/index.php?rest_route=%2Fwp%2Fv2%2Fcomments&post=47178"}],"version-history":[{"count":1,"href":"https:\/\/fedai.az\/index.php?rest_route=\/wp\/v2\/posts\/47178\/revisions"}],"predecessor-version":[{"id":47180,"href":"https:\/\/fedai.az\/index.php?rest_route=\/wp\/v2\/posts\/47178\/revisions\/47180"}],"wp:attachment":[{"href":"https:\/\/fedai.az\/index.php?rest_route=%2Fwp%2Fv2%2Fmedia&parent=47178"}],"wp:term":[{"taxonomy":"category","embeddable":true,"href":"https:\/\/fedai.az\/index.php?rest_route=%2Fwp%2Fv2%2Fcategories&post=47178"},{"taxonomy":"post_tag","embeddable":true,"href":"https:\/\/fedai.az\/index.php?rest_route=%2Fwp%2Fv2%2Ftags&post=47178"}],"curies":[{"name":"wp","href":"https:\/\/api.w.org\/{rel}","templated":true}]}}