{"id":47181,"date":"2021-09-01T15:37:51","date_gmt":"2021-09-01T11:37:51","guid":{"rendered":"https:\/\/fedai.az\/?p=47181"},"modified":"2021-09-01T15:37:55","modified_gmt":"2021-09-01T11:37:55","slug":"kimin-n%c9%99-%c9%99yri-isi-var-qazil%c9%99rin-adina-yazirlar","status":"publish","type":"post","link":"https:\/\/fedai.az\/?p=47181","title":{"rendered":"Kimin n\u0259 \u0259yri i\u015fi var, qazil\u0259rin ad\u0131na yaz\u0131rlar&#8230;"},"content":{"rendered":"\n<p><strong>&#171;Bak\u0131 \u015f\u0259h\u0259rind\u0259 f\u0259aliyy\u0259t g\u00f6st\u0259r\u0259n 7 sayl\u0131 \u015e\u0259h\u0259r Poliklinikas\u0131nda vaksinasiya n\u00f6vb\u0259sind\u0259 m\u00fc\u0259ssis\u0259nin qap\u0131s\u0131n\u0131 s\u0131nd\u0131ran v\u0259 \u00fc\u00e7 h\u0259kim\u0259 x\u0259sar\u0259t yetir\u0259n \u015f\u0259xs qazi deyil\u201d.<\/strong><\/p>\n\n\n\n<p><br>Bunu AZXEBER.COM-un sor\u011fusuna cavab olaraq Daxili \u0130\u015fl\u0259r Nazirliyinin M\u0259tbuat Xidm\u0259tinin r\u0259isi, polis polkovniki Ehsan Zahidov bildirib.\u00a0<\/p>\n\n\n\n<p><br>Onun s\u00f6zl\u0259rin\u0259 g\u00f6r\u0259, h\u0259min \u015f\u0259xsin kimliyi m\u0259lum olub:<\/p>\n\n\n\n<p>&#171;Hadis\u0259ni t\u00f6r\u0259d\u0259n \u015f\u0259xs 1978-ci il t\u0259v\u0259ll\u00fcdl\u00fc Ceyhun A\u011fayevdir. Onun 90-c\u0131 ill\u0259rin Qaraba\u011f m\u00fcharib\u0259si zaman\u0131 d\u00f6y\u00fc\u015fl\u0259rd\u0259 i\u015ftirak etm\u0259si il\u0259 ba\u011fl\u0131 dedikl\u0259ri yaland\u0131r. H\u0259min vaxt onun 16 ya\u015f\u0131 olub. V\u0259t\u0259nda\u015f\u0131n t\u00f6r\u0259tdiyi \u0259m\u0259ll\u0259 ba\u011fl\u0131 t\u0259r\u0259fimizd\u0259n ara\u015fd\u0131rma apar\u0131l\u0131r\u201d.<br>&#171;Ara\u015fd\u0131rman\u0131n n\u0259tic\u0259sind\u0259n as\u0131l\u0131 olaraq m\u0259s\u0259l\u0259y\u0259 h\u00fcquqi qiym\u0259t veril\u0259c\u0259k\u201d, &#8212; dey\u0259 D\u0130N r\u0259smisi qeyd edib.<\/p>\n\n\n\n<figure class=\"wp-block-image size-large is-resized\"><img loading=\"lazy\" decoding=\"async\" src=\"https:\/\/fedai.az\/wp-content\/uploads\/2021\/09\/146546632_3918149534928109_8829249000208858158_n-1.jpg\" alt=\"\" class=\"wp-image-47182\" width=\"897\" height=\"598\"\/><\/figure>\n\n\n\n<p><strong>M\u0259s\u0259l\u0259 il\u0259 ba\u011fl\u0131 Az\u0259rbaycan V\u0259t\u0259n M\u00fcharib\u0259si Veteranlar\u0131 \u0130ctimai Birliyi (AVMV\u0130B) NTK s\u0259dri Niyazi Quliyev hadis\u0259y\u0259 m\u00fcnasib\u0259t bildir\u0259r\u0259k dedi: <\/strong><\/p>\n\n\n\n<p>&#171;\u00d6lk\u0259d\u0259 n\u0259 neqativ hal ba\u015f verirs\u0259, informasiya vasit\u0259l\u0259ri tez-t\u0259l\u0259sik qazil\u0259rin ad\u0131na yaz\u0131b t\u0259bli\u011f edirl\u0259r. Bunlara sifari\u015fi v\u0259 maliyy\u0259ni kiml\u0259rin verdiyini ara\u015fd\u0131rmaq laz\u0131md\u0131r. Bel\u0259 soysuzlar\u0131n harada t\u0259hsil al\u0131b \u00f6zl\u0259rini jurnalist elan etm\u0259l\u0259ri ciddi sur\u0259td\u0259 ara\u015fd\u0131r\u0131lmal\u0131d\u0131r. Qazil\u0259r v\u0259 \u015f\u0259hidl\u0259r bu \u00f6lk\u0259nin q\u00fcrur m\u0259nb\u0259yidir. Bunu \u00f6lk\u0259 prezidenti d\u00f6n\u0259-d\u00f6n\u0259 t\u0259krarlay\u0131b. Olay\u0131 ara\u015fd\u0131rmadan v\u0259 kimliyi bilm\u0259d\u0259n qazi ad\u0131n\u0131 halland\u0131ranlar \u0259n az\u0131 erm\u0259ni agentl\u0259ri v\u0259 5-ci kolonun n\u00f6k\u0259rl\u0259ridir. Biz ill\u0259rimizi bu m\u00fcbariz\u0259y\u0259 h\u0259sr etmi\u015fik. Amma n\u0259 yaz\u0131q ki, xainl\u0259r bu \u00f6lk\u0259d\u0259 g\u00fcnb\u0259g\u00fcn g\u00fccl\u00fc v\u0259 imtiyazl\u0131 bir silk\u0259 \u00e7evrilm\u0259kd\u0259dirl\u0259r. \u00dcst\u0259lik d\u0259 bu g\u00fcn he\u00e7 kimi saym\u0131rlar. A\u015fkarcas\u0131na \u00f6lk\u0259miz\u0259 qar\u015f\u0131 t\u0259xribat v\u0259 t\u0259bli\u011fatla m\u0259\u015f\u011ful olurlar. \u00c7\u00fcnki x\u00fcsusi m\u00fchafiz\u0259 alt\u0131ndad\u0131rlar. El\u0259 bu hadis\u0259d\u0259 d\u0259 Ceyhun A\u011fayev adl\u0131 \u015f\u0259xsin t\u00f6r\u0259tdiyi \u0259m\u0259lin o \u015f\u0259b\u0259k\u0259yl\u0259 ba\u011fl\u0131 olmas\u0131n\u0131 g\u00f6st\u0259rir. N\u0259 yax\u015f\u0131 ki, sosial \u015f\u0259b\u0259k\u0259d\u0259 v\u0259t\u0259np\u0259rv\u0259r insanlar\u0131m\u0131z var. Bel\u0259l\u0259rin\u0259 qar\u015f\u0131 m\u00fcbariz\u0259 apar\u0131rlar. <\/p>\n\n\n\n<p>Bax\u0131n birc\u0259 fakt\u0131 deyim ki, K\u0259lb\u0259c\u0259rd\u0259 \u015f\u0259hidl\u0259r\u0259 aid plakata qar\u015f\u0131 vandalizm h\u0259r\u0259k\u0259ti olub. Ne\u00e7\u0259 sayt v\u0259 ya dig\u0259r K\u0130V orqan\u0131 reaksiya verdi? M\u0259nc\u0259 bu c\u00fcr hadis\u0259l\u0259r\u0259 reaksiya verm\u0259y\u0259nl\u0259r, n\u0259inki lal \u015feytanlard\u0131, h\u0259m d\u0259 d\u00fc\u015fm\u0259n\u0259 i\u015fl\u0259y\u0259nl\u0259rdir.&#187;<\/p>\n","protected":false},"excerpt":{"rendered":"<p>&#171;Bak\u0131 \u015f\u0259h\u0259rind\u0259 f\u0259aliyy\u0259t g\u00f6st\u0259r\u0259n 7 sayl\u0131 \u015e\u0259h\u0259r Poliklinikas\u0131nda vaksinasiya n\u00f6vb\u0259sind\u0259 m\u00fc\u0259ssis\u0259nin qap\u0131s\u0131n\u0131 s\u0131nd\u0131ran v\u0259 \u00fc\u00e7 h\u0259kim\u0259 x\u0259sar\u0259t yetir\u0259n \u015f\u0259xs qazi deyil\u201d. Bunu AZXEBER.COM-un sor\u011fusuna<\/p>\n","protected":false},"author":2,"featured_media":0,"comment_status":"closed","ping_status":"closed","sticky":false,"template":"","format":"standard","meta":{"footnotes":""},"categories":[5],"tags":[],"class_list":["post-47181","post","type-post","status-publish","format-standard","hentry","category-veteran"],"aioseo_notices":[],"_links":{"self":[{"href":"https:\/\/fedai.az\/index.php?rest_route=\/wp\/v2\/posts\/47181","targetHints":{"allow":["GET"]}}],"collection":[{"href":"https:\/\/fedai.az\/index.php?rest_route=\/wp\/v2\/posts"}],"about":[{"href":"https:\/\/fedai.az\/index.php?rest_route=\/wp\/v2\/types\/post"}],"author":[{"embeddable":true,"href":"https:\/\/fedai.az\/index.php?rest_route=\/wp\/v2\/users\/2"}],"replies":[{"embeddable":true,"href":"https:\/\/fedai.az\/index.php?rest_route=%2Fwp%2Fv2%2Fcomments&post=47181"}],"version-history":[{"count":1,"href":"https:\/\/fedai.az\/index.php?rest_route=\/wp\/v2\/posts\/47181\/revisions"}],"predecessor-version":[{"id":47184,"href":"https:\/\/fedai.az\/index.php?rest_route=\/wp\/v2\/posts\/47181\/revisions\/47184"}],"wp:attachment":[{"href":"https:\/\/fedai.az\/index.php?rest_route=%2Fwp%2Fv2%2Fmedia&parent=47181"}],"wp:term":[{"taxonomy":"category","embeddable":true,"href":"https:\/\/fedai.az\/index.php?rest_route=%2Fwp%2Fv2%2Fcategories&post=47181"},{"taxonomy":"post_tag","embeddable":true,"href":"https:\/\/fedai.az\/index.php?rest_route=%2Fwp%2Fv2%2Ftags&post=47181"}],"curies":[{"name":"wp","href":"https:\/\/api.w.org\/{rel}","templated":true}]}}