{"id":47192,"date":"2021-09-01T21:33:15","date_gmt":"2021-09-01T17:33:15","guid":{"rendered":"https:\/\/fedai.az\/?p=47192"},"modified":"2021-09-01T21:40:09","modified_gmt":"2021-09-01T17:40:09","slug":"t%c9%99brik-tohid-m%c9%99mm%c9%99dovun-71","status":"publish","type":"post","link":"https:\/\/fedai.az\/?p=47192","title":{"rendered":"T\u0259brik: Tohid M\u0259mm\u0259dov &#8212; 71"},"content":{"rendered":"\n<p><strong>Tarix \u00fczr\u0259 f\u0259ls\u0259f\u0259 doktoru, Az\u0259rbaycan V\u0259t\u0259n M\u00fcharib\u0259si Veteranlar\u0131 \u0130ctimai Birliyinin (AVMV\u0130B) \u00fczv\u00fc, V\u0259t\u0259n m\u00fcharib\u0259si veteran\u0131 M\u0259mm\u0259dov Tohid Dil\u0259n o\u011flu 01.09.1950-ci ild\u0259 B\u0259rd\u0259 rayonunun Mollal\u0131 k\u0259ndind\u0259 anadan olub.<\/strong><\/p>\n\n\n\n<p><br><strong><span class=\"has-inline-color has-vivid-red-color\">M\u00fcharib\u0259 veteran\u0131 Tohid M\u0259mm\u0259dovun 71 ya\u015f\u0131 tamam olur.<\/span><\/strong><\/p>\n\n\n\n<figure class=\"wp-block-image size-large is-resized\"><img loading=\"lazy\" decoding=\"async\" src=\"https:\/\/fedai.az\/wp-content\/uploads\/2021\/09\/240833583_628730524771408_8051743133560915360_n-768x1024.jpg\" alt=\"\" class=\"wp-image-47193\" width=\"884\" height=\"1179\"\/><\/figure>\n\n\n\n<p><br>O, 1972-ci ild\u0259n 2003-c\u00fc il\u0259d\u0259k Daxili \u0130\u015fl\u0259r orqanlar\u0131nda m\u00fcxt\u0259lif v\u0259zif\u0259l\u0259rd\u0259 \u00e7al\u0131\u015fm\u0131\u015fd\u0131r. 1992-1994-c\u00fc ill\u0259rd\u0259 A\u011fdam rayonu u\u011frunda ged\u0259n d\u00f6y\u00fc\u015fl\u0259rd\u0259 yax\u0131ndan i\u015ftirak edib.<\/p>\n\n\n\n<p>2000-ci ild\u0259 M\u00fc\u0259lliml\u0259r \u0130nistitutu Sumqay\u0131t \u015f\u0259h\u0259r filial\u0131nda ba\u015f m\u00fc\u0259llim olaraq \u00e7al\u0131\u015f\u0131b. 88 elmi m\u0259qal\u0259nin m\u00fc\u0259llifidir. 20 ild\u0259n art\u0131qd\u0131r ki, g\u0259nc n\u0259slin v\u0259t\u0259np\u0259rv\u0259r ruhda t\u0259rbiyy\u0259si il\u0259 m\u0259\u015f\u011fuldur.<\/p>\n\n\n\n<p><br>Tarix \u00fczr\u0259 f\u0259ls\u0259f\u0259 doktoru, Az\u0259rbaycan V\u0259t\u0259n M\u00fcharib\u0259si Veteranlar\u0131 \u0130ctimai Birliyinin (AVMV\u0130B) \u00fczv\u00fc, V\u0259t\u0259n m\u00fcharib\u0259si veteran\u0131 M\u0259mm\u0259dov Tohid Dil\u0259n o\u011flu haz\u0131rda \u00e7al\u0131\u015fd\u0131\u011f\u0131 Sumqay\u0131t D\u00f6vl\u0259t Universitetinin (SDU) rektorunun qanunsuz \u0259m\u0259ll\u0259rind\u0259n m\u00fcxt\u0259lif d\u00f6vl\u0259t qurumlar\u0131na m\u00fcraci\u0259tl\u0259r edir. M\u00fcharib\u0259 veteran\u0131 i\u015fl\u0259diyi universitetd\u0259 haqs\u0131zl\u0131qla \u00fczl\u0259\u015fib. Bu bar\u0259d\u0259 Fedai.az sayt\u0131nda m\u0259lumat vermi\u015fdik: <a href=\"https:\/\/fedai.az\/?p=42502&amp;fbclid=IwAR03fr90V16NBHZ1XJGsF6cZ1Gn3O_cfbfjLdEUPgNE87o4fc1HkOvmP-64\">https:\/\/fedai.az\/?p=42502&amp;fbclid=IwAR03fr90V16NBHZ1XJGsF6cZ1Gn3O_cfbfjLdEUPgNE87o4fc1HkOvmP-64<\/a><\/p>\n\n\n\n<figure class=\"wp-block-gallery columns-2 is-cropped wp-block-gallery-1 is-layout-flex wp-block-gallery-is-layout-flex\"><ul class=\"blocks-gallery-grid\"><li class=\"blocks-gallery-item\"><figure><img loading=\"lazy\" decoding=\"async\" width=\"768\" height=\"1024\" src=\"https:\/\/fedai.az\/wp-content\/uploads\/2021\/09\/241093060_238592681372541_7468664083368387178_n-768x1024.jpg\" alt=\"\" data-id=\"47194\" data-link=\"https:\/\/fedai.az\/?attachment_id=47194\" class=\"wp-image-47194\" srcset=\"https:\/\/fedai.az\/wp-content\/uploads\/2021\/09\/241093060_238592681372541_7468664083368387178_n-768x1024.jpg 768w, https:\/\/fedai.az\/wp-content\/uploads\/2021\/09\/241093060_238592681372541_7468664083368387178_n-225x300.jpg 225w, https:\/\/fedai.az\/wp-content\/uploads\/2021\/09\/241093060_238592681372541_7468664083368387178_n-113x150.jpg 113w, https:\/\/fedai.az\/wp-content\/uploads\/2021\/09\/241093060_238592681372541_7468664083368387178_n.jpg 960w\" sizes=\"auto, (max-width: 768px) 100vw, 768px\" \/><\/figure><\/li><li class=\"blocks-gallery-item\"><figure><img loading=\"lazy\" decoding=\"async\" width=\"768\" height=\"1024\" src=\"https:\/\/fedai.az\/wp-content\/uploads\/2021\/09\/240970529_412335370470276_5406687972854618697_n-768x1024.jpg\" alt=\"\" data-id=\"47195\" data-full-url=\"https:\/\/fedai.az\/wp-content\/uploads\/2021\/09\/240970529_412335370470276_5406687972854618697_n.jpg\" data-link=\"https:\/\/fedai.az\/?attachment_id=47195\" class=\"wp-image-47195\" srcset=\"https:\/\/fedai.az\/wp-content\/uploads\/2021\/09\/240970529_412335370470276_5406687972854618697_n-768x1024.jpg 768w, https:\/\/fedai.az\/wp-content\/uploads\/2021\/09\/240970529_412335370470276_5406687972854618697_n-225x300.jpg 225w, https:\/\/fedai.az\/wp-content\/uploads\/2021\/09\/240970529_412335370470276_5406687972854618697_n-113x150.jpg 113w, https:\/\/fedai.az\/wp-content\/uploads\/2021\/09\/240970529_412335370470276_5406687972854618697_n.jpg 960w\" sizes=\"auto, (max-width: 768px) 100vw, 768px\" \/><\/figure><\/li><\/ul><\/figure>\n\n\n\n<p><br>T. M\u0259mm\u0259dovun &#171;Az\u0259rbaycan Respublikas\u0131n\u0131n Beyn\u0259lxalq cinay\u0259t polisi t\u0259\u015fkilat\u0131 v\u0259 onun &#171;\u0130nterpol&#187; sistemind\u0259 f\u0259aliyy\u0259ti&#187; adl\u0131 kitab\u0131 i\u015f\u0131q \u00fcz\u00fc g\u00f6r\u00fcb. Birliyin f\u0259aliyy\u0259tind\u0259 f\u0259al i\u015ftirak ed\u0259n veteran kimi AVMV\u0130B-nin t\u0259sis etdiyi Xatir\u0259 medallar\u0131yla t\u0259ltif edilib. <\/p>\n\n\n\n<p>Az\u0259rbaycan V\u0259t\u0259n M\u00fcharib\u0259si Veteranlar\u0131 \u0130ctimai Birliyi (AVMV\u0130B) R\u0259hb\u0259rliyi v\u0259 AVMV\u0130B Sumqay\u0131t \u015f\u0259h\u0259r \u015f\u00f6b\u0259si r\u0259hb\u0259rliyi Tohid M\u0259mm\u0259dovu ad g\u00fcn\u00fc m\u00fcnasib\u0259tiyl\u0259 t\u0259brik edir, uzun \u00f6m\u00fcr v\u0259 can sa\u011fl\u0131\u011f\u0131 arzulay\u0131r.<\/p>\n\n\n\n<p><br><strong>100 ya\u015fa, Tohid b\u0259y!<\/strong><\/p>\n\n\n\n<p><strong><br>B\u00fct\u00fcn g\u00f6z\u0259llikl\u0259r sizin olsun!<\/strong><\/p>\n\n\n\n<p><strong><br>AVMV\u0130B v\u0259 AVMV\u0130B Sumqay\u0131t \u015f\u0259h\u0259r \u015f\u00f6b\u0259si r\u0259hb\u0259rliyi<\/strong><\/p>\n\n\n\n<figure class=\"wp-block-gallery columns-2 is-cropped wp-block-gallery-2 is-layout-flex wp-block-gallery-is-layout-flex\"><ul class=\"blocks-gallery-grid\"><li class=\"blocks-gallery-item\"><figure><img decoding=\"async\" src=\"https:\/\/fedai.az\/wp-content\/uploads\/2021\/09\/b7.jpg\" alt=\"\" data-id=\"47196\" data-link=\"https:\/\/fedai.az\/?attachment_id=47196\" class=\"wp-image-47196\"\/><\/figure><\/li><li class=\"blocks-gallery-item\"><figure><img decoding=\"async\" src=\"https:\/\/fedai.az\/wp-content\/uploads\/2021\/09\/8265a327389da9fe4fdc2714b309120e-2-1.jpg\" alt=\"\" data-id=\"47197\" data-full-url=\"https:\/\/fedai.az\/wp-content\/uploads\/2021\/09\/8265a327389da9fe4fdc2714b309120e-2-1.jpg\" data-link=\"https:\/\/fedai.az\/?attachment_id=47197\" class=\"wp-image-47197\"\/><\/figure><\/li><\/ul><\/figure>\n","protected":false},"excerpt":{"rendered":"<p>Tarix \u00fczr\u0259 f\u0259ls\u0259f\u0259 doktoru, Az\u0259rbaycan V\u0259t\u0259n M\u00fcharib\u0259si Veteranlar\u0131 \u0130ctimai Birliyinin (AVMV\u0130B) \u00fczv\u00fc, V\u0259t\u0259n m\u00fcharib\u0259si veteran\u0131 M\u0259mm\u0259dov Tohid Dil\u0259n o\u011flu 01.09.1950-ci ild\u0259 B\u0259rd\u0259 rayonunun Mollal\u0131<\/p>\n","protected":false},"author":2,"featured_media":0,"comment_status":"closed","ping_status":"closed","sticky":false,"template":"","format":"standard","meta":{"footnotes":""},"categories":[5],"tags":[],"class_list":["post-47192","post","type-post","status-publish","format-standard","hentry","category-veteran"],"aioseo_notices":[],"_links":{"self":[{"href":"https:\/\/fedai.az\/index.php?rest_route=\/wp\/v2\/posts\/47192","targetHints":{"allow":["GET"]}}],"collection":[{"href":"https:\/\/fedai.az\/index.php?rest_route=\/wp\/v2\/posts"}],"about":[{"href":"https:\/\/fedai.az\/index.php?rest_route=\/wp\/v2\/types\/post"}],"author":[{"embeddable":true,"href":"https:\/\/fedai.az\/index.php?rest_route=\/wp\/v2\/users\/2"}],"replies":[{"embeddable":true,"href":"https:\/\/fedai.az\/index.php?rest_route=%2Fwp%2Fv2%2Fcomments&post=47192"}],"version-history":[{"count":3,"href":"https:\/\/fedai.az\/index.php?rest_route=\/wp\/v2\/posts\/47192\/revisions"}],"predecessor-version":[{"id":47201,"href":"https:\/\/fedai.az\/index.php?rest_route=\/wp\/v2\/posts\/47192\/revisions\/47201"}],"wp:attachment":[{"href":"https:\/\/fedai.az\/index.php?rest_route=%2Fwp%2Fv2%2Fmedia&parent=47192"}],"wp:term":[{"taxonomy":"category","embeddable":true,"href":"https:\/\/fedai.az\/index.php?rest_route=%2Fwp%2Fv2%2Fcategories&post=47192"},{"taxonomy":"post_tag","embeddable":true,"href":"https:\/\/fedai.az\/index.php?rest_route=%2Fwp%2Fv2%2Ftags&post=47192"}],"curies":[{"name":"wp","href":"https:\/\/api.w.org\/{rel}","templated":true}]}}