{"id":47202,"date":"2021-09-02T00:49:51","date_gmt":"2021-09-01T20:49:51","guid":{"rendered":"https:\/\/fedai.az\/?p=47202"},"modified":"2021-09-02T00:49:51","modified_gmt":"2021-09-01T20:49:51","slug":"mudafi%c9%99-nazirliyi-aciqlama-yaydi","status":"publish","type":"post","link":"https:\/\/fedai.az\/?p=47202","title":{"rendered":"M\u00fcdafi\u0259 Nazirliyi A\u00c7IQLAMA YAYDI"},"content":{"rendered":"\n<p><strong>Son vaxtlar Erm\u0259nistan\u0131n r\u0259smi v\u0259 qeyri-r\u0259smi n\u00fcmay\u0259nd\u0259l\u0259ri Az\u0259rbaycan Ordusunun h\u0259rbi qulluq\u00e7ular\u0131 t\u0259r\u0259find\u0259n at\u0259\u015fk\u0259sin pozulmas\u0131, me\u015f\u0259 yan\u011f\u0131nlar\u0131n\u0131n t\u00f6r\u0259dilm\u0259si, mal-qara o\u011furlu\u011fu, k\u0259nd sakinl\u0259rin\u0259 qar\u015f\u0131 m\u00fcxt\u0259lif t\u0259zyiql\u0259rin edilm\u0259si v\u0259 dig\u0259r m\u00f6vzularda \u0259sass\u0131z iddialara s\u00f6yk\u0259n\u0259n b\u0259yanatlar yay\u0131rlar.<\/strong><\/p>\n\n\n\n<p> M\u00fcdafi\u0259 Nazirliyind\u0259n veril\u0259n m\u0259lumata g\u00f6r\u0259, bu g\u00fcn Erm\u0259nistan k\u00fctl\u0259vi informasiya vasit\u0259l\u0259rind\u0259 Az\u0259rbaycan Ordusu t\u0259r\u0259find\u0259n snayper t\u00fcf\u0259ngind\u0259n a\u00e7\u0131lm\u0131\u015f at\u0259\u015f n\u0259tic\u0259sind\u0259 erm\u0259ni h\u0259rbi qulluq\u00e7unun h\u0259lak olmas\u0131 bar\u0259d\u0259 yay\u0131lan m\u0259lumat da yaland\u0131r, t\u0259xribat xarakteri da\u015f\u0131y\u0131r.<\/p>\n\n\n\n<p>Bu g\u00fcn m\u0259lumatda g\u00f6st\u0259ril\u0259n istiqam\u0259td\u0259 Az\u0259rbaycan Ordusunun b\u00f6lm\u0259l\u0259ri t\u0259r\u0259find\u0259n he\u00e7 bir at\u0259\u015f a\u00e7\u0131lmay\u0131b.<\/p>\n\n\n\n<p><strong>&#171;Bildiririk ki, Erm\u0259nistan ordusunda ba\u015f ver\u0259n cinay\u0259tl\u0259r v\u0259 qanl\u0131 insidentl\u0259r orada h\u00f6km s\u00fcr\u0259n \u00f6zba\u015f\u0131nal\u0131q v\u0259 nizamnam\u0259d\u0259n k\u0259nar m\u00fcnasib\u0259tl\u0259rin n\u0259tic\u0259sidir v\u0259 bu hadis\u0259l\u0259rin Az\u0259rbaycan Ordusu il\u0259 he\u00e7 bir \u0259laq\u0259si yoxdur&#187;, <\/strong>&#8212; M\u00fcdafi\u0259 Nazirliyind\u0259n bildirilib.<\/p>\n","protected":false},"excerpt":{"rendered":"<p>Son vaxtlar Erm\u0259nistan\u0131n r\u0259smi v\u0259 qeyri-r\u0259smi n\u00fcmay\u0259nd\u0259l\u0259ri Az\u0259rbaycan Ordusunun h\u0259rbi qulluq\u00e7ular\u0131 t\u0259r\u0259find\u0259n at\u0259\u015fk\u0259sin pozulmas\u0131, me\u015f\u0259 yan\u011f\u0131nlar\u0131n\u0131n t\u00f6r\u0259dilm\u0259si, mal-qara o\u011furlu\u011fu, k\u0259nd sakinl\u0259rin\u0259 qar\u015f\u0131 m\u00fcxt\u0259lif t\u0259zyiql\u0259rin<\/p>\n","protected":false},"author":2,"featured_media":0,"comment_status":"closed","ping_status":"closed","sticky":false,"template":"","format":"standard","meta":{"footnotes":""},"categories":[4],"tags":[],"class_list":["post-47202","post","type-post","status-publish","format-standard","hentry","category-qarabag"],"aioseo_notices":[],"_links":{"self":[{"href":"https:\/\/fedai.az\/index.php?rest_route=\/wp\/v2\/posts\/47202","targetHints":{"allow":["GET"]}}],"collection":[{"href":"https:\/\/fedai.az\/index.php?rest_route=\/wp\/v2\/posts"}],"about":[{"href":"https:\/\/fedai.az\/index.php?rest_route=\/wp\/v2\/types\/post"}],"author":[{"embeddable":true,"href":"https:\/\/fedai.az\/index.php?rest_route=\/wp\/v2\/users\/2"}],"replies":[{"embeddable":true,"href":"https:\/\/fedai.az\/index.php?rest_route=%2Fwp%2Fv2%2Fcomments&post=47202"}],"version-history":[{"count":1,"href":"https:\/\/fedai.az\/index.php?rest_route=\/wp\/v2\/posts\/47202\/revisions"}],"predecessor-version":[{"id":47204,"href":"https:\/\/fedai.az\/index.php?rest_route=\/wp\/v2\/posts\/47202\/revisions\/47204"}],"wp:attachment":[{"href":"https:\/\/fedai.az\/index.php?rest_route=%2Fwp%2Fv2%2Fmedia&parent=47202"}],"wp:term":[{"taxonomy":"category","embeddable":true,"href":"https:\/\/fedai.az\/index.php?rest_route=%2Fwp%2Fv2%2Fcategories&post=47202"},{"taxonomy":"post_tag","embeddable":true,"href":"https:\/\/fedai.az\/index.php?rest_route=%2Fwp%2Fv2%2Ftags&post=47202"}],"curies":[{"name":"wp","href":"https:\/\/api.w.org\/{rel}","templated":true}]}}