{"id":47208,"date":"2021-09-02T01:15:12","date_gmt":"2021-09-01T21:15:12","guid":{"rendered":"https:\/\/fedai.az\/?p=47208"},"modified":"2021-09-02T02:25:52","modified_gmt":"2021-09-01T22:25:52","slug":"daha-bir-erm%c9%99ni-%c9%99sg%c9%99ri-yaxsi-erm%c9%99ni-oldu-2","status":"publish","type":"post","link":"https:\/\/fedai.az\/?p=47208","title":{"rendered":"DAHA B\u0130R ERM\u018fN\u0130 \u018fSG\u018fR\u0130 &#171;YAX\u015eI ERM\u018fN\u0130&#187; OLDU"},"content":{"rendered":"\n<p><strong>Daha bir erm\u0259ni \u0259sg\u0259ri g\u0259b\u0259rib.<\/strong><\/p>\n\n\n\n<p>Erm\u0259ni m\u0259nb\u0259l\u0259ri 1 sentyabr 2021-ci il, saat 11-10 rad\u0259l\u0259rind\u0259 Erm\u0259nistanla s\u0259rh\u0259d (Yerasx) b\u00f6lg\u0259sind\u0259 Az\u0259rbaycan s\u0259rh\u0259d\u00e7il\u0259ri il\u0259 qar\u015f\u0131l\u0131ql\u0131 at\u0131\u015fma n\u0259tic\u0259sind\u0259 1982-ci il t\u0259v\u0259ll\u00fcdl\u00fc, m\u00fcqavil\u0259 il\u0259 qulluq ed\u0259n erm\u0259ni \u0259sg\u0259ri Ge\u011fam Sahakyan ald\u0131\u011fr g\u00fcll\u0259 yaras\u0131ndan \u00f6lm\u00fc\u015fd\u00fcr.<\/p>\n\n\n\n<p>\u00c7ox g\u00fcman ki, bu \u0259sg\u0259r d\u0259 ordu daxili qar\u015f\u0131durman\u0131n qurban\u0131 olub.<\/p>\n\n\n\n<p><strong>At\u0259\u015fi bol olsun!<\/strong><\/p>\n\n\n\n<p><strong><span class=\"has-inline-color has-vivid-red-color\">P.S.<\/span><\/strong> \u00c7\u00fcnki AR M\u00fcdafi\u0259 Nazirliyind\u0259n<a href=\"http:\/\/ucnoqta.az\/\"> <\/a>bildirilib ki, bu g\u00fcn Erm\u0259nistan k\u00fctl\u0259vi informasiya vasit\u0259l\u0259rind\u0259 Az\u0259rbaycan Ordusu t\u0259r\u0259find\u0259n snayper t\u00fcf\u0259ngind\u0259n a\u00e7\u0131lm\u0131\u015f at\u0259\u015f n\u0259tic\u0259sind\u0259 erm\u0259ni h\u0259rbi qulluq\u00e7unun h\u0259lak olmas\u0131 bar\u0259d\u0259 yay\u0131lan m\u0259lumat da yaland\u0131r, t\u0259xribat xarakteri da\u015f\u0131y\u0131r.<\/p>\n\n\n\n<p><br>Bu g\u00fcn m\u0259lumatda g\u00f6st\u0259ril\u0259n istiqam\u0259td\u0259 Az\u0259rbaycan Ordusunun b\u00f6lm\u0259l\u0259ri t\u0259r\u0259find\u0259n he\u00e7 bir at\u0259\u015f a\u00e7\u0131lmay\u0131b.<\/p>\n\n\n\n<p>&#171;Bildiririk ki, Erm\u0259nistan ordusunda ba\u015f ver\u0259n cinay\u0259tl\u0259r v\u0259 qanl\u0131 insidentl\u0259r orada h\u00f6km s\u00fcr\u0259n \u00f6zba\u015f\u0131nal\u0131q v\u0259 nizamnam\u0259d\u0259n k\u0259nar m\u00fcnasib\u0259tl\u0259rin n\u0259tic\u0259sidir v\u0259 bu hadis\u0259l\u0259rin Az\u0259rbaycan Ordusu il\u0259 he\u00e7 bir \u0259laq\u0259si yoxdur&#187;, &#8212; M\u00fcdafi\u0259 Nazirliyind\u0259n bildirilib.<\/p>\n\n\n\n<p><strong>\u0130smay\u0131l Tanr\u0131verdi<\/strong><\/p>\n","protected":false},"excerpt":{"rendered":"<p>Daha bir erm\u0259ni \u0259sg\u0259ri g\u0259b\u0259rib. Erm\u0259ni m\u0259nb\u0259l\u0259ri 1 sentyabr 2021-ci il, saat 11-10 rad\u0259l\u0259rind\u0259 Erm\u0259nistanla s\u0259rh\u0259d (Yerasx) b\u00f6lg\u0259sind\u0259 Az\u0259rbaycan s\u0259rh\u0259d\u00e7il\u0259ri il\u0259 qar\u015f\u0131l\u0131ql\u0131 at\u0131\u015fma n\u0259tic\u0259sind\u0259<\/p>\n","protected":false},"author":2,"featured_media":47209,"comment_status":"closed","ping_status":"closed","sticky":false,"template":"","format":"standard","meta":{"footnotes":""},"categories":[4],"tags":[],"class_list":["post-47208","post","type-post","status-publish","format-standard","has-post-thumbnail","hentry","category-qarabag"],"aioseo_notices":[],"_links":{"self":[{"href":"https:\/\/fedai.az\/index.php?rest_route=\/wp\/v2\/posts\/47208","targetHints":{"allow":["GET"]}}],"collection":[{"href":"https:\/\/fedai.az\/index.php?rest_route=\/wp\/v2\/posts"}],"about":[{"href":"https:\/\/fedai.az\/index.php?rest_route=\/wp\/v2\/types\/post"}],"author":[{"embeddable":true,"href":"https:\/\/fedai.az\/index.php?rest_route=\/wp\/v2\/users\/2"}],"replies":[{"embeddable":true,"href":"https:\/\/fedai.az\/index.php?rest_route=%2Fwp%2Fv2%2Fcomments&post=47208"}],"version-history":[{"count":3,"href":"https:\/\/fedai.az\/index.php?rest_route=\/wp\/v2\/posts\/47208\/revisions"}],"predecessor-version":[{"id":47229,"href":"https:\/\/fedai.az\/index.php?rest_route=\/wp\/v2\/posts\/47208\/revisions\/47229"}],"wp:featuredmedia":[{"embeddable":true,"href":"https:\/\/fedai.az\/index.php?rest_route=\/wp\/v2\/media\/47209"}],"wp:attachment":[{"href":"https:\/\/fedai.az\/index.php?rest_route=%2Fwp%2Fv2%2Fmedia&parent=47208"}],"wp:term":[{"taxonomy":"category","embeddable":true,"href":"https:\/\/fedai.az\/index.php?rest_route=%2Fwp%2Fv2%2Fcategories&post=47208"},{"taxonomy":"post_tag","embeddable":true,"href":"https:\/\/fedai.az\/index.php?rest_route=%2Fwp%2Fv2%2Ftags&post=47208"}],"curies":[{"name":"wp","href":"https:\/\/api.w.org\/{rel}","templated":true}]}}