{"id":47214,"date":"2021-09-02T01:54:46","date_gmt":"2021-09-01T21:54:46","guid":{"rendered":"https:\/\/fedai.az\/?p=47214"},"modified":"2021-09-02T02:00:21","modified_gmt":"2021-09-01T22:00:21","slug":"artur-vanetsiyani-qarabaga-buraxan-rus-fasistl%c9%99ri-olk%c9%99mizd%c9%99n-r%c9%99dd-olmalidir","status":"publish","type":"post","link":"https:\/\/fedai.az\/?p=47214","title":{"rendered":"Artur Vanetsiyan\u0131 Qaraba\u011fa buraxan rus fa\u015fistl\u0259ri \u00f6lk\u0259mizd\u0259n r\u0259dd olmal\u0131d\u0131r!"},"content":{"rendered":"\n<p><strong>Bu g\u00fcnd\u0259n gec olmayaraq La\u00e7\u0131n koridoruna Az\u0259rbaycan\u0131n n\u0259zar\u0259ti b\u0259rpa edilm\u0259lidir. Art\u0131q 3 t\u0259r\u0259fli raz\u0131la\u015fman\u0131n b\u00fct\u00fcn b\u0259ndl\u0259rini pozan Rusiya i\u015f\u011fal\u00e7\u0131 g\u00fccl\u0259rinin d\u0259f olmas\u0131 \u00fc\u00e7\u00fcn m\u00fcbariz\u0259y\u0259 ba\u015flanmal\u0131d\u0131r. Rusiya il\u0259 s\u00f6zl\u0259\u015fm\u0259, h\u0259qiq\u0259t\u0259n d\u0259 &#171;su \u00fcz\u0259rin\u0259 at\u0131lm\u0131\u015f imza&#187; kimi bir \u015feydir. \u00d6nc\u0259 \u00f6lk\u0259 daxili yollar\u0131m\u0131z\u0131 azad etm\u0259li, qanunsuz erm\u0259ni terror birl\u0259\u015fm\u0259l\u0259rinin \u00e7\u0131xar\u0131lmas\u0131 v\u0259 paralel olaraq Qaraba\u011f\u0131n rus n\u0259zar\u0259tind\u0259 qalan \u0259razil\u0259r\u0259 m\u0259cburi k\u00f6\u00e7k\u00fcnl\u0259rin k\u00f6\u00e7\u00fcr\u00fclm\u0259sini t\u0259l\u0259b etm\u0259liyik. \u00d6lk\u0259d\u0259 f\u0259aliyy\u0259t g\u00f6st\u0259r\u0259n b\u00fct\u00fcn ictimai v\u0259 siyasi t\u0259\u015fkilatlar \u00f6z f\u0259aliyy\u0259tl\u0259rini bu istiqam\u0259td\u0259 qurmal\u0131d\u0131rlar. Bu add\u0131m\u0131n at\u0131lmas\u0131 \u00f6lk\u0259mizin siyasi r\u0259hb\u0259rliyinin &#171;\u0259lini g\u00fccl\u0259ndirm\u0259y\u0259&#187; xidm\u0259t ed\u0259c\u0259k \u0259n ciddi bir yoldur.<\/strong><\/p>\n\n\n\n<figure class=\"wp-block-image size-large\"><img loading=\"lazy\" decoding=\"async\" width=\"705\" height=\"465\" src=\"https:\/\/fedai.az\/wp-content\/uploads\/2021\/09\/x5.jpg\" alt=\"\" class=\"wp-image-47217\" srcset=\"https:\/\/fedai.az\/wp-content\/uploads\/2021\/09\/x5.jpg 705w, https:\/\/fedai.az\/wp-content\/uploads\/2021\/09\/x5-300x198.jpg 300w, https:\/\/fedai.az\/wp-content\/uploads\/2021\/09\/x5-150x99.jpg 150w\" sizes=\"auto, (max-width: 705px) 100vw, 705px\" \/><\/figure>\n\n\n\n<p>D\u00fcn\u0259n Xank\u0259ndid\u0259 &#171;\u015e\u0259r\u0259fim var&#187; fraksiyas\u0131n\u0131n r\u0259hb\u0259ri Artur Vanetsyan v\u0259 m\u00fcavini Tiqran Abramyan terror\u00e7u-separat\u00e7\u0131 y\u0131\u011fna\u011f\u0131n\u0131m &#171;\u018fdal\u0259t&#187; fraksiyas\u0131n\u0131n \u00fc\u00e7 n\u00fcmay\u0259nd\u0259si il\u0259 g\u00f6r\u00fc\u015fd\u00fcl\u0259r.<\/p>\n\n\n\n<p><br>Qaraba\u011fla ba\u011fl\u0131 m\u0259s\u0259l\u0259l\u0259rin g\u00fcnd\u0259min\u0259 toxunan Artur Vanetsyan vur\u011fulad\u0131 ki, Artsax\u0131n i\u015f\u011fal olunmu\u015f \u0259razil\u0259rini i\u015f\u011faldan qurtarmaq \u00fc\u00e7\u00fcn h\u0259r \u015fey etm\u0259liyik, amma bu m\u00fcharib\u0259 yolu il\u0259 olmamal\u0131d\u0131r.<\/p>\n\n\n\n<p><br>Artur Vanetsyan Xocal\u0131 qatili, \u00f6z\u00fcn\u00fc n\u0259yins\u0259 &#171;t\u0259hl\u00fck\u0259sizlik \u015furas\u0131n\u0131n katibi&#187; hesab ed\u0259n Vitali Balasanyanla i\u015fg\u00fczar g\u00f6r\u00fc\u015f ke\u00e7irdi. <\/p>\n\n\n\n<p>G\u00f6r\u00fc\u015f zaman\u0131 &#171;Artsax\u0131n&#187; t\u0259hl\u00fck\u0259sizliyi v\u0259 strateji proqramlarla ba\u011fl\u0131 m\u0259s\u0259l\u0259l\u0259r m\u00fczakir\u0259 edildi.<\/p>\n\n\n\n<figure class=\"wp-block-image size-large is-resized\"><img loading=\"lazy\" decoding=\"async\" src=\"https:\/\/fedai.az\/wp-content\/uploads\/2021\/09\/f612f9d8839cc4_612f9d8839d03.thumb-1.jpg\" alt=\"\" class=\"wp-image-47219\" width=\"890\" height=\"590\"\/><\/figure>\n\n\n\n<p><br>&#171;\u015e\u0259r\u0259fim var&#187; fraksiyas\u0131n\u0131n r\u0259hb\u0259ri Artur Vanetsyan v\u0259 mill\u0259t v\u0259kili Tiqran Abramyan Demokratik Partiyan\u0131n ofisini ziyar\u0259t edibl\u0259r. Partiya s\u0259dri A\u015fot Qulyan, Qegam Stepanyan v\u0259 David Melkumyan il\u0259 g\u00f6r\u00fc\u015fd\u0259 Artur Vanetsyan qeyd etdi ki, siyasi m\u00fczakir\u0259l\u0259rd\u0259n, q\u0131z\u011f\u0131n m\u00fczakir\u0259l\u0259rd\u0259n as\u0131l\u0131 olmayaraq b\u00fct\u00fcn q\u00fcvv\u0259l\u0259r \u00fc\u00e7l\u00fck ideyas\u0131n\u0131n b\u0259rpas\u0131 istiqam\u0259tind\u0259 c\u0259ml\u0259\u015fm\u0259lidir.<\/p>\n\n\n\n<p>Artur Vanetsyan, &#171;Biz \u00f6z q\u0259rarlar\u0131m\u0131za daim &#171;Artsax\u0131n&#187; yan\u0131nda olmal\u0131y\u0131q&#187; &#8212; deyib.<\/p>\n\n\n\n<p><strong>Bu k\u00f6p\u0259yi bizim \u00f6lk\u0259y\u0259 kim burax\u0131b? \u018flb\u0259tt\u0259 tut ara\u011f\u0131ndan i\u00e7ib \u00fczd\u0259niraq Araikl\u0259 qucaqla\u015f\u0131b yatan RUS -TAM Muradov. \u018flb\u0259tt\u0259 ki, tarix\u0259n iyr\u0259nc imic\u0259 sahib olan rus y\u0131\u011fna\u011f\u0131 t\u0259kc\u0259 erm\u0259ni Siranu\u015fun abtafas\u0131n\u0131 v\u0259 qeyri yerini doldurma\u011fa g\u0259lm\u0259yib. \u018fb\u0259di xisl\u0259tin\u0259 uy\u011fun olaraq mar\u0131\u011fa yat\u0131b m\u0259qam g\u00f6zl\u0259yir. Daxild\u0259 erm\u0259ni \u0259sillil\u0259rin bunca pozuculuq apar\u0131b naraz\u0131l\u0131qlar\u0131 art\u0131rmas\u0131, 5-ci kolon n\u00f6k\u0259rl\u0259rinin bolluca \u00e7\u0259r\u0259nl\u0259m\u0259l\u0259ri sizc\u0259 t\u0259sad\u00fcf\u0259nmi ba\u015f verir?<\/strong><\/p>\n\n\n\n<p><br><strong>Biz bu erm\u0259ni v\u0259 rus h\u0259yas\u0131zl\u0131\u011f\u0131na sabahdan etibar\u0259n son qoyma\u011fa ba\u015flamal\u0131y\u0131q. <span class=\"has-inline-color has-vivid-red-color\">\u0130VAN, \u0130D\u0130 DOMOY!<\/span><\/strong><\/p>\n\n\n\n<p><strong><br>X. \u018fd\u0259bo\u011flu<\/strong><\/p>\n","protected":false},"excerpt":{"rendered":"<p>Bu g\u00fcnd\u0259n gec olmayaraq La\u00e7\u0131n koridoruna Az\u0259rbaycan\u0131n n\u0259zar\u0259ti b\u0259rpa edilm\u0259lidir. Art\u0131q 3 t\u0259r\u0259fli raz\u0131la\u015fman\u0131n b\u00fct\u00fcn b\u0259ndl\u0259rini pozan Rusiya i\u015f\u011fal\u00e7\u0131 g\u00fccl\u0259rinin d\u0259f olmas\u0131 \u00fc\u00e7\u00fcn m\u00fcbariz\u0259y\u0259<\/p>\n","protected":false},"author":2,"featured_media":47216,"comment_status":"closed","ping_status":"closed","sticky":false,"template":"","format":"standard","meta":{"footnotes":""},"categories":[14],"tags":[],"class_list":["post-47214","post","type-post","status-publish","format-standard","has-post-thumbnail","hentry","category-kos"],"aioseo_notices":[],"_links":{"self":[{"href":"https:\/\/fedai.az\/index.php?rest_route=\/wp\/v2\/posts\/47214","targetHints":{"allow":["GET"]}}],"collection":[{"href":"https:\/\/fedai.az\/index.php?rest_route=\/wp\/v2\/posts"}],"about":[{"href":"https:\/\/fedai.az\/index.php?rest_route=\/wp\/v2\/types\/post"}],"author":[{"embeddable":true,"href":"https:\/\/fedai.az\/index.php?rest_route=\/wp\/v2\/users\/2"}],"replies":[{"embeddable":true,"href":"https:\/\/fedai.az\/index.php?rest_route=%2Fwp%2Fv2%2Fcomments&post=47214"}],"version-history":[{"count":2,"href":"https:\/\/fedai.az\/index.php?rest_route=\/wp\/v2\/posts\/47214\/revisions"}],"predecessor-version":[{"id":47220,"href":"https:\/\/fedai.az\/index.php?rest_route=\/wp\/v2\/posts\/47214\/revisions\/47220"}],"wp:featuredmedia":[{"embeddable":true,"href":"https:\/\/fedai.az\/index.php?rest_route=\/wp\/v2\/media\/47216"}],"wp:attachment":[{"href":"https:\/\/fedai.az\/index.php?rest_route=%2Fwp%2Fv2%2Fmedia&parent=47214"}],"wp:term":[{"taxonomy":"category","embeddable":true,"href":"https:\/\/fedai.az\/index.php?rest_route=%2Fwp%2Fv2%2Fcategories&post=47214"},{"taxonomy":"post_tag","embeddable":true,"href":"https:\/\/fedai.az\/index.php?rest_route=%2Fwp%2Fv2%2Ftags&post=47214"}],"curies":[{"name":"wp","href":"https:\/\/api.w.org\/{rel}","templated":true}]}}