{"id":47221,"date":"2021-09-02T02:16:18","date_gmt":"2021-09-01T22:16:18","guid":{"rendered":"https:\/\/fedai.az\/?p=47221"},"modified":"2021-09-02T02:16:21","modified_gmt":"2021-09-01T22:16:21","slug":"rusiya-sulh-muqavil%c9%99si-uzr%c9%99-erm%c9%99nistan-az%c9%99rbaycan-debatina-aciq-s%c9%99kild%c9%99-daxil-olmaq-ist%c9%99mir-erm%c9%99ni-politoloq","status":"publish","type":"post","link":"https:\/\/fedai.az\/?p=47221","title":{"rendered":"Rusiya s\u00fclh m\u00fcqavil\u0259si \u00fczr\u0259 Erm\u0259nistan-Az\u0259rbaycan debat\u0131na a\u00e7\u0131q \u015f\u0259kild\u0259 daxil olmaq ist\u0259mir &#8212; Erm\u0259ni politoloq"},"content":{"rendered":"\n<p><strong>\u201cRusiyan\u0131, 10 noyabr b\u0259yanat\u0131 il\u0259 n\u0259z\u0259rd\u0259 tutuldu\u011fu kimi, Az\u0259rbaycan\u0131 \u0259sirl\u0259ri azad etm\u0259y\u0259 m\u0259cbur etm\u0259m\u0259kd\u0259 g\u00fcnahland\u0131rd\u0131qlar\u0131na g\u00f6r\u0259 Lavrov bildirdi ki, \u00f6z \u00f6hd\u0259likl\u0259rini yerin\u0259 yetirib v\u0259 b\u0259yanat\u0131n imzalanmas\u0131ndan \u0259vv\u0259l \u0259sir g\u00f6t\u00fcr\u00fclm\u00fc\u015f \u015f\u0259xsl\u0259r qaytar\u0131l\u0131b, onlar daha \u00f6hd\u0259likl\u0259r\u0259 sahib deyill\u0259r\u201d.<\/strong><\/p>\n\n\n\n<p>Bunu erm\u0259ni politoloq Stepan Danielyan deyib.<\/p>\n\n\n\n<figure class=\"wp-block-image size-large\"><img decoding=\"async\" src=\"https:\/\/fedai.az\/wp-content\/uploads\/2021\/09\/photo_476357.jpg\" alt=\"\" class=\"wp-image-47222\"\/><\/figure>\n\n\n\n<p>Danielyan\u0131n s\u00f6zl\u0259rin\u0259 g\u00f6r\u0259, Az\u0259rbaycan\u0131n indi bir ne\u00e7\u0259 m\u0259qs\u0259di var, birincisi anklavlar v\u0259 yollar m\u0259s\u0259l\u0259sidir, ikincisi Qaraba\u011f m\u0259s\u0259l\u0259sinin m\u0259d\u0259niyy\u0259t v\u0259 milli m\u00fcxtariyy\u0259t platformas\u0131na k\u00f6\u00e7\u00fcr\u00fclm\u0259si \u00fc\u00e7\u00fcn \u0259razi b\u00fct\u00f6vl\u00fcy\u00fcn\u00fc tan\u0131maq t\u0259l\u0259bidir.<br><br>O qeyd edib ki, Rusiya s\u00fclh m\u00fcqavil\u0259si \u00fczr\u0259 Erm\u0259nistan-Az\u0259rbaycan debat\u0131na a\u00e7\u0131q \u015f\u0259kild\u0259 daxil olmaq ist\u0259mir.<\/p>\n\n\n\n<p>M\u0259nb\u0259: EDNews.net\u00a0<\/p>\n","protected":false},"excerpt":{"rendered":"<p>\u201cRusiyan\u0131, 10 noyabr b\u0259yanat\u0131 il\u0259 n\u0259z\u0259rd\u0259 tutuldu\u011fu kimi, Az\u0259rbaycan\u0131 \u0259sirl\u0259ri azad etm\u0259y\u0259 m\u0259cbur etm\u0259m\u0259kd\u0259 g\u00fcnahland\u0131rd\u0131qlar\u0131na g\u00f6r\u0259 Lavrov bildirdi ki, \u00f6z \u00f6hd\u0259likl\u0259rini yerin\u0259 yetirib v\u0259<\/p>\n","protected":false},"author":2,"featured_media":0,"comment_status":"closed","ping_status":"closed","sticky":false,"template":"","format":"standard","meta":{"footnotes":""},"categories":[3],"tags":[],"class_list":["post-47221","post","type-post","status-publish","format-standard","hentry","category-gundm"],"aioseo_notices":[],"_links":{"self":[{"href":"https:\/\/fedai.az\/index.php?rest_route=\/wp\/v2\/posts\/47221","targetHints":{"allow":["GET"]}}],"collection":[{"href":"https:\/\/fedai.az\/index.php?rest_route=\/wp\/v2\/posts"}],"about":[{"href":"https:\/\/fedai.az\/index.php?rest_route=\/wp\/v2\/types\/post"}],"author":[{"embeddable":true,"href":"https:\/\/fedai.az\/index.php?rest_route=\/wp\/v2\/users\/2"}],"replies":[{"embeddable":true,"href":"https:\/\/fedai.az\/index.php?rest_route=%2Fwp%2Fv2%2Fcomments&post=47221"}],"version-history":[{"count":1,"href":"https:\/\/fedai.az\/index.php?rest_route=\/wp\/v2\/posts\/47221\/revisions"}],"predecessor-version":[{"id":47224,"href":"https:\/\/fedai.az\/index.php?rest_route=\/wp\/v2\/posts\/47221\/revisions\/47224"}],"wp:attachment":[{"href":"https:\/\/fedai.az\/index.php?rest_route=%2Fwp%2Fv2%2Fmedia&parent=47221"}],"wp:term":[{"taxonomy":"category","embeddable":true,"href":"https:\/\/fedai.az\/index.php?rest_route=%2Fwp%2Fv2%2Fcategories&post=47221"},{"taxonomy":"post_tag","embeddable":true,"href":"https:\/\/fedai.az\/index.php?rest_route=%2Fwp%2Fv2%2Ftags&post=47221"}],"curies":[{"name":"wp","href":"https:\/\/api.w.org\/{rel}","templated":true}]}}