{"id":47258,"date":"2021-09-02T03:58:52","date_gmt":"2021-09-01T23:58:52","guid":{"rendered":"https:\/\/fedai.az\/?p=47258"},"modified":"2021-09-02T03:58:55","modified_gmt":"2021-09-01T23:58:55","slug":"beyl%c9%99qanda-s%c9%99hidin-ad-gunu-m%c9%99zari-basinda-qeyd-edilib","status":"publish","type":"post","link":"https:\/\/fedai.az\/?p=47258","title":{"rendered":"Beyl\u0259qanda \u015f\u0259hidin ad g\u00fcn\u00fc m\u0259zar\u0131 ba\u015f\u0131nda qeyd edilib"},"content":{"rendered":"\n<p><strong>Az\u0259rbaycan V\u0259t\u0259n M\u00fcharib\u0259si Veteranlar\u0131 \u0130ctimai Birliyi (AVMV\u0130B) \u00fczvl\u0259ri \u015f\u0259hidl\u0259rimizi daim yad edir v\u0259 onlar\u0131n xatir\u0259l\u0259rini \u0259ziz tuturlar.<\/strong><\/p>\n\n\n\n<p><br>Beyl\u0259qan rayonu K\u0259birli k\u0259ndind\u0259 17 \u015f\u0259hidimiz var. H\u0259min k\u0259ndd\u0259n olan \u015f\u0259hid B\u00f6y\u00fcka\u011fa Elburus o\u011flu Yusiflinin ad g\u00fcn\u00fc m\u0259zar\u0131 ba\u015f\u0131nda qeyd edilib. \u015e\u0259hidin m\u0259zar\u0131 ziyar\u0259t edildikd\u0259n sonra m\u00fcharib\u0259 veteranlar\u0131 \u015f\u0259hidin ail\u0259si\u0259 ba\u015f \u00e7\u0259kibl\u0259r.<\/p>\n\n\n\n<figure class=\"wp-block-image size-large is-resized\"><img loading=\"lazy\" decoding=\"async\" src=\"https:\/\/fedai.az\/wp-content\/uploads\/2021\/09\/241094027_4532363956839994_1605802515098526363_n.jpg\" alt=\"\" class=\"wp-image-47259\" width=\"897\" height=\"1195\" srcset=\"https:\/\/fedai.az\/wp-content\/uploads\/2021\/09\/241094027_4532363956839994_1605802515098526363_n.jpg 526w, https:\/\/fedai.az\/wp-content\/uploads\/2021\/09\/241094027_4532363956839994_1605802515098526363_n-225x300.jpg 225w, https:\/\/fedai.az\/wp-content\/uploads\/2021\/09\/241094027_4532363956839994_1605802515098526363_n-113x150.jpg 113w\" sizes=\"auto, (max-width: 897px) 100vw, 897px\" \/><\/figure>\n\n\n\n<p><br><strong>Bu bar\u0259d\u0259 Az\u0259rbaycan V\u0259t\u0259n M\u00fcharib\u0259si Veteranlar\u0131 \u0130ctimai Birliyi (AVMV\u0130B) Beyl\u0259qan rayon \u015f\u00f6b\u0259sinin s\u0259dr m\u00fcavini \u018fl\u00f6vs\u0259t M\u0259mm\u0259dov m\u0259lumast verib.<\/strong><\/p>\n\n\n\n<p><br>\u018fl\u00f6vs\u0259t M\u0259mm\u0259dov bildirdi ki, \u015f\u0259hid B\u00f6y\u00fcka\u011fa Elburus o\u011flu Yusiflinin atas\u0131na AVMV\u0130B s\u0259dri F\u00fczuli Rzaquliyevin ad\u0131ndan F\u0259xri f\u0259rman verilib. \u00c7\u0131x\u0131\u015f ed\u0259nl\u0259r \u015f\u0259hidin d\u00f6y\u00fc\u015f yolundan, ordumuzun Z\u0259f\u0259r y\u00fcr\u00fc\u015f\u00fcnd\u0259n dan\u0131\u015f\u0131blar.<\/p>\n\n\n\n<p><br><strong>M\u0259rasimd\u0259 Az\u0259rbaycan V\u0259t\u0259n M\u00fcharib\u0259si Veteranlar\u0131 \u0130ctimai Birliyi (AVMV\u0130B) s\u0259drinin s\u0259lahiyy\u0259tli n\u00fcmay\u0259nd\u0259si v\u0259 Xocav\u0259nd rayon \u015f\u00f6b\u0259sinin s\u0259dri Akif H\u0259s\u0259nov i\u015ftirak edib.<\/strong><\/p>\n\n\n\n<p>Akif H\u0259s\u0259nov Az\u0259rbaycan V\u0259t\u0259n M\u00fcharib\u0259si Veteranlar\u0131 \u0130ctimai Birliyi (AVMV\u0130B) \u00fczvl\u0259rinin \u015f\u0259hidl\u0259rimizi v\u0259 onlar\u0131n ail\u0259l\u0259rini unutmama\u011fa \u00e7al\u0131\u015fd\u0131\u011f\u0131n\u0131 deyib. Bundan sonra da AVMV\u0130B s\u0259dri F. Rzaquliyevin g\u00f6st\u0259ri\u015fin\u0259 \u0259sas\u0259n qazil\u0259rimizin v\u0259 \u015f\u0259hid ail\u0259l\u0259rinin yan\u0131nda olaca\u011f\u0131q.<\/p>\n\n\n\n<figure class=\"wp-block-image size-large is-resized\"><img loading=\"lazy\" decoding=\"async\" src=\"https:\/\/fedai.az\/wp-content\/uploads\/2021\/09\/241157117_4532365190173204_6021685805923287557_n.jpg\" alt=\"\" class=\"wp-image-47260\" width=\"886\" height=\"1181\" srcset=\"https:\/\/fedai.az\/wp-content\/uploads\/2021\/09\/241157117_4532365190173204_6021685805923287557_n.jpg 526w, https:\/\/fedai.az\/wp-content\/uploads\/2021\/09\/241157117_4532365190173204_6021685805923287557_n-225x300.jpg 225w, https:\/\/fedai.az\/wp-content\/uploads\/2021\/09\/241157117_4532365190173204_6021685805923287557_n-113x150.jpg 113w\" sizes=\"auto, (max-width: 886px) 100vw, 886px\" \/><\/figure>\n\n\n\n<p><br>\u015e\u0259hidin m\u0259zar\u0131 \u00fcz\u0259rin\u0259 g\u00fcll\u0259r qoyulub v\u0259 t\u0259dbir i\u015ftirak\u00e7\u0131lar\u0131 \u015f\u0259hidin ruhuna dualar oxuyublar.<\/p>\n\n\n\n<p><br>M\u0259rasimd\u0259 m\u00fcharib\u0259 veteranlar\u0131 il\u0259 yana\u015f\u0131, \u015f\u0259hidin yax\u0131nlar\u0131 v\u0259 ictimaiyy\u0259t n\u00fcmay\u0259nd\u0259l\u0259ri d\u0259 i\u015ftirak edirdil\u0259r.<\/p>\n\n\n\n<p><br><strong>Ad\u0131n uca olsun, \u015e\u0259hidim!<\/strong><\/p>\n\n\n\n<p><strong><br>Elnur S\u0259lim<\/strong><\/p>\n\n\n\n<figure class=\"wp-block-image size-large is-resized\"><img loading=\"lazy\" decoding=\"async\" src=\"https:\/\/fedai.az\/wp-content\/uploads\/2021\/09\/241128237_4532364306839959_1660135779661116263_n.jpg\" alt=\"\" class=\"wp-image-47261\" width=\"893\" height=\"1190\" srcset=\"https:\/\/fedai.az\/wp-content\/uploads\/2021\/09\/241128237_4532364306839959_1660135779661116263_n.jpg 526w, https:\/\/fedai.az\/wp-content\/uploads\/2021\/09\/241128237_4532364306839959_1660135779661116263_n-225x300.jpg 225w, https:\/\/fedai.az\/wp-content\/uploads\/2021\/09\/241128237_4532364306839959_1660135779661116263_n-113x150.jpg 113w\" sizes=\"auto, (max-width: 893px) 100vw, 893px\" \/><\/figure>\n\n\n\n<p><\/p>\n","protected":false},"excerpt":{"rendered":"<p>Az\u0259rbaycan V\u0259t\u0259n M\u00fcharib\u0259si Veteranlar\u0131 \u0130ctimai Birliyi (AVMV\u0130B) \u00fczvl\u0259ri \u015f\u0259hidl\u0259rimizi daim yad edir v\u0259 onlar\u0131n xatir\u0259l\u0259rini \u0259ziz tuturlar. Beyl\u0259qan rayonu K\u0259birli k\u0259ndind\u0259 17 \u015f\u0259hidimiz var.<\/p>\n","protected":false},"author":2,"featured_media":47262,"comment_status":"closed","ping_status":"closed","sticky":false,"template":"","format":"standard","meta":{"footnotes":""},"categories":[5],"tags":[],"class_list":["post-47258","post","type-post","status-publish","format-standard","has-post-thumbnail","hentry","category-veteran"],"aioseo_notices":[],"_links":{"self":[{"href":"https:\/\/fedai.az\/index.php?rest_route=\/wp\/v2\/posts\/47258","targetHints":{"allow":["GET"]}}],"collection":[{"href":"https:\/\/fedai.az\/index.php?rest_route=\/wp\/v2\/posts"}],"about":[{"href":"https:\/\/fedai.az\/index.php?rest_route=\/wp\/v2\/types\/post"}],"author":[{"embeddable":true,"href":"https:\/\/fedai.az\/index.php?rest_route=\/wp\/v2\/users\/2"}],"replies":[{"embeddable":true,"href":"https:\/\/fedai.az\/index.php?rest_route=%2Fwp%2Fv2%2Fcomments&post=47258"}],"version-history":[{"count":1,"href":"https:\/\/fedai.az\/index.php?rest_route=\/wp\/v2\/posts\/47258\/revisions"}],"predecessor-version":[{"id":47263,"href":"https:\/\/fedai.az\/index.php?rest_route=\/wp\/v2\/posts\/47258\/revisions\/47263"}],"wp:featuredmedia":[{"embeddable":true,"href":"https:\/\/fedai.az\/index.php?rest_route=\/wp\/v2\/media\/47262"}],"wp:attachment":[{"href":"https:\/\/fedai.az\/index.php?rest_route=%2Fwp%2Fv2%2Fmedia&parent=47258"}],"wp:term":[{"taxonomy":"category","embeddable":true,"href":"https:\/\/fedai.az\/index.php?rest_route=%2Fwp%2Fv2%2Fcategories&post=47258"},{"taxonomy":"post_tag","embeddable":true,"href":"https:\/\/fedai.az\/index.php?rest_route=%2Fwp%2Fv2%2Ftags&post=47258"}],"curies":[{"name":"wp","href":"https:\/\/api.w.org\/{rel}","templated":true}]}}