{"id":47264,"date":"2021-09-02T04:14:23","date_gmt":"2021-09-02T00:14:23","guid":{"rendered":"https:\/\/fedai.az\/?p=47264"},"modified":"2021-09-02T04:14:27","modified_gmt":"2021-09-02T00:14:27","slug":"ey-dunya-insanlari-%c9%99slind%c9%99-siz-haminiz-turksunuz-d-matlok","status":"publish","type":"post","link":"https:\/\/fedai.az\/?p=47264","title":{"rendered":"&#171;Ey d\u00fcnya insanlar\u0131 &#8230; \u0259slind\u0259 siz ham\u0131n\u0131z t\u00fcrks\u00fcn\u00fcz&#187; &#8212; D. Matlok"},"content":{"rendered":"\n<p><strong>\u0130LK \u0130NSANLARIN YA\u015eADI\u011eI S\u0130B\u0130R YAYLASI<\/strong><\/p>\n\n\n\n<p>Bir ne\u00e7\u0259 min il \u0259vv\u0259l, Arktika c\u0259nn\u0259tind\u0259 bolluq i\u00e7ind\u0259 ya\u015fayan y\u00fcks\u0259k m\u0259d\u0259niyy\u0259tli insanlar var idi.<\/p>\n\n\n\n<p><br>D\u00fcnyadak\u0131 b\u00fct\u00fcn dinl\u0259r, hans\u0131 mill\u0259t\u0259 m\u0259nsub olmalar\u0131ndan as\u0131l\u0131 olmayaraq be\u015f orijinal insan irqi oldu\u011funu s\u00f6yl\u0259yirl\u0259r.<br>Bu be\u015f irq Kurus, Kri\u015fti v\u0259 ya Kri\u015ftaya adlan\u0131rd\u0131.<\/p>\n\n\n\n<p><br>Y\u0259hudilikd\u0259 v\u0259 Xristianl\u0131qda ya\u015fad\u0131qlar\u0131 yer\u0259 Aden deyilir. Hindular buna &#171;Uttura Kuru&#187; deyirl\u0259r. Q\u0259dim Yunan tarix\u00e7il\u0259ri v\u0259 mifologiyas\u0131 bunu &#171;Hiperborea&#187; adland\u0131r\u0131r. Tibet Buddistl\u0259ri buna Xedar Hand (Tanr\u0131 \u015eiva diyar\u0131) v\u0259 \u015eambala deyirl\u0259r. Eyni zamanda, Sivariya, Sibir, m\u00fcq\u0259dd\u0259s Tuva (Tuva respublikas\u0131n\u0131n \u0259traf\u0131), y\u0259ni Tanr\u0131 \u015eiva diyar\u0131 adlan\u0131r. Yeni ilk insanlar\u0131n ya\u015fad\u0131\u011f\u0131 c\u0259nn\u0259t ba\u011f\u0131 Sibir \u00e7\u00f6ll\u0259ridir..Buradak\u0131 ilk adam Adem (\u0130ngilisc\u0259 Adam yaz\u0131l\u0131r) t\u00fcrk dilind\u0259 &#171;insano\u011flu&#187; m\u0259nas\u0131nda i\u015fl\u0259nir. \u018fslind\u0259 burada y\u00fcks\u0259k z\u0259kaya v\u0259 m\u0259d\u0259niyy\u0259t\u0259 sahib olan saf irq (Aryan) t\u00fcrkd\u00fcr. T\u00fcrkl\u0259rin \u00f6zl\u0259rini Q\u0131p\u00e7aq (K\u0131psanq), Kur (K\u00fcr) v\u0259 ya Aryan (Aran) adland\u0131rmalar\u0131 buna s\u00fcbutdur.<\/p>\n\n\n\n<figure class=\"wp-block-image size-large is-resized\"><img loading=\"lazy\" decoding=\"async\" src=\"https:\/\/fedai.az\/wp-content\/uploads\/2021\/09\/\u0411\u0435\u0437-\u043d\u0430\u0437\u0432\u0430\u043d\u0438\u044f-1.jpg\" alt=\"\" class=\"wp-image-47265\" width=\"888\" height=\"1056\" srcset=\"https:\/\/fedai.az\/wp-content\/uploads\/2021\/09\/\u0411\u0435\u0437-\u043d\u0430\u0437\u0432\u0430\u043d\u0438\u044f-1.jpg 206w, https:\/\/fedai.az\/wp-content\/uploads\/2021\/09\/\u0411\u0435\u0437-\u043d\u0430\u0437\u0432\u0430\u043d\u0438\u044f-1-126x150.jpg 126w\" sizes=\"auto, (max-width: 888px) 100vw, 888px\" \/><\/figure>\n\n\n\n<p><br>Ancaq bir \u00e7ox f\u0259rqli din v\u0259 mifologiyada qeyd edildiyi kimi, bu insanlar l\u0259n\u0259tl\u0259nir v\u0259 t\u0259bii bir f\u0259lak\u0259t ya\u015fay\u0131r, d\u00fcnyan\u0131n oxunda q\u0259fil bir sapma il\u0259 ya\u015fad\u0131qlar\u0131 yer donur v\u0259 b\u00f6y\u00fck da\u015fq\u0131nlar olur.<\/p>\n\n\n\n<p><br>\u0130ndi ad\u0131na T\u00fcrk dediyimiz Kur (K\u00fcr) c\u0259nuba do\u011fru Orta Asiyaya qa\u00e7mal\u0131 oldu. Bu, B\u00f6y\u00fck Da\u015fq\u0131n d\u00f6vr\u00fc idi. Tufana veril\u0259n ad is\u0259 Nuh Tufan\u0131 adlan\u0131rd\u0131.<\/p>\n\n\n\n<p><br>Nuh v\u0259 onun insanl\u0131q n\u0259sill\u0259ri d\u0259 bu m\u0259n\u015f\u0259d\u0259n t\u00f6r\u0259mi\u015fl\u0259r, y\u0259ni T\u00fcrk idil\u0259r.<\/p>\n\n\n\n<p><br>Bel\u0259likl\u0259, T\u00fcrk m\u0259n\u015f\u0259li insanl\u0131q T\u00fcrkiy\u0259y\u0259, Mesopotamiya v\u0259 Hindistana q\u0259d\u0259r yay\u0131ld\u0131.<\/p>\n\n\n\n<p>Dolay\u0131s\u0131yla \u015eumerl\u0259r, Xattil\u0259r, \u0130raql\u0131lar, K\u00fcrdl\u0259r, Hindlil\u0259r, Misirlil\u0259r \u0259slind\u0259 ham\u0131s\u0131 t\u00fcrk idil\u0259r.<\/p>\n\n\n\n<p><br>\u015eimal q\u00fctb\u00fcnd\u0259n en\u0259r\u0259k \u015eimali Avropa, \u0130sve\u00e7, Finlandiya, \u0130ngilt\u0259r\u0259 v\u0259 d\u00fcnyan\u0131n qalan hiss\u0259l\u0259rin\u0259 yay\u0131ld\u0131lar.<\/p>\n\n\n\n<p>Ona g\u00f6r\u0259 d\u0259 bu g\u00fcn h\u0259r k\u0259s \u00f6z n\u00f6v\u00fcn\u00fcn izl\u0259rini t\u00fcrkl\u0259r\u0259 q\u0259d\u0259r izl\u0259y\u0259 bil\u0259r..D\u00fcnyan\u0131n h\u0259r k\u00fcnc\u00fcnd\u0259 istifad\u0259 olunan dild\u0259n tutmu\u015f inanclara v\u0259 tanr\u0131 adlar\u0131na q\u0259d\u0259r h\u0259r \u015feyin bir dil il\u0259 eyni m\u0259n\u015f\u0259d\u0259n g\u0259ldiyini g\u00f6r\u0259 bil\u0259rsiniz.<\/p>\n\n\n\n<p><br>Bu, b\u00fct\u00fcn dinl\u0259rin v\u0259 dill\u0259rin t\u0259k bir m\u0259nb\u0259d\u0259n qaynaqland\u0131\u011f\u0131n\u0131 g\u00f6st\u0259rir: \u00dcnvan T\u00fcrkl\u0259rdir!<\/p>\n\n\n\n<p>\u0130ngilt\u0259r\u0259d\u0259n Finlandiyaya q\u0259d\u0259r insan adlar\u0131ndan yer adlar\u0131na q\u0259d\u0259r t\u00fcrk m\u0259n\u015f\u0259li s\u00f6zl\u0259r tapa bil\u0259rsiniz. Finlandiyada K\u0131rkp\u0131nar adl\u0131 bir yer var! Urdu (ordu) dilind\u0259 minl\u0259rl\u0259 t\u00fcrk s\u00f6z\u00fc var. Hindistan &#171;\u0130ncil&#187;i say\u0131lan &#171;Mahabharata&#187; \u0259slind\u0259 T\u00fcrkl\u0259rin xatir\u0259l\u0259rind\u0259n b\u0259hs edir.<\/p>\n\n\n\n<p><br>Yunanl\u0131lar\u0131n b\u00f6y\u00fck tanr\u0131s\u0131 Zevsin ad\u0131 da t\u00fcrkd\u00fcr. Q\u00fcds v\u0259 \u0130sa kimi s\u00f6zl\u0259rin m\u0259n\u015f\u0259yi \u0259slind\u0259 t\u00fcrkc\u0259dir v\u0259 \u00fcst\u0259lik qeyd olunan yerl\u0259r \u0259slind\u0259 \u0130sraild\u0259 deyil.<\/p>\n\n\n\n<p><strong>DNK-ya g\u00f6r\u0259 ALTAYDAN G\u018fLD\u0130L\u018fR<\/strong><\/p>\n\n\n\n<p><br>Dig\u0259r t\u0259r\u0259fd\u0259n, bu yax\u0131nlarda Keltl\u0259rin (\u0130rlandiya, Qaliley, \u0130sve\u00e7) DNT -si ara\u015fd\u0131r\u0131ld\u0131 v\u0259 Altaydan g\u0259ldikl\u0259ri s\u00fcbut edildi.<\/p>\n\n\n\n<p><br>Roma \u0130mperatorlu\u011fundan bir ne\u00e7\u0259 il \u0259vv\u0259l burada ya\u015fayan v\u0259 Roman\u0131n qurucular\u0131 say\u0131lan \u0130taliyan\u0131n yerli \u0259halisi Etr\u00fcskl\u0259r, h\u0259tta Finikiyal\u0131lar v\u0259 Vikinql\u0259r d\u0259 t\u00fcrkl\u0259rdir. Estr\u00fcskl\u0259rin DNT &#8212; sinin t\u00fcrkl\u0259rl\u0259 97 faiz eyni oldu\u011fu elmi olaraq s\u00fcbut edilmi\u015fdir. H\u0259m\u00e7inin ara\u015fd\u0131r\u0131lm\u0131\u015f 147 mumiyan\u0131n n\u0259tic\u0259l\u0259rin\u0259 g\u00f6r\u0259, Misir fironlar\u0131n\u0131n DNK-s\u0131 Qafqaz \u0259silli t\u00fcrkl\u0259r oldu\u011fu t\u0259sdiql\u0259ndi.<\/p>\n\n\n\n<p><br>Hal -haz\u0131rda 500 -\u0259 yax\u0131n q\u0259dim \u015f\u0259h\u0259r v\u0259 q\u0259s\u0259b\u0259 ad\u0131 t\u00fcrkc\u0259dir.<\/p>\n\n\n\n<p><br><strong>Al\u0131nt\u0131: M\u00fcz\u0259ff\u0259r \u00c7i\u00e7\u0259k<\/strong><\/p>\n","protected":false},"excerpt":{"rendered":"<p>\u0130LK \u0130NSANLARIN YA\u015eADI\u011eI S\u0130B\u0130R YAYLASI Bir ne\u00e7\u0259 min il \u0259vv\u0259l, Arktika c\u0259nn\u0259tind\u0259 bolluq i\u00e7ind\u0259 ya\u015fayan y\u00fcks\u0259k m\u0259d\u0259niyy\u0259tli insanlar var idi. D\u00fcnyadak\u0131 b\u00fct\u00fcn dinl\u0259r, hans\u0131<\/p>\n","protected":false},"author":2,"featured_media":47266,"comment_status":"closed","ping_status":"closed","sticky":false,"template":"","format":"standard","meta":{"footnotes":""},"categories":[7],"tags":[],"class_list":["post-47264","post","type-post","status-publish","format-standard","has-post-thumbnail","hentry","category-tarix"],"aioseo_notices":[],"_links":{"self":[{"href":"https:\/\/fedai.az\/index.php?rest_route=\/wp\/v2\/posts\/47264","targetHints":{"allow":["GET"]}}],"collection":[{"href":"https:\/\/fedai.az\/index.php?rest_route=\/wp\/v2\/posts"}],"about":[{"href":"https:\/\/fedai.az\/index.php?rest_route=\/wp\/v2\/types\/post"}],"author":[{"embeddable":true,"href":"https:\/\/fedai.az\/index.php?rest_route=\/wp\/v2\/users\/2"}],"replies":[{"embeddable":true,"href":"https:\/\/fedai.az\/index.php?rest_route=%2Fwp%2Fv2%2Fcomments&post=47264"}],"version-history":[{"count":1,"href":"https:\/\/fedai.az\/index.php?rest_route=\/wp\/v2\/posts\/47264\/revisions"}],"predecessor-version":[{"id":47267,"href":"https:\/\/fedai.az\/index.php?rest_route=\/wp\/v2\/posts\/47264\/revisions\/47267"}],"wp:featuredmedia":[{"embeddable":true,"href":"https:\/\/fedai.az\/index.php?rest_route=\/wp\/v2\/media\/47266"}],"wp:attachment":[{"href":"https:\/\/fedai.az\/index.php?rest_route=%2Fwp%2Fv2%2Fmedia&parent=47264"}],"wp:term":[{"taxonomy":"category","embeddable":true,"href":"https:\/\/fedai.az\/index.php?rest_route=%2Fwp%2Fv2%2Fcategories&post=47264"},{"taxonomy":"post_tag","embeddable":true,"href":"https:\/\/fedai.az\/index.php?rest_route=%2Fwp%2Fv2%2Ftags&post=47264"}],"curies":[{"name":"wp","href":"https:\/\/api.w.org\/{rel}","templated":true}]}}