{"id":47278,"date":"2021-09-02T04:44:08","date_gmt":"2021-09-02T00:44:08","guid":{"rendered":"https:\/\/fedai.az\/?p=47278"},"modified":"2021-09-02T04:44:12","modified_gmt":"2021-09-02T00:44:12","slug":"erm%c9%99nil%c9%99r-socar-in-erm%c9%99nistana-g%c9%99lm%c9%99-planindan-yazirlar","status":"publish","type":"post","link":"https:\/\/fedai.az\/?p=47278","title":{"rendered":"Erm\u0259nil\u0259r SOCAR-\u0131n Erm\u0259nistana g\u0259lm\u0259 plan\u0131ndan yaz\u0131rlar"},"content":{"rendered":"\n<p><strong>27 avqustda ke\u00e7iril\u0259n H\u00f6kum\u0259tin iclas\u0131ndan sonra Erm\u0259nistan\u0131n iqtisadiyyat naziri Vaan Kerobyan jurnalistl\u0259rl\u0259 ke\u00e7irdiyi brifinqd\u0259 bildirdi ki, Erm\u0259nistanda \u00fcmumilikd\u0259 60 milyon dollarl\u0131q yeni keyfiyy\u0259t v\u0259 yeni standartlara malik yanacaqdoldurma m\u0259nt\u0259q\u0259l\u0259ri il\u0259 ba\u011fl\u0131 yeni bir investisiya proqram\u0131 m\u00f6vcuddur.<\/strong><\/p>\n\n\n\n<figure class=\"wp-block-image size-large is-resized\"><img loading=\"lazy\" decoding=\"async\" src=\"https:\/\/fedai.az\/wp-content\/uploads\/2021\/09\/default-1.jpg\" alt=\"\" class=\"wp-image-47279\" width=\"888\" height=\"504\" srcset=\"https:\/\/fedai.az\/wp-content\/uploads\/2021\/09\/default-1.jpg 400w, https:\/\/fedai.az\/wp-content\/uploads\/2021\/09\/default-1-300x170.jpg 300w, https:\/\/fedai.az\/wp-content\/uploads\/2021\/09\/default-1-150x85.jpg 150w\" sizes=\"auto, (max-width: 888px) 100vw, 888px\" \/><\/figure>\n\n\n\n<p><br>Yerevan.today x\u0259b\u0259r sayt\u0131 bu bar\u0259d\u0259 yaz\u0131r. \u201cNazirin s\u00f6zl\u0259rin\u0259 g\u00f6r\u0259, investisiyalar G\u00fcrc\u00fcstan t\u0259r\u0259find\u0259n qoyulacaq. D\u00fczd\u00fcr, kimd\u0259n b\u0259hs etdiyini v\u0259 bu s\u0259rmay\u0259l\u0259ri kimin ed\u0259c\u0259yini a\u00e7\u0131qlamad\u0131. Bir ne\u00e7\u0259 m\u00fc\u0259ssis\u0259ni iflasa u\u011fratm\u0131\u015f bir nazir yax\u015f\u0131 bilm\u0259lidir ki, bu q\u0259d\u0259r pulu Erm\u0259nistanda ki\u00e7ik yanacaq bazar\u0131na yat\u0131rmaqla investor bu bazar\u0131 udacaq v\u0259 inhisara \u00e7evril\u0259c\u0259kdir. Ancaq \u0259n ba\u015fl\u0131cas\u0131, hans\u0131 \u015firk\u0259tin bu inhisar\u0131 qurma\u011fa \u00e7al\u0131\u015fmas\u0131d\u0131r. M\u0259tbuat b\u0259zi faktlar\u0131 a\u00e7\u0131qlama\u011f\u0131 bacar\u0131b.<\/p>\n\n\n\n<p><br>X\u00fcsusil\u0259, m\u00fcxt\u0259lif vaxtlarda Rusiya, \u0130sve\u00e7 v\u0259 G\u00fcrc\u00fcstan v\u0259t\u0259nda\u015f\u0131 olan tan\u0131nm\u0131\u015f i\u015f adam\u0131 David Yakoba\u015fvili Erm\u0259nistanda yanacaqdoldurma m\u0259nt\u0259q\u0259l\u0259ri \u015f\u0259b\u0259k\u0259si yaratmaq plan\u0131n\u0131n arxas\u0131nda durur. Yakobashvili G\u00fcrc\u00fcstan\u0131n &#171;Petrocas Energy Group&#187; \u015firk\u0259tinin r\u0259hb\u0259ridir v\u0259 y\u00fck da\u015f\u0131malar\u0131 il\u0259 m\u0259\u015f\u011fuldur. Onun 60 milyon dollarl\u0131q s\u0259rmay\u0259 v\u0259di Erm\u0259nistan benzin v\u0259 dizel yanaca\u011f\u0131 bazar\u0131n\u0131 geni\u015fl\u0259ndirm\u0259k v\u0259 tamamil\u0259 udmaq c\u0259hdi planla\u015fd\u0131rmas\u0131 anlam\u0131na g\u0259lir.<\/p>\n\n\n\n<p><br>Yakoba\u015fvilinin \u015firk\u0259tinin bel\u0259 bir imkana malik oldu\u011funa dair ikinci fikir ola bilm\u0259z. Ancaq bu h\u0259l\u0259 \u0259n pisi deyil. Yakoba\u015fvilinin yanacaq bazar\u0131ndak\u0131 orta\u011f\u0131 Az\u0259rbaycan\u0131n neft \u015firk\u0259ti SOCAR -d\u0131r.<\/p>\n\n\n\n<p><br>Yakoba\u015fvilinin simas\u0131nda SOCAR, t\u0259hl\u00fck\u0259sizlik probleml\u0259rind\u0259n ba\u015fqa, b\u00fct\u00fcn siyasi v\u0259 geosiyasi n\u0259tic\u0259l\u0259ri il\u0259 dolay\u0131 yolla Erm\u0259nistan yanacaq bazar\u0131na girm\u0259k ist\u0259diyin\u0259 dair \u0259sasl\u0131 \u015f\u00fcbh\u0259l\u0259r var. \u00d6z\u00fc d\u0259 b\u00fct\u00fcn bunlar, ist\u0259diyimiz kimi, h\u00f6kum\u0259timizin k\u00f6m\u0259yi il\u0259 edilir v\u0259 b\u00fct\u00fcn bunlar\u0131 \u0259vv\u0259lc\u0259d\u0259n bildiyi halda, m\u0259lum olur ki, Kerobyan \u0259slind\u0259 Erm\u0259nistanda Az\u0259rbaycan-T\u00fcrkiy\u0259 maraqlar\u0131na xidm\u0259t edir. Ancaq ola bilsin ki, onun bu i\u015fd\u0259 \u015f\u0259xsi maraqlar\u0131 var&#187; &#8212; dey\u0259 sayt qeyd edir.<\/p>\n\n\n\n<p><strong>T\u0259rc\u00fcm\u0259: \u018fli N\u0259sib Z\u0259rdabi<\/strong><\/p>\n","protected":false},"excerpt":{"rendered":"<p>27 avqustda ke\u00e7iril\u0259n H\u00f6kum\u0259tin iclas\u0131ndan sonra Erm\u0259nistan\u0131n iqtisadiyyat naziri Vaan Kerobyan jurnalistl\u0259rl\u0259 ke\u00e7irdiyi brifinqd\u0259 bildirdi ki, Erm\u0259nistanda \u00fcmumilikd\u0259 60 milyon dollarl\u0131q yeni keyfiyy\u0259t v\u0259<\/p>\n","protected":false},"author":2,"featured_media":0,"comment_status":"closed","ping_status":"closed","sticky":false,"template":"","format":"standard","meta":{"footnotes":""},"categories":[15],"tags":[],"class_list":["post-47278","post","type-post","status-publish","format-standard","hentry","category-atmaca"],"aioseo_notices":[],"_links":{"self":[{"href":"https:\/\/fedai.az\/index.php?rest_route=\/wp\/v2\/posts\/47278","targetHints":{"allow":["GET"]}}],"collection":[{"href":"https:\/\/fedai.az\/index.php?rest_route=\/wp\/v2\/posts"}],"about":[{"href":"https:\/\/fedai.az\/index.php?rest_route=\/wp\/v2\/types\/post"}],"author":[{"embeddable":true,"href":"https:\/\/fedai.az\/index.php?rest_route=\/wp\/v2\/users\/2"}],"replies":[{"embeddable":true,"href":"https:\/\/fedai.az\/index.php?rest_route=%2Fwp%2Fv2%2Fcomments&post=47278"}],"version-history":[{"count":1,"href":"https:\/\/fedai.az\/index.php?rest_route=\/wp\/v2\/posts\/47278\/revisions"}],"predecessor-version":[{"id":47281,"href":"https:\/\/fedai.az\/index.php?rest_route=\/wp\/v2\/posts\/47278\/revisions\/47281"}],"wp:attachment":[{"href":"https:\/\/fedai.az\/index.php?rest_route=%2Fwp%2Fv2%2Fmedia&parent=47278"}],"wp:term":[{"taxonomy":"category","embeddable":true,"href":"https:\/\/fedai.az\/index.php?rest_route=%2Fwp%2Fv2%2Fcategories&post=47278"},{"taxonomy":"post_tag","embeddable":true,"href":"https:\/\/fedai.az\/index.php?rest_route=%2Fwp%2Fv2%2Ftags&post=47278"}],"curies":[{"name":"wp","href":"https:\/\/api.w.org\/{rel}","templated":true}]}}