{"id":47287,"date":"2021-09-02T11:56:53","date_gmt":"2021-09-02T07:56:53","guid":{"rendered":"https:\/\/fedai.az\/?p=47287"},"modified":"2021-09-02T14:45:55","modified_gmt":"2021-09-02T10:45:55","slug":"erm%c9%99nil%c9%99rin-artsax-sarsaqlamasi-bu-il-bas-tutmadi","status":"publish","type":"post","link":"https:\/\/fedai.az\/?p=47287","title":{"rendered":"Erm\u0259nil\u0259rin &#171;Artsax&#187; sarsaqlamas\u0131 bu il ba\u015f tutmad\u0131"},"content":{"rendered":"\n<p><strong>Bu g\u00fcn qondarma Qaraba\u011fda fa\u015fist-separat\u00e7\u0131 xunta rejiminin yarad\u0131lmas\u0131n\u0131n 30 illiyi il\u0259 ba\u011fl\u0131 Xank\u0259ndi \u015f\u0259h\u0259rind\u0259 he\u00e7 bir bayram t\u0259rdbi ke\u00e7irilm\u0259yib. Erm\u0259ni seqmentinin Telegram kanal\u0131nda \u0130r\u0259vandan 20 n\u0259f\u0259rd\u0259n ibar\u0259t n\u00fcmay\u0259nd\u0259 hey\u0259tinin g\u0259li\u015fi haqda m\u0259lumat verilmi\u015fdi. <\/strong><\/p>\n\n\n\n<p>Sentyabr\u0131n 1 -d\u0259 qondarma milli y\u0131\u011fna\u011f\u0131n s\u0259dri Artur Tovmasyan\u0131n s\u0259drliyi il\u0259 &#171;DQR&#187; m\u00fcst\u0259qilliyinin elan olunmas\u0131n\u0131n 30 illiyin\u0259 h\u0259sr olunmu\u015f x\u00fcsusi iclas ke\u00e7irilib. Bu toplant\u0131da &#171;\u015e\u0259r\u0259fim var\u201d blokunundan Artur Vanetsyan, eyni fraksiyan\u0131n mill\u0259t v\u0259kili Tiqran Abrahamyan, \u201cDir\u00e7\u0259li\u015f Erm\u0259nistan\u201d partiyas\u0131n\u0131n \u00fczvl\u0259ri Armen Rustamyan, Artur Xa\u00e7atryan, Kristine Vardanyan, Arthur Qazinyan, Aqvan Vardanyan i\u015ftirak edibl\u0259r.<\/p>\n\n\n\n<p>Erm\u0259nistan \u0130ctimai Televiziyas\u0131n\u0131n verdiyi x\u0259b\u0259r\u0259 g\u00f6r\u0259, g\u00f6r\u00fc\u015f\u0259 Erm\u0259ni Apostol Kils\u0259sinin &#171;Artsax&#187; Yeparxiyas\u0131n\u0131n lideri, Bi\u015fop Vrtanes Abrahamyan, 4, 5 v\u0259 6 -c\u0131 \u00e7a\u011f\u0131r\u0131\u015f Qarsaba\u011fda erm\u0259ni separat\u00e7\u0131 y\u0131\u011fna\u011f\u0131n\u0131n s\u0259dri olmu\u015f A\u015fot Qulyan, vitse-spiker Ruben Rubinyan\u0131n ba\u015f\u00e7\u0131l\u0131q etdiyi Erm\u0259nistan parlamentinin n\u00fcmay\u0259nd\u0259 hey\u0259ti qat\u0131l\u0131b.G\u00f6r\u00fc\u015fd\u0259 &#171;Hayastan&#187; fraksiyas\u0131ndan t\u0259msil olunan Armen Rustamyan: \u201cBu g\u00fcn\u00fc qeyd etm\u0259k vacibdir. Bu, qon\u015fular\u0131m\u0131za bir mesajd\u0131r: erm\u0259ninin irad\u0259si sars\u0131lmazd\u0131r, yenid\u0259n dir\u00e7\u0259lib s\u0131naqlar\u0131 d\u0259f ed\u0259 bil\u0259rik. Biz vahid bir sistemd\u0259yik. Erm\u0259nistan\u0131n t\u0259hl\u00fck\u0259sizliyi Artsaxla ba\u011fl\u0131d\u0131r. M\u00f6vcud v\u0259ziyy\u0259ti d\u00fczg\u00fcn qiym\u0259tl\u0259ndirm\u0259k v\u0259 itiril\u0259nl\u0259ri b\u0259rpa etm\u0259k \u00fc\u00e7\u00fcn \u00e7ox az vaxt\u0131m\u0131z var&#187; &#8212; dey\u0259 bildirib.<\/p>\n\n\n\n<p>H\u0259tta &#171;\u015e\u0259r\u0259fim var&#187; blokunun \u00fczv\u00fc olan Artur Vanetsyan\u0131n d\u00fcn\u0259nd\u0259n Xank\u0259ndin\u0259 g\u0259lm\u0259sini v\u0259 g\u00f6r\u00fc\u015fl\u0259r ke\u00e7irm\u0259sini yazm\u0131\u015fd\u0131q. Bu g\u00fcn is\u0259 Xank\u0259ndid\u0259n xunta rejimi he\u00e7 bir bayram t\u0259dbiri ke\u00e7irilm\u0259y\u0259c\u0259yi haqda x\u0259b\u0259r yayd\u0131\u011f\u0131 bildirilir.<\/p>\n\n\n\n<p><br>Lakin RF &#171;s\u00fclhm\u0259raml\u0131&#187;lar\u0131n\u0131n Az\u0259rbaycan s\u0259rh\u0259dl\u0259rinin pozulmas\u0131a g\u00f6z yumdu\u011funa g\u00f6r\u0259, \u00f6lk\u0259miz\u0259 qanunsuz soxulmu\u015f Erm\u0259nistan parlamentinin n\u00fcmay\u0259nd\u0259 hey\u0259tinin \u00fczvl\u0259ri m\u00fcharib\u0259d\u0259 g\u0259b\u0259rmi\u015f erm\u0259ni le\u015fl\u0259rinin xatir\u0259sini yad ed\u0259c\u0259kl\u0259r. M\u0259rasim bununla bit\u0259c\u0259yi Rusiya &#171;s\u00fclhm\u0259raml\u0131lar\u0131&#187; il\u0259 raz\u0131la\u015fd\u0131r\u0131l\u0131b&#8230;<\/p>\n\n\n\n<figure class=\"wp-block-gallery columns-3 is-cropped wp-block-gallery-1 is-layout-flex wp-block-gallery-is-layout-flex\"><ul class=\"blocks-gallery-grid\"><li class=\"blocks-gallery-item\"><figure><img decoding=\"async\" src=\"https:\/\/fedai.az\/wp-content\/uploads\/2021\/09\/1062170.jpg\" alt=\"\" data-id=\"47288\" data-link=\"https:\/\/fedai.az\/?attachment_id=47288\" class=\"wp-image-47288\"\/><\/figure><\/li><li class=\"blocks-gallery-item\"><figure><img decoding=\"async\" src=\"https:\/\/fedai.az\/wp-content\/uploads\/2021\/09\/3ca2529a48e4c3707f7a97976e44378b.jpg\" alt=\"\" data-id=\"47289\" data-link=\"https:\/\/fedai.az\/?attachment_id=47289\" class=\"wp-image-47289\"\/><\/figure><\/li><li class=\"blocks-gallery-item\"><figure><img decoding=\"async\" src=\"https:\/\/fedai.az\/wp-content\/uploads\/2021\/09\/rc.thumb_.jpg\" alt=\"\" data-id=\"47290\" data-full-url=\"https:\/\/fedai.az\/wp-content\/uploads\/2021\/09\/rc.thumb_.jpg\" data-link=\"https:\/\/fedai.az\/?attachment_id=47290\" class=\"wp-image-47290\"\/><\/figure><\/li><\/ul><figcaption class=\"blocks-gallery-caption\"><span class=\"has-inline-color has-vivid-red-color\">Bu g\u00fcn erm\u0259nil\u0259r \u00f6z h\u0259yas\u0131zl\u0131qlar\u0131n\u0131n xatir\u0259l\u0259rini payla\u015f\u0131rlar: YADA D\u00dc\u015e\u018fR XAT\u0130R\u018fL\u018fR&#8230;<\/span><\/figcaption><\/figure>\n\n\n\n<p><br>Fakt\u0131 \u00fczd\u0259niraq Arayik Arutyunyan\u0131n \u00f6z Facebook s\u0259hif\u0259sind\u0259 yayd\u0131\u011f\u0131 m\u00fcraci\u0259tin m\u0259tnini t\u0259qdim edirik:<\/p>\n\n\n\n<p><br>&#171;\u018fziz h\u0259mv\u0259t\u0259nl\u0259r!<\/p>\n\n\n\n<p><br>2 sentyabr h\u0259yat\u0131m\u0131z\u0131n \u0259n vacib g\u00fcn\u00fcd\u00fcr. &#171;Da\u011fl\u0131q Qaraba\u011f Respublikas\u0131&#187;, 30 il \u0259vv\u0259l Stepanakertd\u0259 \u00e7a\u011f\u0131r\u0131lan Da\u011fl\u0131q Qaraba\u011f v\u0259 \u015eaumyan rayon Xalq Deputatlar\u0131 sovetinin birg\u0259 iclas\u0131nda elan edildi. D\u00f6vl\u0259t qurma yolunda qazanc v\u0259 itkil\u0259rimiz oldu.<br>V\u0259t\u0259n u\u011frunda \u00f6l\u0259nl\u0259rin xatir\u0259si qar\u015f\u0131s\u0131nda ba\u015f \u0259yir\u0259m. \u0130nsan itkil\u0259ri \u0259v\u0259zolunmazd\u0131r, eyni zamanda biz buna m\u0259cburuq. Tarixi bir m\u0259suliyy\u0259timiz var: \u00f6z v\u0259t\u0259nimizd\u0259 ya\u015famaq v\u0259 yaratmaq, milli d\u0259y\u0259rl\u0259rimizi v\u0259 beyn\u0259lxalq s\u0259viyy\u0259d\u0259 tan\u0131nm\u0131\u015f h\u00fcquqlar\u0131m\u0131z\u0131 r\u0259hb\u0259r tutaraq &#171;Artsax Respublikas\u0131&#187; qurmaq. Respublika g\u00fcn\u00fcn\u00fcz m\u00fcbar\u0259k!&#187;<\/p>\n\n\n\n<p><br>Erm\u0259nistan\u0131n itmi\u015f prezidenti Armen Sarkisyan da t\u0259brik m\u0259tni yay\u0131nlay\u0131b v\u0259 t\u0259briki bu s\u00f6zl\u0259rl\u0259 bitirib: &#171;Ortaq erm\u0259ni m\u0259s\u0259l\u0259sind\u0259 yan\u0131lma\u011fa bir daha haqq\u0131m\u0131z yoxdur&#187;.<\/p>\n\n\n\n<p><br><strong>Bel\u0259likl\u0259, erm\u0259ni arzular\u0131 &#171;yek\u0259 Erm\u0259nistan&#187; adl\u0131 x\u00fclyan\u0131n bir hiss\u0259si olaraq tarix\u0259 k\u00f6m\u00fcl\u00fcr&#8230;<\/strong><\/p>\n\n\n\n<p><strong>Erm\u0259nil\u0259r Amerikada bir &#171;Karda\u015fyan Respublikas\u0131&#187; n\u0259 \u0259c\u0259b yaratm\u0131rlar?<\/strong><\/p>\n\n\n\n<p><strong>AVMV\u0130B M\u0259tbuat Xidm\u0259ti<\/strong><\/p>\n","protected":false},"excerpt":{"rendered":"<p>Bu g\u00fcn qondarma Qaraba\u011fda fa\u015fist-separat\u00e7\u0131 xunta rejiminin yarad\u0131lmas\u0131n\u0131n 30 illiyi il\u0259 ba\u011fl\u0131 Xank\u0259ndi \u015f\u0259h\u0259rind\u0259 he\u00e7 bir bayram t\u0259rdbi ke\u00e7irilm\u0259yib. Erm\u0259ni seqmentinin Telegram kanal\u0131nda \u0130r\u0259vandan<\/p>\n","protected":false},"author":2,"featured_media":0,"comment_status":"closed","ping_status":"closed","sticky":false,"template":"","format":"standard","meta":{"footnotes":""},"categories":[3],"tags":[],"class_list":["post-47287","post","type-post","status-publish","format-standard","hentry","category-gundm"],"aioseo_notices":[],"_links":{"self":[{"href":"https:\/\/fedai.az\/index.php?rest_route=\/wp\/v2\/posts\/47287","targetHints":{"allow":["GET"]}}],"collection":[{"href":"https:\/\/fedai.az\/index.php?rest_route=\/wp\/v2\/posts"}],"about":[{"href":"https:\/\/fedai.az\/index.php?rest_route=\/wp\/v2\/types\/post"}],"author":[{"embeddable":true,"href":"https:\/\/fedai.az\/index.php?rest_route=\/wp\/v2\/users\/2"}],"replies":[{"embeddable":true,"href":"https:\/\/fedai.az\/index.php?rest_route=%2Fwp%2Fv2%2Fcomments&post=47287"}],"version-history":[{"count":4,"href":"https:\/\/fedai.az\/index.php?rest_route=\/wp\/v2\/posts\/47287\/revisions"}],"predecessor-version":[{"id":47318,"href":"https:\/\/fedai.az\/index.php?rest_route=\/wp\/v2\/posts\/47287\/revisions\/47318"}],"wp:attachment":[{"href":"https:\/\/fedai.az\/index.php?rest_route=%2Fwp%2Fv2%2Fmedia&parent=47287"}],"wp:term":[{"taxonomy":"category","embeddable":true,"href":"https:\/\/fedai.az\/index.php?rest_route=%2Fwp%2Fv2%2Fcategories&post=47287"},{"taxonomy":"post_tag","embeddable":true,"href":"https:\/\/fedai.az\/index.php?rest_route=%2Fwp%2Fv2%2Ftags&post=47287"}],"curies":[{"name":"wp","href":"https:\/\/api.w.org\/{rel}","templated":true}]}}