{"id":47298,"date":"2021-09-02T14:21:33","date_gmt":"2021-09-02T10:21:33","guid":{"rendered":"https:\/\/fedai.az\/?p=47298"},"modified":"2021-09-02T14:32:36","modified_gmt":"2021-09-02T10:32:36","slug":"molla-p%c9%99nah-vaqifin-m%c9%99qb%c9%99r%c9%99sinin-susada-ucaldilmasi-q%c9%99rarini-ulu-ond%c9%99r-heyd%c9%99r-%c9%99liyev-vermisdir","status":"publish","type":"post","link":"https:\/\/fedai.az\/?p=47298","title":{"rendered":"Molla P\u0259nah Vaqifin m\u0259qb\u0259r\u0259sinin \u015eu\u015fada ucald\u0131lmas\u0131 q\u0259rar\u0131n\u0131 Ulu \u00d6nd\u0259r Heyd\u0259r \u018fliyev vermi\u015fdir"},"content":{"rendered":"\n<p><strong>Bildiyimiz kimi, Ulu \u00d6nd\u0259rin t\u0259\u015f\u0259bb\u00fcs\u00fc il\u0259 1982-ci il yanvar\u0131n 14-d\u0259 \u015eu\u015fada qarl\u0131, \u015faxtal\u0131 havada bu m\u0259qb\u0259r\u0259nin a\u00e7\u0131l\u0131\u015f\u0131 olmu\u015fdur. Bu, s\u0131radan olan hadis\u0259 deyildi, \u00e7\u00fcnki o vaxt \u015eu\u015fa Da\u011fl\u0131q Qaraba\u011f Muxtar Vilay\u0259tinin bir hiss\u0259si idi. Uzun ill\u0259r erm\u0259nil\u0259r \u015eu\u015faya iddia edirdil\u0259r, \u015eu\u015fan\u0131 erm\u0259ni \u015f\u0259h\u0259ri kimi q\u0259l\u0259m\u0259 verm\u0259y\u0259 \u00e7al\u0131\u015f\u0131rd\u0131lar. Halbuki, bunun \u00fc\u00e7\u00fcn he\u00e7 bir tarixi, m\u0259d\u0259ni \u0259sas yox idi. Onu da n\u0259z\u0259r\u0259 almal\u0131y\u0131q ki, Molla P\u0259nah Vaqif t\u0259kc\u0259 \u015fair yox, eyni zamanda, Qaraba\u011f xan\u0131n\u0131n v\u0259ziri idi. <\/strong><\/p>\n\n\n\n<p>Sovet d\u00f6vr\u00fcnd\u0259 sovet ideologiyas\u0131, sovet h\u00f6kum\u0259tinin tarixl\u0259 ba\u011fl\u0131 yana\u015fmas\u0131 bel\u0259 idi ki, xanl\u0131qlar tarixin qara l\u0259k\u0259si kimi q\u0259l\u0259m\u0259 verilirdi. B\u00fct\u00fcn bunlara baxmayaraq, Ulu \u00d6nd\u0259rin irad\u0259si v\u0259 q\u0259tiyy\u0259ti n\u0259tic\u0259sind\u0259 bu m\u0259qb\u0259r\u0259 ucald\u0131lm\u0131\u015fd\u0131r v\u0259 bir daha \u015eu\u015fan\u0131n Az\u0259rbaycan \u015f\u0259h\u0259ri kimi t\u0259sdiqi \u00f6z yerini tapm\u0131\u015fd\u0131r. Apar\u0131lan quruculuq i\u015fl\u0259ri \u015eu\u015fan\u0131n m\u0259d\u0259ni h\u0259yat\u0131n\u0131 b\u0259rpa etdi. 39 il \u0259vv\u0259l \u015eu\u015fada Ulu \u00d6nd\u0259rin i\u015ftirak\u0131 il\u0259 Vaqifin m\u0259qb\u0259r\u0259si a\u00e7\u0131lm\u0131\u015fd\u0131. Erm\u0259ni vandalizminin n\u0259tic\u0259sind\u0259 da\u011f\u0131d\u0131lm\u0131\u015f m\u0259qb\u0259r\u0259nin b\u0259rpas\u0131n\u0131 Heyd\u0259r \u018fliyev Fondu \u00f6z \u00fcz\u0259rin\u0259 g\u00f6t\u00fcrd\u00fc. Vaqif Poeziya G\u00fcnl\u0259ri d\u0259 b\u0259rpa edildi, \u201cXar\u0131b\u00fclb\u00fcl\u201d festival\u0131 da b\u0259rpa edildi. Bu ilin may ay\u0131nda biz \u00e7ox b\u00f6y\u00fck co\u015fqu il\u0259 bu festival\u0131 ke\u00e7irdik v\u0259 bu tarixi b\u0259rpa etdik. 7 ay \u0259rzind\u0259 art\u0131q \u00e7ox b\u00f6y\u00fck i\u015fl\u0259r g\u00f6r\u00fcl\u00fcb. <\/p>\n\n\n\n<p>M\u0259d\u0259ni irs\u0259 v\u0259 milli t\u0259f\u0259kk\u00fcr\u0259 ehtiram\u0131n t\u0259zah\u00fcr\u00fc. 2021-ci il 30 avqust tarixind\u0259 \u015eu\u015fada b\u00f6y\u00fck Az\u0259rbaycan \u015fairi, d\u00f6vl\u0259t xadimi, Qaraba\u011f xan\u0131n\u0131n v\u0259ziri Molla P\u0259nah Vaqifin m\u0259qb\u0259r\u0259sinin \u00f6n\u00fcnd\u0259 Vaqif Poeziya G\u00fcnl\u0259rinin a\u00e7\u0131l\u0131\u015f\u0131 ke\u00e7irildi. Bu t\u0259dbir \u00f6lk\u0259nin h\u0259yat\u0131nda \u0259lam\u0259tdar hadis\u0259 kimi qeyd olunmal\u0131d\u0131r. \u015eu\u015fan\u0131n b\u0259rpas\u0131 yanvar\u0131n 14-d\u0259 ba\u015flad\u0131 v\u0259 q\u0131sa m\u00fcdd\u0259t \u0259rzind\u0259 b\u00f6y\u00fck i\u015fl\u0259r g\u00f6r\u00fcld\u00fc. \u0130lk n\u00f6vb\u0259d\u0259, yol \u00e7\u0259kildi. Z\u0259f\u0259r yolu art\u0131q inki\u015faf\u0131n v\u0259 azad olunmu\u015f torpaqlara h\u0259yat\u0131n qaytar\u0131lmas\u0131n\u0131n r\u0259mzin\u0259 \u00e7evrilib. Magistral yol da \u00e7\u0259kilir. F\u00fczuli \u015f\u0259h\u0259rind\u0259n tunell\u0259r daxil olmaqla, magistral yol tikilir, daha q\u0131sa yol olacaq. \u015eu\u015fan\u0131n elektrik t\u0259s\u0259rr\u00fcfat\u0131 b\u0259rpa edildi, buraya y\u00fcks\u0259kg\u0259rginlikli x\u0259tl\u0259r F\u00fczulid\u0259n \u00e7\u0259kildi, yar\u0131mstansiya tikildi. \u015eu\u015faya suyun verilm\u0259si b\u0259rpa olundu. \u0130ndi iki m\u0259nb\u0259d\u0259n \u015eu\u015faya su g\u0259lir. \u015eu\u015fan\u0131n tarixi abid\u0259l\u0259rinin b\u0259rpas\u0131na start verildi. \u00dc\u00e7 m\u0259scidd\u0259 t\u0259mir-b\u0259rpa i\u015fl\u0259ri gedir. Yuxar\u0131 G\u00f6vh\u0259ra\u011fa m\u0259scidinin t\u0259miri dem\u0259k olar ki, bitm\u0259k \u00fczr\u0259dir. Saatl\u0131 v\u0259 A\u015fa\u011f\u0131 G\u00f6vh\u0259ra\u011fa m\u0259scidl\u0259rinin t\u0259miri il\u0259 ba\u011fl\u0131 g\u00f6st\u0259ri\u015fl\u0259r verildi. <\/p>\n\n\n\n<p>Bu m\u0259scidl\u0259rin t\u0259mirini yen\u0259 d\u0259 Heyd\u0259r \u018fliyev Fondu \u00f6z \u00fcz\u0259rin\u0259 g\u00f6t\u00fcrm\u00fc\u015fd\u00fcr. Nat\u0259van bula\u011f\u0131 b\u0259rpa edildi, indi su g\u0259lir. \u201cXar\u0131b\u00fclb\u00fcl\u201d hoteli istifad\u0259y\u0259 verildi, art\u0131q may-iyun aylar\u0131nda ilk qonaqlar\u0131n\u0131 q\u0259bul etdi. \u015eu\u015faya tam m\u0259nada z\u0259ngin h\u0259yat\u0131 qaytarmaq \u00fc\u00e7\u00fcn b\u00fct\u00fcn z\u0259ruri add\u0131mlar at\u0131l\u0131r. Erm\u0259nil\u0259r t\u0259r\u0259find\u0259n g\u00fcll\u0259baran edilmi\u015f dahi \u015f\u0259xsiyy\u0259tl\u0259rimizin \u2013 Nat\u0259van\u0131n, \u00dczeyir Hac\u0131b\u0259ylinin, B\u00fclb\u00fcl\u00fcn b\u00fcstl\u0259ri g\u0259tirildi v\u0259 m\u0259rk\u0259zi meydanda qoyuldu. Vaqifin m\u0259qb\u0259r\u0259si, Vaqifin b\u00fcst\u00fc yenid\u0259n a\u00e7\u0131ld\u0131, \u00dczeyir Hac\u0131b\u0259ylinin abid\u0259si yenid\u0259n qoyuldu. \u00dczeyir Hac\u0131b\u0259ylinin da\u011f\u0131d\u0131lm\u0131\u015f evinin b\u0259rpas\u0131 il\u0259 ba\u011fl\u0131 g\u00f6st\u0259ri\u015f verildi. \u201cQaraba\u011f\u201d hoteli \u0259sasl\u0131 t\u0259mird\u0259n sonra \u00f6z qap\u0131lar\u0131n\u0131 yenid\u0259n qonaqlar\u0131n \u00fcz\u00fcn\u0259 a\u00e7d\u0131. \u015eu\u015fada yeni be\u015fulduzlu hotel in\u015fa olunacaq. Orada 150 otaq olacaq. Haz\u0131rda \u015eu\u015fada \u201cQaraba\u011f\u201d v\u0259 \u201cXar\u0131b\u00fclb\u00fcl\u201d hotell\u0259rind\u0259 150 otaq m\u00f6vcuddur, <\/p>\n\n\n\n<p>300 otaq, b\u00f6y\u00fck konfrans zal\u0131 v\u0259 t\u0259dbirl\u0259r \u00fc\u00e7\u00fcn yerl\u0259r olacaqd\u0131r. M\u0259nfur d\u00fc\u015fm\u0259n \u201cDa\u011fl\u0131q Qaraba\u011f Respublikas\u0131\u201dn\u0131n qondarma parlamenti \u00fc\u00e7\u00fcn bina in\u015fa etm\u0259k ist\u0259diyi yerd\u0259 be\u015fulduzlu hotel in\u015fa olunacaqd\u0131r. Yeni ya\u015fay\u0131\u015f kompleksinin t\u0259m\u0259li qoyuldu. \u015eu\u015fa Az\u0259rbaycan \u015f\u0259h\u0259ridir. \u015eu\u015fa Az\u0259rbaycan m\u0259d\u0259niyy\u0259tinin be\u015fiyidir. \u015eu\u015fan\u0131n t\u0259m\u0259lini 1752-ci ild\u0259 P\u0259nah\u0259li xan qoymu\u015fdur v\u0259 g\u0259l\u0259n il biz \u015eu\u015fan\u0131n 270-ci ild\u00f6n\u00fcm\u00fcn\u00fc t\u0259nt\u0259n\u0259li \u015f\u0259kild\u0259 qeyd ed\u0259c\u0259yik. \u0130\u015f\u011fala baxmayaraq, \u015eu\u015fa Az\u0259rbaycan ruhunu saxlaya bildi. \u015eu\u015faya g\u0259l\u0259n h\u0259r bir insan bunu g\u00f6r\u00fcr. H\u0259tta da\u011f\u0131lm\u0131\u015f v\u0259ziyy\u0259td\u0259, h\u0259tta i\u015f\u011fal d\u00f6vr\u00fcnd\u0259 vandalizm\u0259 m\u0259ruz qalm\u0131\u015f \u015f\u0259kild\u0259 \u015eu\u015fa \u00f6z ruhunu, \u00f6z qam\u0259tini saxlaya bildi, \u0259yilm\u0259di, s\u0131nmad\u0131, bizi g\u00f6zl\u0259di. <\/p>\n\n\n\n<p>Bu g\u00fcn Az\u0259rbaycan \u00f6z\u00fcn\u00fcn yeni inki\u015faf m\u0259rh\u0259l\u0259sind\u0259dir. 30 il\u0259 yax\u0131n davam ed\u0259n dan\u0131\u015f\u0131qlar prosesinin he\u00e7 bir n\u0259tic\u0259si olmad\u0131. \u0130ndiki hadis\u0259l\u0259rin gedi\u015fat\u0131, \u0130kinci Qaraba\u011f m\u00fcharib\u0259sind\u0259ki d\u00f6vr v\u0259 beyn\u0259lxalq g\u00fccl\u0259rin h\u0259r\u0259k\u0259tl\u0259ri onu g\u00f6st\u0259rir ki, bu m\u0259s\u0259l\u0259 he\u00e7 vaxt dan\u0131\u015f\u0131qlar yolu il\u0259 \u00f6z h\u0259llini tapa bilm\u0259zdi. \u00c7\u00fcnki bizi, az\u0259rbaycanl\u0131lar\u0131 bu v\u0259ziyy\u0259tl\u0259 bar\u0131\u015fd\u0131rmaq ist\u0259yirdil\u0259r. Bu v\u0259ziyy\u0259ti, y\u0259ni, dondurulmu\u015f m\u00fcnaqi\u015f\u0259ni alternativsiz bir variant kimi t\u0259qdim etm\u0259y\u0259 \u00e7al\u0131\u015f\u0131rd\u0131lar.&nbsp; 44 g\u00fcnl\u00fck V\u0259t\u0259n m\u00fcharib\u0259si bizim \u015fanl\u0131 tariximizdir. Bu tarix \u0259b\u0259di ya\u015fayacaq, \u00e7\u00fcnki bu Q\u0259l\u0259b\u0259 tarixd\u0259 b\u0259nz\u0259ri olmayan q\u0259l\u0259b\u0259dir. Az\u0259rbaycan xalq\u0131 buna layiq idi v\u0259 biz Q\u0259l\u0259b\u0259 \u0259ld\u0259 ed\u0259r\u0259k d\u00fc\u015fm\u0259ni \u00f6z do\u011fma diyar\u0131m\u0131zdan qovduq, \u015f\u0259h\u0259rl\u0259rimizi azad etdik, do\u011fma \u015eu\u015fam\u0131z\u0131 azad etdik. \u015eu\u015fal\u0131lar \u015eu\u015faya qay\u0131d\u0131rlar. \u015eu\u015fan\u0131n ba\u015f plan\u0131 \u0259sas\u0131nda birinci m\u0259rh\u0259l\u0259d\u0259 25 ya\u015fay\u0131\u015f binas\u0131n\u0131n in\u015fas\u0131 n\u0259z\u0259rd\u0259 tutulur. <\/p>\n\n\n\n<p>\u00dc\u00e7, d\u00f6rd v\u0259 be\u015fm\u0259rt\u0259b\u0259li ya\u015fay\u0131\u015f binalar\u0131 ki, v\u0259t\u0259nda\u015flar art\u0131q \u015eu\u015faya qay\u0131tma\u011fa ba\u015flas\u0131nlar. Bu kompleks t\u0259dbirl\u0259r onu g\u00f6st\u0259rir ki, \u015eu\u015fan\u0131n dir\u00e7\u0259ldilm\u0259si s\u00fcr\u0259tl\u0259 gedir v\u0259 \u015fu\u015fal\u0131lar \u015eu\u015faya qay\u0131d\u0131rlar. H\u0259m qrup-qrup \u00f6z do\u011fma \u015f\u0259h\u0259rin\u0259 g\u0259lib ziyar\u0259t edirl\u0259r, eyni zamanda, burada art\u0131q a\u00e7\u0131lm\u0131\u015f obyektl\u0259rd\u0259 \u015fu\u015fal\u0131lar i\u015fl\u0259 t\u0259min edilir. Az\u0259rbaycan tarixinin qara s\u0259hif\u0259si art\u0131q arxada qald\u0131 v\u0259 biz yenid\u0259n n\u0259f\u0259s alma\u011fa ba\u015flam\u0131\u015f\u0131q. D\u00f6z\u00fcm, s\u0259bir, \u0259dal\u0259t\u0259 inam Az\u0259rbaycan xalq\u0131n\u0131 Q\u0259l\u0259b\u0259y\u0259 g\u0259tirdi. \u015eu\u015fa art\u0131q azadd\u0131r. Biz azad \u015eu\u015fada h\u0259yat\u0131 dir\u00e7\u0259ldirik. \u015eu\u015fada festivallar, poeziya g\u00fcnl\u0259ri, m\u0259d\u0259ni t\u0259dbirl\u0259r v\u0259 bir \u00e7ox ba\u015fqa t\u0259dbirl\u0259r art\u0131q ke\u00e7irilir v\u0259 ke\u00e7iril\u0259c\u0259kdir. H\u0259r k\u0259s\u0259 m\u0259lumdur ki, \u015eu\u015fan\u0131n strateji \u0259h\u0259miyy\u0259ti \u00e7ox b\u00f6y\u00fckd\u00fcr. \u015eu\u015fan\u0131n i\u015f\u011fal\u0131 xalq\u0131m\u0131z\u0131n b\u00f6y\u00fck faci\u0259si idi. \u015eu\u015fa i\u015f\u011fala m\u0259ruz qalandan sonra b\u00fct\u00fcn tarixi abid\u0259l\u0259r, m\u0259d\u0259ni abid\u0259l\u0259r, o c\u00fcml\u0259d\u0259n Vaqifin m\u0259qb\u0259r\u0259si vandallar t\u0259r\u0259find\u0259n da\u011f\u0131d\u0131lm\u0131\u015fd\u0131r. \u015eu\u015fa Az\u0259rbaycan m\u0259d\u0259niyy\u0259tinin oca\u011f\u0131d\u0131r. \u015eu\u015fan\u0131n Az\u0259rbaycan tarixind\u0259 \u00e7ox b\u00f6y\u00fck r\u0259mzi m\u0259nas\u0131 var. \u015eu\u015fa Qaraba\u011f\u0131n tac\u0131d\u0131r. <\/p>\n\n\n\n<p>T\u0259\u0259ss\u00fcfl\u0259r olsun ki, \u015eu\u015fan\u0131n i\u015f\u011fal\u0131ndan sonra dig\u0259r rayonlar, dig\u0259r \u015f\u0259h\u0259rl\u0259r i\u015f\u011fala m\u0259ruz qald\u0131. \u015eu\u015fan\u0131n itirilm\u0259si dig\u0259r rayonlar\u0131n itirilm\u0259sin\u0259 t\u0259kan verdi. \u015eu\u015fan\u0131n strateji \u0259h\u0259miyy\u0259ti bizim \u00fc\u00e7\u00fcn itirilmi\u015f oldu v\u0259 d\u00fc\u015fm\u0259n bundan istifad\u0259 ed\u0259r\u0259k, bir ne\u00e7\u0259 g\u00fcn sonra \u2013 1992-ci ilin may\u0131nda La\u00e7\u0131n\u0131 da i\u015f\u011fal etdi. Ondan bir il sonra \u2013 1993-c\u00fc ilin aprelind\u0259 K\u0259lb\u0259c\u0259ri i\u015f\u011fal etdi v\u0259 bel\u0259likl\u0259, Da\u011fl\u0131q Qaraba\u011f Muxtar Vilay\u0259ti il\u0259 Erm\u0259nistan aras\u0131nda co\u011frafi ba\u011flant\u0131 yarad\u0131ld\u0131. Bizim m\u0259\u011flubiyy\u0259timizin qa\u00e7\u0131lmaz olmas\u0131 g\u00f6z qaba\u011f\u0131nda idi, n\u0259z\u0259r\u0259 alsaq ki, o vaxt Az\u0259rbaycanda h\u0259rc-m\u0259rclik d\u00f6vr\u00fc idi, nizami ordu yox idi, v\u0259t\u0259nda\u015f qar\u015f\u0131durmas\u0131 ba\u015f vermi\u015fdi. Ancaq biz Az\u0259rbaycan xalq\u0131 olaraq he\u00e7 vaxt bu i\u015f\u011falla bar\u0131\u015fmaq fikrind\u0259 deyildik. Bu g\u00fcn \u015eu\u015fa art\u0131q azadd\u0131r, bu, h\u0259qiq\u0259tdir. Da\u011fl\u0131q Qaraba\u011fda v\u0259 \u0259traf rayonlarda qazan\u0131lm\u0131\u015f b\u00f6y\u00fck Z\u0259f\u0259r m\u0259hz Az\u0259rbaycan namin\u0259, Az\u0259rbaycan\u0131n b\u00fct\u00f6vl\u00fcy\u00fc u\u011frunda apar\u0131lan m\u00fcharib\u0259nin parlaq h\u0259rbi-siyasi yekunu, m\u00f6ht\u0259\u015f\u0259m n\u0259tic\u0259sidir. Ona g\u00f6r\u0259 d\u0259 bu m\u00fcharib\u0259 haql\u0131 olaraq xarakteri etibaril\u0259 V\u0259t\u0259n m\u00fcharib\u0259si adland\u0131r\u0131l\u0131r. Bu m\u00fcharib\u0259nin qalibl\u0259ri Ali Ba\u015f Komandan Az\u0259rbaycan Respublikas\u0131n\u0131n Prezidenti \u0130lham \u018fliyev v\u0259 m\u00fcz\u0259ff\u0259r Az\u0259rbaycan Ordusu, Az\u0259rbaycan \u0259sg\u0259ridir. <\/p>\n\n\n\n<p>Erm\u0259nistan t\u0259r\u0259find\u0259n i\u015f\u011fal olunmu\u015f Az\u0259rbaycan \u0259razil\u0259rinin d\u00fc\u015fm\u0259n \u0259sar\u0259tind\u0259n xilas edilm\u0259sinin ilkin t\u0259m\u0259li is\u0259, m\u0259hz xalq\u0131m\u0131z\u0131n \u00dcmummilli Lideri Heyd\u0259r \u018fliyev t\u0259r\u0259find\u0259n qoyulmu\u015fdur. Bel\u0259 ki, Ulu \u00d6nd\u0259r Heyd\u0259r \u018fliyev m\u00fcst\u0259qil Az\u0259rbaycan Respublikas\u0131n\u0131n r\u0259hb\u0259ri kimi i\u015ftirak etdiyi b\u00fct\u00fcn beyn\u0259lxalq t\u0259dbirl\u0259rd\u0259ki \u00e7\u0131x\u0131\u015flar\u0131nda Da\u011fl\u0131q Qaraba\u011f\u0131n xalq\u0131m\u0131za m\u0259xsus olmas\u0131n\u0131 b\u0259yan etmi\u015f, bu m\u00fcnaqi\u015f\u0259nin ilk n\u00f6vb\u0259d\u0259 s\u00fclh yolu il\u0259, dan\u0131\u015f\u0131qlar vasit\u0259sil\u0259 h\u0259ll olunmas\u0131na t\u0259r\u0259fdar oldu\u011funu, dialoqla tarixi \u0259dal\u0259ti b\u0259rpa etm\u0259y\u0259 s\u0259y g\u00f6st\u0259rdiyini bildirs\u0259 d\u0259, m\u00fcharib\u0259 yolu il\u0259 d\u0259 q\u0259l\u0259b\u0259y\u0259 nail olmaq variant\u0131n\u0131 n\u0259z\u0259r\u0259 \u00e7atd\u0131rm\u0131\u015fd\u0131r.<\/p>\n\n\n\n<figure class=\"wp-block-image size-large is-resized\"><img loading=\"lazy\" decoding=\"async\" src=\"https:\/\/fedai.az\/wp-content\/uploads\/2021\/09\/240976301_558293075587572_3061807761983310006_n-768x1024.jpg\" alt=\"\" class=\"wp-image-47299\" width=\"894\" height=\"1192\" srcset=\"https:\/\/fedai.az\/wp-content\/uploads\/2021\/09\/240976301_558293075587572_3061807761983310006_n-768x1024.jpg 768w, https:\/\/fedai.az\/wp-content\/uploads\/2021\/09\/240976301_558293075587572_3061807761983310006_n-225x300.jpg 225w, https:\/\/fedai.az\/wp-content\/uploads\/2021\/09\/240976301_558293075587572_3061807761983310006_n-113x150.jpg 113w, https:\/\/fedai.az\/wp-content\/uploads\/2021\/09\/240976301_558293075587572_3061807761983310006_n.jpg 810w\" sizes=\"auto, (max-width: 894px) 100vw, 894px\" \/><\/figure>\n\n\n\n<p><strong>&nbsp;H\u00f6rm\u0259tl\u0259,<\/strong> <strong>M\u00fc\u015ffiq \u018fliyev<\/strong><\/p>\n\n\n\n<p><strong>&nbsp;<em>Az\u0259rbaycan Respublikas\u0131 \u015e\u0259hid Ail\u0259l\u0259rin\u0259 \u201cQay\u011f\u0131\u201d C\u0259miyy\u0259tinin s\u0259dri, Az\u0259rbaycan V\u0259t\u0259n M\u00fcharib\u0259si Veteranlar\u0131 \u0130ctimai Birliyi S\u0259drinin humanitar m\u0259s\u0259l\u0259l\u0259r \u00fczr\u0259 s\u0259lahiyy\u0259tli n\u00fcmay\u0259nd\u0259si<\/em><\/strong><\/p>\n\n\n\n<p>&nbsp;&nbsp;<strong>BAKI \u015e\u018fH\u018fR\u0130, X\u018fZ\u018fR RAYON SAK\u0130N\u0130<\/strong><\/p>\n","protected":false},"excerpt":{"rendered":"<p>Bildiyimiz kimi, Ulu \u00d6nd\u0259rin t\u0259\u015f\u0259bb\u00fcs\u00fc il\u0259 1982-ci il yanvar\u0131n 14-d\u0259 \u015eu\u015fada qarl\u0131, \u015faxtal\u0131 havada bu m\u0259qb\u0259r\u0259nin a\u00e7\u0131l\u0131\u015f\u0131 olmu\u015fdur. Bu, s\u0131radan olan hadis\u0259 deyildi, \u00e7\u00fcnki<\/p>\n","protected":false},"author":2,"featured_media":46999,"comment_status":"closed","ping_status":"closed","sticky":false,"template":"","format":"standard","meta":{"footnotes":""},"categories":[3],"tags":[],"class_list":["post-47298","post","type-post","status-publish","format-standard","has-post-thumbnail","hentry","category-gundm"],"aioseo_notices":[],"_links":{"self":[{"href":"https:\/\/fedai.az\/index.php?rest_route=\/wp\/v2\/posts\/47298","targetHints":{"allow":["GET"]}}],"collection":[{"href":"https:\/\/fedai.az\/index.php?rest_route=\/wp\/v2\/posts"}],"about":[{"href":"https:\/\/fedai.az\/index.php?rest_route=\/wp\/v2\/types\/post"}],"author":[{"embeddable":true,"href":"https:\/\/fedai.az\/index.php?rest_route=\/wp\/v2\/users\/2"}],"replies":[{"embeddable":true,"href":"https:\/\/fedai.az\/index.php?rest_route=%2Fwp%2Fv2%2Fcomments&post=47298"}],"version-history":[{"count":2,"href":"https:\/\/fedai.az\/index.php?rest_route=\/wp\/v2\/posts\/47298\/revisions"}],"predecessor-version":[{"id":47314,"href":"https:\/\/fedai.az\/index.php?rest_route=\/wp\/v2\/posts\/47298\/revisions\/47314"}],"wp:featuredmedia":[{"embeddable":true,"href":"https:\/\/fedai.az\/index.php?rest_route=\/wp\/v2\/media\/46999"}],"wp:attachment":[{"href":"https:\/\/fedai.az\/index.php?rest_route=%2Fwp%2Fv2%2Fmedia&parent=47298"}],"wp:term":[{"taxonomy":"category","embeddable":true,"href":"https:\/\/fedai.az\/index.php?rest_route=%2Fwp%2Fv2%2Fcategories&post=47298"},{"taxonomy":"post_tag","embeddable":true,"href":"https:\/\/fedai.az\/index.php?rest_route=%2Fwp%2Fv2%2Ftags&post=47298"}],"curies":[{"name":"wp","href":"https:\/\/api.w.org\/{rel}","templated":true}]}}